{"id":4687,"date":"2024-12-18T09:43:25","date_gmt":"2024-12-18T09:43:25","guid":{"rendered":"https:\/\/koff.swisspeace.ch\/apropos\/?p=4687"},"modified":"2024-12-18T09:43:25","modified_gmt":"2024-12-18T09:43:25","slug":"women-speak-der-gelebte-nexus-zwischen-klima-gender-und-sicherheit","status":"publish","type":"post","link":"https:\/\/koff.swisspeace.ch\/apropos\/4687\/women-speak-der-gelebte-nexus-zwischen-klima-gender-und-sicherheit\/","title":{"rendered":"Women Speak \u2013 Der gelebte Nexus zwischen Klima, Gender und Sicherheit"},"content":{"rendered":"\n<p><strong>Der Klimawandel stellt eine erhebliche Bedrohung f\u00fcr die Sicherheit von Frauen dar. Seine Auswirkungen \u2013 von Umweltzerst\u00f6rung bis zur Demolierung von Lebensgrundlagen \u2013 hindern Bem\u00fchungen zur Schaffung oder Festigung von Frieden und Stabilit\u00e4t. Dar\u00fcber werden Spannungen zwischen Bev\u00f6lkerungsgruppen versch\u00e4rft, was zu einer Verl\u00e4ngerung der Konflikte f\u00fchren kann. Der Klimawandel trifft nicht nur Frauen in unverh\u00e4ltnism\u00e4ssig hohem Masse, sondern verst\u00e4rkt auch bereits bestehende strukturelle und soziale Ungleichheiten. Gemeinschaften sind weniger in der Lage, sich an den Klimawandel anzupassen und ihm standzuhalten, wenn es geschlechtsspezifische Ungleichheiten gibt oder sie darauf zur\u00fcckzuf\u00fchren sind. Eine wirksame Politik und Programmplanung im Bereich Klima und Sicherheit muss daher mit einer geschlechtsspezifischen Sichtweise gestaltet werden und sich auf lokales Wissen und Erfahrungen st\u00fctzen.<\/strong><\/p>\n\n\n\n<p>Mehrere UN-Gremien (darunter der UN-Menschenrechtsrat, die Vertragsparteien der UN-Klimarahmenkonvention, der CEDAW-Ausschuss und der UN-Generalsekret\u00e4r in seinen Berichten \u00fcber Frauen, Frieden und Sicherheit) haben dies deutlich zum Ausdruck gebracht. Dar\u00fcber hinaus haben sich viele Staaten in ihren nationalen Aktionspl\u00e4nen 1325 dazu verpflichtet, die Resilienz von Frauen gegen\u00fcber dem Klimawandel zu f\u00f6rdern.&nbsp;<\/p>\n\n\n\n<p>Als Reaktion auf die Bed\u00fcrfnisse von politischen Entscheidungstr\u00e4ger:innen und Praktiker:innen hat die Arbeit von DCAF in Kolumbien, Mali und im Jemen Frauen aus 68 Frauenorganisationen dazu bef\u00e4higt, sich st\u00e4rker in Klima- und Sicherheitsdialoge einzubringen und sichtbar zu werden. Die Initiativen von DCAF halfen ihnen, einen Raum zu finden, in dem sie sich vernetzen und gemeinsame, zielgerichtete und faktengest\u00fctzte Advocacy-Ans\u00e4tze zu Klima- und Umweltfragen entwickeln konnten. Diese Arbeit f\u00fchrte zur Schaffung von Netzwerken von Aktivist:innen und von Frauen gef\u00fchrten Organisationen in jedem Land, um Aktionspl\u00e4ne f\u00fcr die Verkn\u00fcpfung von Klima, Gender und Friedensf\u00f6rderung zu entwickeln. Die daraus resultierenden acht gemeinsamen Empfehlungen zeigen Wege auf, wie eine sich gegenseitig st\u00e4rkende Politik zu Klimawandel und Gleichstellung der Geschlechter entworfen werden kann:<\/p>\n\n\n\n<ol type=\"1\">\n<li>Anwendung einer intersektionalen Perspektive der menschlichen Sicherheit auf den Nexus Konflikt\/Klima<\/li>\n\n\n\n<li>Umweltsch\u00e4den parallel zum Klimawandel angehen<\/li>\n\n\n\n<li>Vorrangige Ber\u00fccksichtigung der Gleichstellungsziele bei allen Massnahmen im Bereich Klima und Umwelt<\/li>\n\n\n\n<li>Zusammenh\u00e4nge zwischen Klima und Umwelt, Friedensf\u00f6rderung und Geschlechtergerechtigkeit in integrierter Weise behandeln<\/li>\n\n\n\n<li>Vermeidung von versicherheitlichenden Reaktionen auf die Klima- und Umweltkrise &nbsp;<\/li>\n\n\n\n<li>Auswirkungen des Sicherheitssektors auf Klima und Umwelt abschw\u00e4chen<\/li>\n\n\n\n<li>Sicherstellung einer effektiven Beteiligung von Frauen und ihrer Rolle in F\u00fchrungspositionen<\/li>\n\n\n\n<li>&nbsp;Bereitstellung von Ressourcen f\u00fcr Frauen in fragilen und konfliktbetroffenen L\u00e4ndern<\/li>\n<\/ol>\n\n\n\n<p>Durch die St\u00e4rkung von Inklusion und Gleichberechtigung tragen diese politischen Massnahmen dazu bei, die Vulnerabilit\u00e4t von Frauen zu verringern und die strukturellen Ungleichheiten, welche die Unsicherheit aufrechterhalten, zu hinterfragen.<\/p>\n\n\n\n<p>Frauenvertreter:innen aus allen drei L\u00e4ndern erhielten Unterst\u00fctzung, um ihre Handlungsf\u00e4higkeit auf regionaler und internationaler Ebene zu st\u00e4rken. Dieses verst\u00e4rkte Engagement mit Sicherheitsakteur:innen und Regierungen trug zur Ber\u00fccksichtigung intersektioneller und geschlechtssensibler Anliegen bei der Reaktion auf Klimasicherheit bei.<\/p>\n\n\n\n<p>Die Einbeziehung von Frauenorganisationen aus l\u00e4ndlichen Gebieten in die Klimapolitik hat entscheidend dazu beigetragen, die Ungleichheiten, die die Ursache f\u00fcr Unsicherheit und Vulnerabilit\u00e4t sind, zu beseitigen. Weiter konnte der Dialog zwischen Frauenorganisationen und Akteur:innen des Sicherheitssektors gef\u00f6rdert werden. Indem sie diskriminierende Machtstrukturen und -normen in Frage stellen, wollen die Frauenvertreter:innen zunehmend als wichtige Expert:innen und F\u00fchrungspersonen anerkannt werden und so verhindern, dass der Zusammenhang zwischen Gender, Klima und Sicherheit zu sehr versicherheitlicht wird. In diesem Sinne ist diese Initiative ein inspirierendes Modell f\u00fcr lateinamerikanische Staaten wie Kolumbien und Mexiko, die eine Feministische Aussenpolitik verabschiedet haben.&nbsp;<\/p>\n","protected":false},"excerpt":{"rendered":"<p>Der Klimawandel stellt eine erhebliche Bedrohung f\u00fcr die Sicherheit von Frauen dar. Seine Auswirkungen \u2013 von Umweltzerst\u00f6rung bis zur Demolierung von Lebensgrundlagen \u2013 hindern Bem\u00fchungen zur Schaffung oder Festigung von Frieden und Stabilit\u00e4t. Dar\u00fcber werden Spannungen zwischen Bev\u00f6lkerungsgruppen versch\u00e4rft, was zu einer Verl\u00e4ngerung der Konflikte f\u00fchren kann. Der Klimawandel trifft nicht nur Frauen in unverh\u00e4ltnism\u00e4ssig <a href=\"https:\/\/koff.swisspeace.ch\/apropos\/4687\/women-speak-der-gelebte-nexus-zwischen-klima-gender-und-sicherheit\/\" class=\"more-link\">&#8230;<span class=\"screen-reader-text\">  Women Speak \u2013 Der gelebte Nexus zwischen Klima, Gender und Sicherheit<\/span><\/a><\/p>\n","protected":false},"author":3,"featured_media":4670,"comment_status":"closed","ping_status":"closed","sticky":false,"template":"","format":"standard","meta":{"advgb_blocks_editor_width":"","advgb_blocks_columns_visual_guide":""},"categories":[73],"tags":[],"issue":[326],"acf":[],"author_meta":{"display_name":"\u00e0 propos","author_link":"https:\/\/koff.swisspeace.ch\/apropos\/author\/apropos\/"},"featured_img":"https:\/\/koff.swisspeace.ch\/apropos\/wp-content\/uploads\/2024\/12\/DCAF187-600x331.jpg","coauthors":[],"tax_additional":{"categories":{"linked":["<a href=\"https:\/\/koff.swisspeace.ch\/apropos\/category\/reports-de\/\" class=\"advgb-post-tax-term\">Dossier<\/a>"],"unlinked":["<span class=\"advgb-post-tax-term\">Dossier<\/span>"]}},"comment_count":0,"relative_dates":{"created":"Posted 2 years ago","modified":"Updated 2 years ago"},"absolute_dates":{"created":"Posted on December 18, 2024","modified":"Updated on December 18, 2024"},"absolute_dates_time":{"created":"Posted on December 18, 2024 9:43 am","modified":"Updated on December 18, 2024 9:43 am"},"featured_img_caption":"","series_order":null,"_links":{"self":[{"href":"https:\/\/koff.swisspeace.ch\/apropos\/wp-json\/wp\/v2\/posts\/4687"}],"collection":[{"href":"https:\/\/koff.swisspeace.ch\/apropos\/wp-json\/wp\/v2\/posts"}],"about":[{"href":"https:\/\/koff.swisspeace.ch\/apropos\/wp-json\/wp\/v2\/types\/post"}],"author":[{"embeddable":true,"href":"https:\/\/koff.swisspeace.ch\/apropos\/wp-json\/wp\/v2\/users\/3"}],"replies":[{"embeddable":true,"href":"https:\/\/koff.swisspeace.ch\/apropos\/wp-json\/wp\/v2\/comments?post=4687"}],"version-history":[{"count":7,"href":"https:\/\/koff.swisspeace.ch\/apropos\/wp-json\/wp\/v2\/posts\/4687\/revisions"}],"predecessor-version":[{"id":4901,"href":"https:\/\/koff.swisspeace.ch\/apropos\/wp-json\/wp\/v2\/posts\/4687\/revisions\/4901"}],"wp:featuredmedia":[{"embeddable":true,"href":"https:\/\/koff.swisspeace.ch\/apropos\/wp-json\/wp\/v2\/media\/4670"}],"wp:attachment":[{"href":"https:\/\/koff.swisspeace.ch\/apropos\/wp-json\/wp\/v2\/media?parent=4687"}],"wp:term":[{"taxonomy":"category","embeddable":true,"href":"https:\/\/koff.swisspeace.ch\/apropos\/wp-json\/wp\/v2\/categories?post=4687"},{"taxonomy":"post_tag","embeddable":true,"href":"https:\/\/koff.swisspeace.ch\/apropos\/wp-json\/wp\/v2\/tags?post=4687"},{"taxonomy":"issue","embeddable":true,"href":"https:\/\/koff.swisspeace.ch\/apropos\/wp-json\/wp\/v2\/issue?post=4687"}],"curies":[{"name":"wp","href":"https:\/\/api.w.org\/{rel}","templated":true}]}}