{"id":4694,"date":"2024-12-18T09:43:25","date_gmt":"2024-12-18T09:43:25","guid":{"rendered":"https:\/\/koff.swisspeace.ch\/apropos\/?p=4694"},"modified":"2024-12-18T10:11:40","modified_gmt":"2024-12-18T10:11:40","slug":"mexiko-eine-doppelte-buerde-fuer-frauen-und-menschenrechtsverteidigerinnen","status":"publish","type":"post","link":"https:\/\/koff.swisspeace.ch\/apropos\/4694\/mexiko-eine-doppelte-buerde-fuer-frauen-und-menschenrechtsverteidigerinnen\/","title":{"rendered":"Mexiko \u2013 Eine doppelte B\u00fcrde f\u00fcr Frauen und Menschenrechtsverteidigerinnen"},"content":{"rendered":"\n<p><strong>In Lateinamerika spielen Menschenrechtsverteidigerinnen eine entscheidende Rolle bei der F\u00f6rderung und dem Schutz der Menschenrechte. Doch sie sind erheblichen Risiken ausgesetzt, die sowohl mit ihrem Geschlecht als auch mit ihrem Aktivismus zusammenh\u00e4ngen. Diese Gefahren werden durch den zunehmenden Autoritarismus, die Einschr\u00e4nkung des zivilgesellschaftlichen Raums sowie die Gewalt, insbesondere in Konfliktgebieten, versch\u00e4rft. Die Lebensgeschichten von Frauen wie Mar\u00eda Eugenia Gabriel Ruiz, einer Anw\u00e4ltin und indigenen Anf\u00fchrerin aus dem mexikanischen Bundesstaat Michoac\u00e1n, verdeutlichen diese Herausforderungen und die Strategien, mit denen sie ihnen begegnen.<\/strong><\/p>\n\n\n\n<p>In Mexiko werden Frauen, die sich f\u00fcr Menschenrechte einsetzen, nicht nur wegen ihres \u00f6ffentlichen Engagements angegriffen, sondern auch aufgrund geschlechtsspezifischer Diskriminierungen und Gewalt, die sie als Frauen in einer patriarchalen Gesellschaft erfahren. Mar\u00eda, die sich f\u00fcr die Rechte indigener Gemeinschaften einsetzt und gegen die sozialen und \u00f6kologischen Folgen des illegalen Monokulturanbaus von Avocados k\u00e4mpft, berichtet von gravierenden sozio\u00f6konomischen Auswirkungen. Die Ausbeutung des Landes ihrer Gemeinschaft gef\u00e4hrdet die Rechte und Sicherheit indigener Gemeinschaften, und das organisierte Verbrechen versch\u00e4rft die Situation zus\u00e4tzlich. Kartelle eignen sich \u2013 oft mit staatlicher Komplizenschaft \u2013 illegal indigenes Land an und f\u00fchren Bandenkriege um die Kontrolle dieser Gebiete.<\/p>\n\n\n\n<p><strong>Kampf gegen die Einschr\u00e4nkung des zivilgesellschaftlichen Raums<\/strong><\/p>\n\n\n\n<p>Lateinamerika ist die Region mit der h\u00f6chsten Zahl an Morden an Umwelt- und Landrechtsverteidiger:innen \u2013 85% der F\u00e4lle betrafen 2023 diese Region. Angesichts dieser Herausforderungen spielen Organisationen wie Peace Brigades International (PBI), die vor Ort aktiv sind, eine entscheidende Rolle. Sie unterst\u00fctzen die Verteidiger:innen auf verschiedenen Ebenen: durch physischen Schutz, Kapazit\u00e4tsaufbau und internationale Lobbyarbeit. Mar\u00eda profitiert beispielsweise von einer umfassenden Begleitung, die es ihr erm\u00f6glicht, weiterhin in  Risikogebieten zu arbeiten.<\/p>\n\n\n\n<p>Im September 2024 nahm Mar\u00eda an der Women Human Rights Advocacy Week in Genf teil, zusammen mit zehn weiteren Menschenrechts- und Umweltaktivistinnen, die H\u00e4lfte von ihnen aus Lateinamerika. Die Veranstaltung wurde gemeinsam vom International Service for Human Rights (ISHR), Just Associates (JASS), Forum Asia, Amnesty International, der Women Human Rights Defenders International Coalition (WHRD-IC) und PBI organisiert. Diese Woche bot den Teilnehmerinnen die M\u00f6glichkeit, sich st\u00e4rker mit den Menschenrechtsmechanismen der Vereinten Nationen zu vernetzen, wichtige Akteur:innen der internationalen Gemeinschaft zu treffen, Erfahrungen auszutauschen und Fortbildungen zu Themen wie Klimagerechtigkeit, Umwelt und indigene Rechte zu besuchen.<\/p>\n\n\n\n<p><strong>Ein Engagement, das Hoffnung gibt<\/strong><\/p>\n\n\n\n<p>Die Women Human Rights Advocacy Week schuf einen wichtigen Raum f\u00fcr Austausch und Solidarit\u00e4t zwischen den Aktivist:innen. Sie f\u00f6rderte den Dialog zwischen ihnen und internationalen Schl\u00fcsselakteur:innen und trug dazu bei, ihre Stimmen zu st\u00e4rken, ihre Sicherheit zu verbessern und ihre K\u00e4mpfe sichtbarer zu machen. Mar\u00eda bringt ihre Hoffnung auf den Punkt: \u00abEines Tages hoffe ich, dass diese Welt keine Menschenrechtsverteidiger:innen mehr braucht\u00bb.<\/p>\n","protected":false},"excerpt":{"rendered":"<p>In Lateinamerika spielen Menschenrechtsverteidigerinnen eine entscheidende Rolle bei der F\u00f6rderung und dem Schutz der Menschenrechte. Doch sie sind erheblichen Risiken ausgesetzt, die sowohl mit ihrem Geschlecht als auch mit ihrem Aktivismus zusammenh\u00e4ngen. Diese Gefahren werden durch den zunehmenden Autoritarismus, die Einschr\u00e4nkung des zivilgesellschaftlichen Raums sowie die Gewalt, insbesondere in Konfliktgebieten, versch\u00e4rft. Die Lebensgeschichten von Frauen <a href=\"https:\/\/koff.swisspeace.ch\/apropos\/4694\/mexiko-eine-doppelte-buerde-fuer-frauen-und-menschenrechtsverteidigerinnen\/\" class=\"more-link\">&#8230;<span class=\"screen-reader-text\">  Mexiko \u2013 Eine doppelte B\u00fcrde f\u00fcr Frauen und Menschenrechtsverteidigerinnen<\/span><\/a><\/p>\n","protected":false},"author":3,"featured_media":4777,"comment_status":"closed","ping_status":"closed","sticky":false,"template":"","format":"standard","meta":{"advgb_blocks_editor_width":"","advgb_blocks_columns_visual_guide":""},"categories":[73],"tags":[],"issue":[326],"acf":[],"author_meta":{"display_name":"\u00e0 propos","author_link":"https:\/\/koff.swisspeace.ch\/apropos\/author\/apropos\/"},"featured_img":"https:\/\/koff.swisspeace.ch\/apropos\/wp-content\/uploads\/2024\/12\/187PBI-600x332.jpg","coauthors":[],"tax_additional":{"categories":{"linked":["<a href=\"https:\/\/koff.swisspeace.ch\/apropos\/category\/reports-de\/\" class=\"advgb-post-tax-term\">Dossier<\/a>"],"unlinked":["<span class=\"advgb-post-tax-term\">Dossier<\/span>"]}},"comment_count":0,"relative_dates":{"created":"Posted 2 years ago","modified":"Updated 2 years ago"},"absolute_dates":{"created":"Posted on December 18, 2024","modified":"Updated on December 18, 2024"},"absolute_dates_time":{"created":"Posted on December 18, 2024 9:43 am","modified":"Updated on December 18, 2024 10:11 am"},"featured_img_caption":"","series_order":null,"_links":{"self":[{"href":"https:\/\/koff.swisspeace.ch\/apropos\/wp-json\/wp\/v2\/posts\/4694"}],"collection":[{"href":"https:\/\/koff.swisspeace.ch\/apropos\/wp-json\/wp\/v2\/posts"}],"about":[{"href":"https:\/\/koff.swisspeace.ch\/apropos\/wp-json\/wp\/v2\/types\/post"}],"author":[{"embeddable":true,"href":"https:\/\/koff.swisspeace.ch\/apropos\/wp-json\/wp\/v2\/users\/3"}],"replies":[{"embeddable":true,"href":"https:\/\/koff.swisspeace.ch\/apropos\/wp-json\/wp\/v2\/comments?post=4694"}],"version-history":[{"count":7,"href":"https:\/\/koff.swisspeace.ch\/apropos\/wp-json\/wp\/v2\/posts\/4694\/revisions"}],"predecessor-version":[{"id":4979,"href":"https:\/\/koff.swisspeace.ch\/apropos\/wp-json\/wp\/v2\/posts\/4694\/revisions\/4979"}],"wp:featuredmedia":[{"embeddable":true,"href":"https:\/\/koff.swisspeace.ch\/apropos\/wp-json\/wp\/v2\/media\/4777"}],"wp:attachment":[{"href":"https:\/\/koff.swisspeace.ch\/apropos\/wp-json\/wp\/v2\/media?parent=4694"}],"wp:term":[{"taxonomy":"category","embeddable":true,"href":"https:\/\/koff.swisspeace.ch\/apropos\/wp-json\/wp\/v2\/categories?post=4694"},{"taxonomy":"post_tag","embeddable":true,"href":"https:\/\/koff.swisspeace.ch\/apropos\/wp-json\/wp\/v2\/tags?post=4694"},{"taxonomy":"issue","embeddable":true,"href":"https:\/\/koff.swisspeace.ch\/apropos\/wp-json\/wp\/v2\/issue?post=4694"}],"curies":[{"name":"wp","href":"https:\/\/api.w.org\/{rel}","templated":true}]}}