{"id":4697,"date":"2024-12-18T09:45:26","date_gmt":"2024-12-18T09:45:26","guid":{"rendered":"https:\/\/koff.swisspeace.ch\/apropos\/?p=4697"},"modified":"2024-12-18T10:12:26","modified_gmt":"2024-12-18T10:12:26","slug":"mexique-double-peine-pour-les-femmes-defenseuses-des-droits-humains","status":"publish","type":"post","link":"https:\/\/koff.swisspeace.ch\/apropos\/4697\/mexique-double-peine-pour-les-femmes-defenseuses-des-droits-humains\/","title":{"rendered":"Mexique \u2013 Double peine pour les femmes d\u00e9fenseuses des droits humains"},"content":{"rendered":"\n<p><strong>En Am\u00e9rique latine, les d\u00e9fenseuses des droits humains jouent un r\u00f4le essentiel dans la promotion et la protection des droits humains. Cependant, elles sont confront\u00e9es \u00e0 de nombreux risques, aggrav\u00e9s par la mont\u00e9e de l&#8217;autoritarisme, le r\u00e9tr\u00e9cissement de l\u2019espace civique et la violence , particuli\u00e8rement dans les zones de conflit. Les parcours comme celui de Mar\u00eda Eugenia Gabriel Ruiz, avocate et leader autochtone de l&#8217;\u00c9tat de Michoac\u00e1n au Mexique, illustrent ces d\u00e9fis et les strat\u00e9gies d\u00e9ploy\u00e9es pour les surmonter.<\/strong><\/p>\n\n\n\n<p>Au Mexique, les femmes d\u00e9fenseuses sont cibl\u00e9es non seulement pour leur engagement public, mais aussi en raison des discriminations sexistes et violences sp\u00e9cifiques qu\u2019elles subissent en tant que femmes dans une soci\u00e9t\u00e9 patriarcale. Mar\u00eda, qui d\u00e9fend les droits des communaut\u00e9s autochtones face aux impacts socio-environnementaux de la monoculture ill\u00e9gale de l\u2019avocat, t\u00e9moigne de cons\u00e9quences socio-\u00e9conomiques d\u00e9sastreuses. L\u2019exploitation des terres de sa communaut\u00e9 affecte les droits et la s\u00e9curit\u00e9 des peuples autochtones et le crime organis\u00e9 aggrave cette situation ; rendant son travail particuli\u00e8rement risqu\u00e9. Les cartels s\u2019approprient ill\u00e9galement les terres autochtones, souvent avec la complicit\u00e9 de l\u2019Etat, et y m\u00e8nent des guerres de gang pour le contr\u00f4le de ces terres.<\/p>\n\n\n\n<p><strong>Lutter contre le r\u00e9tr\u00e9cissement de l\u2019espace civique<\/strong><br>L&#8217;Am\u00e9rique latine repr\u00e9sente la r\u00e9gion avec le plus grand nombre de meurtres de d\u00e9fenseur\u00b7euses des terres et de l&#8217;environnement, avec 85 % des cas en 2023 . Face \u00e0 ces d\u00e9fis, des organisations pr\u00e9sentes sur place comme Peace Brigades International (PBI) jouent un r\u00f4le crucial en soutenant les d\u00e9fenseurs\u00b7euses sur plusieurs fronts : protection physique, renforcement des capacit\u00e9s et plaidoyer international. Mar\u00eda, par exemple, b\u00e9n\u00e9ficie d\u2019un accompagnement int\u00e9gral qui lui permet de continuer \u00e0 travailler dans des zones \u00e0 risque.<br>En septembre 2024, Mar\u00eda a particip\u00e9 \u00e0 la Women Human Rights Advocacy Week \u00e0 Gen\u00e8ve aux c\u00f4t\u00e9s de dix autres d\u00e9fenseuses des droits humains et de l\u2019environnement, dont la moiti\u00e9 \u00e9taient originaires d\u2019Am\u00e9rique latine. Organis\u00e9e conjointement par l\u2019International Service for Human Rights (ISHR), Just Associates (JASS), Forum Asia, Amnesty International, la Women Human Rights Defenders International Coalition (WHRD-IC) et PBI, cette semaine de sensibilisation leur a offert l\u2019opportunit\u00e9 de renforcer leur engagement aupr\u00e8s des m\u00e9canismes onusiens des droits humains, de rencontrer des acteurs et actrices cl\u00e9s de la communaut\u00e9 internationale, d\u2019\u00e9changer sur leurs exp\u00e9riences, et de suivre des formations ax\u00e9es sur la justice climatique, les droits environnementaux et autochtones.<\/p>\n\n\n\n<p><strong>Un engagement porteur d\u2019espoir<\/strong><br>La Women Human Rights Advocacy Week a ainsi permis \u00e0 plusieurs d\u00e9fenseuses d&#8217;\u00e9changer dans un esprit de sororit\u00e9. Elle a \u00e9galement cr\u00e9\u00e9 un espace de dialogue essentiel entre ces militantes et des acteurs internationaux de premier plan. Cet \u00e9v\u00e9nement a contribu\u00e9 \u00e0 amplifier leurs voix, tout en renfor\u00e7ant leur s\u00e9curit\u00e9 et la visibilit\u00e9 de leurs luttes. Comme le r\u00e9sume Mar\u00eda avec espoir : \u00ab Un jour, j\u2019esp\u00e8re que ce monde n\u2019aura plus besoin de d\u00e9fenseurs\u00b7euses des droits humains. \u00bb<\/p>\n","protected":false},"excerpt":{"rendered":"<p>En Am\u00e9rique latine, les d\u00e9fenseuses des droits humains jouent un r\u00f4le essentiel dans la promotion et la protection des droits humains. Cependant, elles sont confront\u00e9es \u00e0 de nombreux risques, aggrav\u00e9s par la mont\u00e9e de l&#8217;autoritarisme, le r\u00e9tr\u00e9cissement de l\u2019espace civique et la violence , particuli\u00e8rement dans les zones de conflit. Les parcours comme celui de <a href=\"https:\/\/koff.swisspeace.ch\/apropos\/4697\/mexique-double-peine-pour-les-femmes-defenseuses-des-droits-humains\/\" class=\"more-link\">&#8230;<span class=\"screen-reader-text\">  Mexique \u2013 Double peine pour les femmes d\u00e9fenseuses des droits humains<\/span><\/a><\/p>\n","protected":false},"author":3,"featured_media":4777,"comment_status":"closed","ping_status":"closed","sticky":false,"template":"","format":"standard","meta":{"advgb_blocks_editor_width":"","advgb_blocks_columns_visual_guide":""},"categories":[113],"tags":[],"issue":[328],"acf":[],"author_meta":{"display_name":"\u00e0 propos","author_link":"https:\/\/koff.swisspeace.ch\/apropos\/author\/apropos\/"},"featured_img":"https:\/\/koff.swisspeace.ch\/apropos\/wp-content\/uploads\/2024\/12\/187PBI-600x332.jpg","coauthors":[],"tax_additional":{"categories":{"linked":["<a href=\"https:\/\/koff.swisspeace.ch\/apropos\/category\/reports-fr\/\" class=\"advgb-post-tax-term\">Dossier<\/a>"],"unlinked":["<span class=\"advgb-post-tax-term\">Dossier<\/span>"]}},"comment_count":0,"relative_dates":{"created":"Posted 2 years ago","modified":"Updated 2 years ago"},"absolute_dates":{"created":"Posted on December 18, 2024","modified":"Updated on December 18, 2024"},"absolute_dates_time":{"created":"Posted on December 18, 2024 9:45 am","modified":"Updated on December 18, 2024 10:12 am"},"featured_img_caption":"","series_order":null,"_links":{"self":[{"href":"https:\/\/koff.swisspeace.ch\/apropos\/wp-json\/wp\/v2\/posts\/4697"}],"collection":[{"href":"https:\/\/koff.swisspeace.ch\/apropos\/wp-json\/wp\/v2\/posts"}],"about":[{"href":"https:\/\/koff.swisspeace.ch\/apropos\/wp-json\/wp\/v2\/types\/post"}],"author":[{"embeddable":true,"href":"https:\/\/koff.swisspeace.ch\/apropos\/wp-json\/wp\/v2\/users\/3"}],"replies":[{"embeddable":true,"href":"https:\/\/koff.swisspeace.ch\/apropos\/wp-json\/wp\/v2\/comments?post=4697"}],"version-history":[{"count":6,"href":"https:\/\/koff.swisspeace.ch\/apropos\/wp-json\/wp\/v2\/posts\/4697\/revisions"}],"predecessor-version":[{"id":4980,"href":"https:\/\/koff.swisspeace.ch\/apropos\/wp-json\/wp\/v2\/posts\/4697\/revisions\/4980"}],"wp:featuredmedia":[{"embeddable":true,"href":"https:\/\/koff.swisspeace.ch\/apropos\/wp-json\/wp\/v2\/media\/4777"}],"wp:attachment":[{"href":"https:\/\/koff.swisspeace.ch\/apropos\/wp-json\/wp\/v2\/media?parent=4697"}],"wp:term":[{"taxonomy":"category","embeddable":true,"href":"https:\/\/koff.swisspeace.ch\/apropos\/wp-json\/wp\/v2\/categories?post=4697"},{"taxonomy":"post_tag","embeddable":true,"href":"https:\/\/koff.swisspeace.ch\/apropos\/wp-json\/wp\/v2\/tags?post=4697"},{"taxonomy":"issue","embeddable":true,"href":"https:\/\/koff.swisspeace.ch\/apropos\/wp-json\/wp\/v2\/issue?post=4697"}],"curies":[{"name":"wp","href":"https:\/\/api.w.org\/{rel}","templated":true}]}}