{"id":4718,"date":"2024-12-18T09:43:25","date_gmt":"2024-12-18T09:43:25","guid":{"rendered":"https:\/\/koff.swisspeace.ch\/apropos\/?p=4718"},"modified":"2024-12-18T09:43:25","modified_gmt":"2024-12-18T09:43:25","slug":"gender-und-frieden-in-lateinamerika-was-koennen-wir-lernen","status":"publish","type":"post","link":"https:\/\/koff.swisspeace.ch\/apropos\/4718\/gender-und-frieden-in-lateinamerika-was-koennen-wir-lernen\/","title":{"rendered":"Gender und Frieden in Lateinamerika \u2013 Was k\u00f6nnen wir lernen?"},"content":{"rendered":"\n<div class=\"wp-block-advgb-images-slider advgb-images-slider-block advg-images-slider-652bf812-ec46-4d82-be67-48f5b6f19df4\"><div class=\"advgb-images-slider\" dir=\"ltr\"><div class=\"advgb-image-slider-item\"><img decoding=\"async\" src=\"https:\/\/koff.swisspeace.ch\/apropos\/wp-content\/uploads\/2024\/12\/TB187Busto_de_Manuel_M._Ponce_con_pintas_feministas_despues_del_8M_04.png\" class=\"advgb-image-slider-img\" alt=\"\" style=\"width:100%;height:auto\"\/><div class=\"advgb-image-slider-item-info\" style=\"justify-content:flex-end;align-items:center\"><a class=\"advgb-image-slider-overlay\" target=\"_blank\" rel=\"noopener noreferrer\" href=\"#\" style=\"opacity:0.5\"><\/a><\/div><\/div><div class=\"advgb-image-slider-item\"><img decoding=\"async\" src=\"https:\/\/koff.swisspeace.ch\/apropos\/wp-content\/uploads\/2024\/12\/Focus187.jpg\" class=\"advgb-image-slider-img\" alt=\"30 Jahre Frauen f\u00fcr den Frieden in Kolumbien \u2013 Was kann die Schweiz aus Kolumbiens erstem Nationalen Aktionsplan 1325 lernen?\" style=\"width:100%;height:auto\"\/><div class=\"advgb-image-slider-item-info\" style=\"justify-content:flex-end;align-items:center\"><a class=\"advgb-image-slider-overlay\" target=\"_blank\" rel=\"noopener noreferrer\" href=\"https:\/\/koff.swisspeace.ch\/apropos\/wp-admin\/post.php?post=4681&amp;action=edit\" style=\"opacity:0.5\"><\/a><h4 class=\"advgb-image-slider-title\">30 Jahre Frauen f\u00fcr den Frieden in Kolumbien \u2013 Was kann die Schweiz aus Kolumbiens erstem Nationalen Aktionsplan 1325 lernen?<\/h4><\/div><\/div><div class=\"advgb-image-slider-item\"><img decoding=\"async\" src=\"https:\/\/koff.swisspeace.ch\/apropos\/wp-content\/uploads\/2024\/12\/187mission21-1.jpg\" class=\"advgb-image-slider-img\" alt=\"Peru \u2013 Mehr Gerechtigkeit f\u00fcr Opfer sexueller Gewalt\" style=\"width:100%;height:auto\"\/><div class=\"advgb-image-slider-item-info\" style=\"justify-content:flex-end;align-items:center\"><a class=\"advgb-image-slider-overlay\" target=\"_blank\" rel=\"noopener noreferrer\" href=\"https:\/\/koff.swisspeace.ch\/apropos\/?p=4759&amp;preview=true&amp;_thumbnail_id=4785\" style=\"opacity:0.5\"><\/a><h4 class=\"advgb-image-slider-title\">Peru \u2013 Mehr Gerechtigkeit f\u00fcr Opfer sexueller Gewalt<\/h4><\/div><\/div><div class=\"advgb-image-slider-item\"><img decoding=\"async\" src=\"https:\/\/koff.swisspeace.ch\/apropos\/wp-content\/uploads\/2024\/12\/187PBI.jpg\" class=\"advgb-image-slider-img\" alt=\"Mexiko \u2013 Eine doppelte B\u00fcrde f\u00fcr Frauen und Menschenrechtsverteidigerinnen\" style=\"width:100%;height:auto\"\/><div class=\"advgb-image-slider-item-info\" style=\"justify-content:flex-end;align-items:center\"><a class=\"advgb-image-slider-overlay\" target=\"_blank\" rel=\"noopener noreferrer\" href=\"https:\/\/koff.swisspeace.ch\/apropos\/?p=4694&amp;preview=true&amp;_thumbnail_id=4777\" style=\"opacity:0.5\"><\/a><h4 class=\"advgb-image-slider-title\">Mexiko \u2013 Eine doppelte B\u00fcrde f\u00fcr Frauen und Menschenrechtsverteidigerinnen<\/h4><\/div><\/div><\/div><\/div>\n\n\n\n<p>Da Genderdynamiken nahezu jeden Konflikt beeinflussen, ist ihre Ber\u00fccksichtigung in der Friedensf\u00f6rderung unerl\u00e4sslich. Frauen und queere Gemeinschaften sind historisch und bis heute \u00fcberproportional von Gewalt betroffen und gleichzeitig aufgrund von tief verwurzeltem Sexismus und patriarchalen Strukturen von politischen Entscheidungsprozessen ausgeschlossen. Gleichzeitig tragen die sich wandelnden Vorstellungen von M\u00e4nnlichkeit und die damit verbundenen gesellschaftlichen Erwartungen entweder zur Verst\u00e4rkung von Gewalt oder zur F\u00f6rderung von Frieden bei.<\/p>\n\n\n\n<p>In der Dezemberausgabe von <em>\u00e0 propos<\/em> werfen wir einen genaueren Blick auf die Schnittstelle von Gender und Friedensf\u00f6rderung in Lateinamerika. Diese Region ist mit einigen der schwerwiegendsten F\u00e4lle geschlechtsspezifischer Gewalt konfrontiert \u2013 darunter alarmierend hohe Raten von Femiziden in L\u00e4ndern wie Mexiko, Honduras, Guatemala und Venezuela. Trotz dieser Herausforderungen zeichnen sich feministische Bewegungen und Organisationen in Lateinamerika als starke Kr\u00e4fte des positiven Wandels im Kampf gegen Gewalt und im Einsatz f\u00fcr Rechte und Gerechtigkeit aus. Diese Ausgabe hebt ihre transformierenden Bem\u00fchungen hervor und untersucht, wie die Erfahrungen aus ihrem Aktivismus Friedensstrategien in anderen konfliktbetroffenen Kontexten bereichern k\u00f6nnten.<\/p>\n\n\n\n<p>Ich w\u00fcnsche Ihnen eine angenehme Lekt\u00fcre.<br>Sanjally Jobarteh, Herausgeberin des KOFF-Magazins<\/p>\n","protected":false},"excerpt":{"rendered":"<p>Da Genderdynamiken nahezu jeden Konflikt beeinflussen, ist ihre Ber\u00fccksichtigung in der Friedensf\u00f6rderung unerl\u00e4sslich. Frauen und queere Gemeinschaften sind historisch und bis heute \u00fcberproportional von Gewalt betroffen und gleichzeitig aufgrund von tief verwurzeltem Sexismus und patriarchalen Strukturen von politischen Entscheidungsprozessen ausgeschlossen. Gleichzeitig tragen die sich wandelnden Vorstellungen von M\u00e4nnlichkeit und die damit verbundenen gesellschaftlichen Erwartungen entweder <a href=\"https:\/\/koff.swisspeace.ch\/apropos\/4718\/gender-und-frieden-in-lateinamerika-was-koennen-wir-lernen\/\" class=\"more-link\">&#8230;<span class=\"screen-reader-text\">  Gender und Frieden in Lateinamerika \u2013 Was k\u00f6nnen wir lernen?<\/span><\/a><\/p>\n","protected":false},"author":3,"featured_media":0,"comment_status":"closed","ping_status":"closed","sticky":false,"template":"","format":"standard","meta":{"advgb_blocks_editor_width":"","advgb_blocks_columns_visual_guide":""},"categories":[26],"tags":[],"issue":[326],"acf":[],"author_meta":{"display_name":"\u00e0 propos","author_link":"https:\/\/koff.swisspeace.ch\/apropos\/author\/apropos\/"},"featured_img":null,"coauthors":[],"tax_additional":{"categories":{"linked":["<a href=\"https:\/\/koff.swisspeace.ch\/apropos\/category\/editorial-de\/\" class=\"advgb-post-tax-term\">Editorial<\/a>"],"unlinked":["<span class=\"advgb-post-tax-term\">Editorial<\/span>"]}},"comment_count":0,"relative_dates":{"created":"Posted 2 years ago","modified":"Updated 2 years ago"},"absolute_dates":{"created":"Posted on December 18, 2024","modified":"Updated on December 18, 2024"},"absolute_dates_time":{"created":"Posted on December 18, 2024 9:43 am","modified":"Updated on December 18, 2024 9:43 am"},"featured_img_caption":"","series_order":null,"_links":{"self":[{"href":"https:\/\/koff.swisspeace.ch\/apropos\/wp-json\/wp\/v2\/posts\/4718"}],"collection":[{"href":"https:\/\/koff.swisspeace.ch\/apropos\/wp-json\/wp\/v2\/posts"}],"about":[{"href":"https:\/\/koff.swisspeace.ch\/apropos\/wp-json\/wp\/v2\/types\/post"}],"author":[{"embeddable":true,"href":"https:\/\/koff.swisspeace.ch\/apropos\/wp-json\/wp\/v2\/users\/3"}],"replies":[{"embeddable":true,"href":"https:\/\/koff.swisspeace.ch\/apropos\/wp-json\/wp\/v2\/comments?post=4718"}],"version-history":[{"count":11,"href":"https:\/\/koff.swisspeace.ch\/apropos\/wp-json\/wp\/v2\/posts\/4718\/revisions"}],"predecessor-version":[{"id":4977,"href":"https:\/\/koff.swisspeace.ch\/apropos\/wp-json\/wp\/v2\/posts\/4718\/revisions\/4977"}],"wp:attachment":[{"href":"https:\/\/koff.swisspeace.ch\/apropos\/wp-json\/wp\/v2\/media?parent=4718"}],"wp:term":[{"taxonomy":"category","embeddable":true,"href":"https:\/\/koff.swisspeace.ch\/apropos\/wp-json\/wp\/v2\/categories?post=4718"},{"taxonomy":"post_tag","embeddable":true,"href":"https:\/\/koff.swisspeace.ch\/apropos\/wp-json\/wp\/v2\/tags?post=4718"},{"taxonomy":"issue","embeddable":true,"href":"https:\/\/koff.swisspeace.ch\/apropos\/wp-json\/wp\/v2\/issue?post=4718"}],"curies":[{"name":"wp","href":"https:\/\/api.w.org\/{rel}","templated":true}]}}