{"id":4720,"date":"2024-12-18T09:45:26","date_gmt":"2024-12-18T09:45:26","guid":{"rendered":"https:\/\/koff.swisspeace.ch\/apropos\/?p=4720"},"modified":"2024-12-18T09:45:26","modified_gmt":"2024-12-18T09:45:26","slug":"genre-et-paix-en-amerique-latine-lecons-a-tirer","status":"publish","type":"post","link":"https:\/\/koff.swisspeace.ch\/apropos\/4720\/genre-et-paix-en-amerique-latine-lecons-a-tirer\/","title":{"rendered":"Genre et paix en Am\u00e9rique latine \u2014 Le\u00e7ons \u00e0 tirer"},"content":{"rendered":"\n<div class=\"wp-block-advgb-images-slider advgb-images-slider-block advg-images-slider-c4a7419c-6912-4eca-8ae4-9cf2c450a613\"><div class=\"advgb-images-slider\" dir=\"ltr\"><div class=\"advgb-image-slider-item\"><img decoding=\"async\" src=\"https:\/\/koff.swisspeace.ch\/apropos\/wp-content\/uploads\/2024\/12\/TB187Busto_de_Manuel_M._Ponce_con_pintas_feministas_despues_del_8M_04.png\" class=\"advgb-image-slider-img\" alt=\"\" style=\"width:100%;height:auto\"\/><div class=\"advgb-image-slider-item-info\" style=\"justify-content:flex-end;align-items:center\"><a class=\"advgb-image-slider-overlay\" target=\"_blank\" rel=\"noopener noreferrer\" href=\"#\" style=\"opacity:0.5\"><\/a><\/div><\/div><div class=\"advgb-image-slider-item\"><img decoding=\"async\" src=\"https:\/\/koff.swisspeace.ch\/apropos\/wp-content\/uploads\/2024\/12\/Focus187.jpg\" class=\"advgb-image-slider-img\" alt=\"30 ans d\u2019engagement des femmes pour la paix \u2014 quelles le\u00e7ons la Suisse peut-elle tirer du premier Plan d\u2019Action National 1325 de la Colombie ?\" style=\"width:100%;height:auto\"\/><div class=\"advgb-image-slider-item-info\" style=\"justify-content:flex-end;align-items:center\"><a class=\"advgb-image-slider-overlay\" target=\"_blank\" rel=\"noopener noreferrer\" href=\"https:\/\/koff.swisspeace.ch\/apropos\/?p=4684&amp;preview=true&amp;_thumbnail_id=4639\" style=\"opacity:0.5\"><\/a><h4 class=\"advgb-image-slider-title\">30 ans d\u2019engagement des femmes pour la paix \u2014 quelles le\u00e7ons la Suisse peut-elle tirer du premier Plan d\u2019Action National 1325 de la Colombie ?<\/h4><\/div><\/div><div class=\"advgb-image-slider-item\"><img decoding=\"async\" src=\"https:\/\/koff.swisspeace.ch\/apropos\/wp-content\/uploads\/2024\/12\/187mission21-1.jpg\" class=\"advgb-image-slider-img\" alt=\"P\u00e9rou \u2014 Justice pour les victimes de violences sexuelles\" style=\"width:100%;height:auto\"\/><div class=\"advgb-image-slider-item-info\" style=\"justify-content:flex-end;align-items:center\"><a class=\"advgb-image-slider-overlay\" target=\"_blank\" rel=\"noopener noreferrer\" href=\"https:\/\/koff.swisspeace.ch\/apropos\/?p=4762&amp;preview=true&amp;_thumbnail_id=4788\" style=\"opacity:0.5\"><\/a><h4 class=\"advgb-image-slider-title\">P\u00e9rou \u2014 Justice pour les victimes de violences sexuelles<\/h4><\/div><\/div><div class=\"advgb-image-slider-item\"><img decoding=\"async\" src=\"https:\/\/koff.swisspeace.ch\/apropos\/wp-content\/uploads\/2024\/12\/187PBI.jpg\" class=\"advgb-image-slider-img\" alt=\"Mexique \u2013 Double peine pour les femmes d\u00e9fenseuses des droits humains\" style=\"width:100%;height:auto\"\/><div class=\"advgb-image-slider-item-info\" style=\"justify-content:flex-end;align-items:center\"><a class=\"advgb-image-slider-overlay\" target=\"_blank\" rel=\"noopener noreferrer\" href=\"https:\/\/koff.swisspeace.ch\/apropos\/?p=4697&amp;preview=true\" style=\"opacity:0.5\"><\/a><h4 class=\"advgb-image-slider-title\">Mexique \u2013 Double peine pour les femmes d\u00e9fenseuses des droits humains<\/h4><\/div><\/div><\/div><\/div>\n\n\n\n<p>Les dynamiques de genre influencent presque tous les conflits, et leur prise en compte dans les efforts de consolidation de la paix est essentielle. Historiquement et encore aujourd&#8217;hui, les femmes et les communaut\u00e9s queer sont touch\u00e9es de mani\u00e8re disproportionn\u00e9e par la violence, tout en \u00e9tant exclues de la prise de d\u00e9cision politique en raison du sexisme et des structures patriarcales ancr\u00e9es dans nos soci\u00e9t\u00e9s. Parall\u00e8lement, les repr\u00e9sentations \u00e9volutives de la masculinit\u00e9 et les attentes sociales qui y sont associ\u00e9es continuent soit d\u2019alimenter la violence, soit de promouvoir la paix.<\/p>\n\n\n\n<p>Cette \u00e9dition donne un aper\u00e7u de l&#8217;intersection entre le genre et la promotion de la paix en Am\u00e9rique latine. Cette r\u00e9gion est confront\u00e9e \u00e0 des niveaux alarmants de violence bas\u00e9e sur le genre, notamment des taux \u00e9lev\u00e9s de f\u00e9minicides dans des pays comme le Mexique, le Honduras, le Guatemala et le Venezuela. Pourtant, face \u00e0 ces d\u00e9fis, les mouvements et organisations f\u00e9ministes d\u2019Am\u00e9rique latine se d\u00e9marquent comme des acteurs puissants du changement positif, r\u00e9sistant \u00e0 la violence et plaidant pour les droits et la justice. Cette \u00e9dition pr\u00e9sente leurs efforts transformateurs et explore comment les le\u00e7ons tir\u00e9es de leur activisme pourraient inspirer des strat\u00e9gies de consolidation de la paix dans d\u2019autres contextes touch\u00e9s par des conflits.<\/p>\n\n\n\n<p>Je vous souhaite une agr\u00e9able lecture.<br>Sanjally Jobarteh, \u00e9ditrice du magazine KOFF<\/p>\n","protected":false},"excerpt":{"rendered":"<p>Les dynamiques de genre influencent presque tous les conflits, et leur prise en compte dans les efforts de consolidation de la paix est essentielle. Historiquement et encore aujourd&#8217;hui, les femmes et les communaut\u00e9s queer sont touch\u00e9es de mani\u00e8re disproportionn\u00e9e par la violence, tout en \u00e9tant exclues de la prise de d\u00e9cision politique en raison du <a href=\"https:\/\/koff.swisspeace.ch\/apropos\/4720\/genre-et-paix-en-amerique-latine-lecons-a-tirer\/\" class=\"more-link\">&#8230;<span class=\"screen-reader-text\">  Genre et paix en Am\u00e9rique latine \u2014 Le\u00e7ons \u00e0 tirer<\/span><\/a><\/p>\n","protected":false},"author":3,"featured_media":0,"comment_status":"closed","ping_status":"closed","sticky":false,"template":"","format":"standard","meta":{"advgb_blocks_editor_width":"","advgb_blocks_columns_visual_guide":""},"categories":[87],"tags":[],"issue":[328],"acf":[],"author_meta":{"display_name":"\u00e0 propos","author_link":"https:\/\/koff.swisspeace.ch\/apropos\/author\/apropos\/"},"featured_img":null,"coauthors":[],"tax_additional":{"categories":{"linked":["<a href=\"https:\/\/koff.swisspeace.ch\/apropos\/category\/editorial-fr\/\" class=\"advgb-post-tax-term\">\u00c9ditorial<\/a>"],"unlinked":["<span class=\"advgb-post-tax-term\">\u00c9ditorial<\/span>"]}},"comment_count":0,"relative_dates":{"created":"Posted 2 years ago","modified":"Updated 2 years ago"},"absolute_dates":{"created":"Posted on December 18, 2024","modified":"Updated on December 18, 2024"},"absolute_dates_time":{"created":"Posted on December 18, 2024 9:45 am","modified":"Updated on December 18, 2024 9:45 am"},"featured_img_caption":"","series_order":null,"_links":{"self":[{"href":"https:\/\/koff.swisspeace.ch\/apropos\/wp-json\/wp\/v2\/posts\/4720"}],"collection":[{"href":"https:\/\/koff.swisspeace.ch\/apropos\/wp-json\/wp\/v2\/posts"}],"about":[{"href":"https:\/\/koff.swisspeace.ch\/apropos\/wp-json\/wp\/v2\/types\/post"}],"author":[{"embeddable":true,"href":"https:\/\/koff.swisspeace.ch\/apropos\/wp-json\/wp\/v2\/users\/3"}],"replies":[{"embeddable":true,"href":"https:\/\/koff.swisspeace.ch\/apropos\/wp-json\/wp\/v2\/comments?post=4720"}],"version-history":[{"count":9,"href":"https:\/\/koff.swisspeace.ch\/apropos\/wp-json\/wp\/v2\/posts\/4720\/revisions"}],"predecessor-version":[{"id":5370,"href":"https:\/\/koff.swisspeace.ch\/apropos\/wp-json\/wp\/v2\/posts\/4720\/revisions\/5370"}],"wp:attachment":[{"href":"https:\/\/koff.swisspeace.ch\/apropos\/wp-json\/wp\/v2\/media?parent=4720"}],"wp:term":[{"taxonomy":"category","embeddable":true,"href":"https:\/\/koff.swisspeace.ch\/apropos\/wp-json\/wp\/v2\/categories?post=4720"},{"taxonomy":"post_tag","embeddable":true,"href":"https:\/\/koff.swisspeace.ch\/apropos\/wp-json\/wp\/v2\/tags?post=4720"},{"taxonomy":"issue","embeddable":true,"href":"https:\/\/koff.swisspeace.ch\/apropos\/wp-json\/wp\/v2\/issue?post=4720"}],"curies":[{"name":"wp","href":"https:\/\/api.w.org\/{rel}","templated":true}]}}