{"id":4806,"date":"2024-12-18T09:45:27","date_gmt":"2024-12-18T09:45:27","guid":{"rendered":"https:\/\/koff.swisspeace.ch\/apropos\/?p=4806"},"modified":"2024-12-18T09:45:27","modified_gmt":"2024-12-18T09:45:27","slug":"nouvelle-publication-rapport-mondial-sur-la-nutrition","status":"publish","type":"post","link":"https:\/\/koff.swisspeace.ch\/apropos\/4806\/nouvelle-publication-rapport-mondial-sur-la-nutrition\/","title":{"rendered":"Nouvelle Publication \u2014 Rapport mondial sur la nutrition"},"content":{"rendered":"\n<p>L&#8217;Alliance Sufosec, dont SWISSAID est un membre, a publi\u00e9 son deuxi\u00e8me rapport mondial sur la nutrition intitul\u00e9 \u00ab Une alimentation durable commence au niveau local \u00bb. Bas\u00e9 sur des donn\u00e9es scientifiquement analys\u00e9es de pr\u00e8s de 125 000 m\u00e9nages, le rapport met en \u00e9vidence l&#8217;importance de l&#8217;agro\u00e9cologie pour am\u00e9liorer la s\u00e9curit\u00e9 alimentaire mondiale. En utilisant des donn\u00e9es d&#8217;environ 125 000 m\u00e9nages, il fournit des preuves scientifiques de l&#8217;importance de l&#8217;agro\u00e9cologie dans la lutte contre la faim. Les r\u00e9sultats sont prometteurs, mais de nombreux d\u00e9fis restent \u00e0 relever. L&#8217;Alliance a pr\u00e9sent\u00e9 le rapport au public lors d&#8217;un \u00e9v\u00e9nement \u00e0 Berne lors de la Journ\u00e9e mondiale de l\u2019alimentation le 16 octobre 2024.<\/p>\n","protected":false},"excerpt":{"rendered":"<p>L&#8217;Alliance Sufosec, dont SWISSAID est un membre, a publi\u00e9 son deuxi\u00e8me rapport mondial sur la nutrition intitul\u00e9 \u00ab Une alimentation durable commence au niveau local \u00bb. Bas\u00e9 sur des donn\u00e9es scientifiquement analys\u00e9es de pr\u00e8s de 125 000 m\u00e9nages, le rapport met en \u00e9vidence l&#8217;importance de l&#8217;agro\u00e9cologie pour am\u00e9liorer la s\u00e9curit\u00e9 alimentaire mondiale. En utilisant des <a href=\"https:\/\/koff.swisspeace.ch\/apropos\/4806\/nouvelle-publication-rapport-mondial-sur-la-nutrition\/\" class=\"more-link\">&#8230;<span class=\"screen-reader-text\">  Nouvelle Publication \u2014 Rapport mondial sur la nutrition<\/span><\/a><\/p>\n","protected":false},"author":3,"featured_media":4916,"comment_status":"closed","ping_status":"closed","sticky":false,"template":"","format":"standard","meta":{"advgb_blocks_editor_width":"","advgb_blocks_columns_visual_guide":""},"categories":[99],"tags":[],"issue":[328],"acf":[],"author_meta":{"display_name":"\u00e0 propos","author_link":"https:\/\/koff.swisspeace.ch\/apropos\/author\/apropos\/"},"featured_img":"https:\/\/koff.swisspeace.ch\/apropos\/wp-content\/uploads\/2024\/12\/Icons-Publications-600x332.png","coauthors":[],"tax_additional":{"categories":{"linked":["<a href=\"https:\/\/koff.swisspeace.ch\/apropos\/category\/news-fr\/\" class=\"advgb-post-tax-term\">Actualit\u00e9<\/a>"],"unlinked":["<span class=\"advgb-post-tax-term\">Actualit\u00e9<\/span>"]}},"comment_count":0,"relative_dates":{"created":"Posted 2 years ago","modified":"Updated 2 years ago"},"absolute_dates":{"created":"Posted on December 18, 2024","modified":"Updated on December 18, 2024"},"absolute_dates_time":{"created":"Posted on December 18, 2024 9:45 am","modified":"Updated on December 18, 2024 9:45 am"},"featured_img_caption":"","series_order":null,"_links":{"self":[{"href":"https:\/\/koff.swisspeace.ch\/apropos\/wp-json\/wp\/v2\/posts\/4806"}],"collection":[{"href":"https:\/\/koff.swisspeace.ch\/apropos\/wp-json\/wp\/v2\/posts"}],"about":[{"href":"https:\/\/koff.swisspeace.ch\/apropos\/wp-json\/wp\/v2\/types\/post"}],"author":[{"embeddable":true,"href":"https:\/\/koff.swisspeace.ch\/apropos\/wp-json\/wp\/v2\/users\/3"}],"replies":[{"embeddable":true,"href":"https:\/\/koff.swisspeace.ch\/apropos\/wp-json\/wp\/v2\/comments?post=4806"}],"version-history":[{"count":7,"href":"https:\/\/koff.swisspeace.ch\/apropos\/wp-json\/wp\/v2\/posts\/4806\/revisions"}],"predecessor-version":[{"id":4972,"href":"https:\/\/koff.swisspeace.ch\/apropos\/wp-json\/wp\/v2\/posts\/4806\/revisions\/4972"}],"wp:featuredmedia":[{"embeddable":true,"href":"https:\/\/koff.swisspeace.ch\/apropos\/wp-json\/wp\/v2\/media\/4916"}],"wp:attachment":[{"href":"https:\/\/koff.swisspeace.ch\/apropos\/wp-json\/wp\/v2\/media?parent=4806"}],"wp:term":[{"taxonomy":"category","embeddable":true,"href":"https:\/\/koff.swisspeace.ch\/apropos\/wp-json\/wp\/v2\/categories?post=4806"},{"taxonomy":"post_tag","embeddable":true,"href":"https:\/\/koff.swisspeace.ch\/apropos\/wp-json\/wp\/v2\/tags?post=4806"},{"taxonomy":"issue","embeddable":true,"href":"https:\/\/koff.swisspeace.ch\/apropos\/wp-json\/wp\/v2\/issue?post=4806"}],"curies":[{"name":"wp","href":"https:\/\/api.w.org\/{rel}","templated":true}]}}