{"id":4821,"date":"2024-12-18T09:43:25","date_gmt":"2024-12-18T09:43:25","guid":{"rendered":"https:\/\/koff.swisspeace.ch\/apropos\/?p=4821"},"modified":"2024-12-18T09:43:25","modified_gmt":"2024-12-18T09:43:25","slug":"30-jahre-engagement-frauen-fuer-den-frieden-feiern-mit-buchveroeffentlichung","status":"publish","type":"post","link":"https:\/\/koff.swisspeace.ch\/apropos\/4821\/30-jahre-engagement-frauen-fuer-den-frieden-feiern-mit-buchveroeffentlichung\/","title":{"rendered":"30 Jahre Engagement \u2014 Frauen* f\u00fcr den Frieden feiern mit Buchver\u00f6ffentlichung"},"content":{"rendered":"\n<p>Die Frauen* f\u00fcr den Frieden Schweiz feierten k\u00fcrzlich ihr 30-j\u00e4hriges Vereinsjubil\u00e4um \u2013 insgesamt blicken sie auf \u00fcber 50 Jahre Geschichte zur\u00fcck. Zum Jubil\u00e4um erscheint nun das Buch \u00abUnd wenn es auch anders ginge\u00bb, in dem Monika St\u00f6cker ihre Kolumnen aus der \u00abFrauenstimme\u00bb zusammengefasst hat. Diese wurden liebevoll illustriert und bilden nicht nur ein Zeitbild, sondern auch kleine, inspirierende Mutmacherskizzen. Bestellt werden kann das Buch per <a href=\"sekretariat@frauenfuerdenfrieden.ch\" target=\"_blank\" rel=\"noreferrer noopener\">Mail<\/a>.<\/p>\n","protected":false},"excerpt":{"rendered":"<p>Die Frauen* f\u00fcr den Frieden Schweiz feierten k\u00fcrzlich ihr 30-j\u00e4hriges Vereinsjubil\u00e4um \u2013 insgesamt blicken sie auf \u00fcber 50 Jahre Geschichte zur\u00fcck. Zum Jubil\u00e4um erscheint nun das Buch \u00abUnd wenn es auch anders ginge\u00bb, in dem Monika St\u00f6cker ihre Kolumnen aus der \u00abFrauenstimme\u00bb zusammengefasst hat. Diese wurden liebevoll illustriert und bilden nicht nur ein Zeitbild, sondern <a href=\"https:\/\/koff.swisspeace.ch\/apropos\/4821\/30-jahre-engagement-frauen-fuer-den-frieden-feiern-mit-buchveroeffentlichung\/\" class=\"more-link\">&#8230;<span class=\"screen-reader-text\">  30 Jahre Engagement \u2014 Frauen* f\u00fcr den Frieden feiern mit Buchver\u00f6ffentlichung<\/span><\/a><\/p>\n","protected":false},"author":3,"featured_media":4816,"comment_status":"closed","ping_status":"closed","sticky":false,"template":"","format":"standard","meta":{"advgb_blocks_editor_width":"","advgb_blocks_columns_visual_guide":""},"categories":[71],"tags":[],"issue":[326],"acf":[],"author_meta":{"display_name":"\u00e0 propos","author_link":"https:\/\/koff.swisspeace.ch\/apropos\/author\/apropos\/"},"featured_img":"https:\/\/koff.swisspeace.ch\/apropos\/wp-content\/uploads\/2024\/12\/Illustration-newsFrauenFrieden-600x331.jpg","coauthors":[],"tax_additional":{"categories":{"linked":["<a href=\"https:\/\/koff.swisspeace.ch\/apropos\/category\/news-de\/\" class=\"advgb-post-tax-term\">Aktuell<\/a>"],"unlinked":["<span class=\"advgb-post-tax-term\">Aktuell<\/span>"]}},"comment_count":0,"relative_dates":{"created":"Posted 2 years ago","modified":"Updated 2 years ago"},"absolute_dates":{"created":"Posted on December 18, 2024","modified":"Updated on December 18, 2024"},"absolute_dates_time":{"created":"Posted on December 18, 2024 9:43 am","modified":"Updated on December 18, 2024 9:43 am"},"featured_img_caption":"","series_order":null,"_links":{"self":[{"href":"https:\/\/koff.swisspeace.ch\/apropos\/wp-json\/wp\/v2\/posts\/4821"}],"collection":[{"href":"https:\/\/koff.swisspeace.ch\/apropos\/wp-json\/wp\/v2\/posts"}],"about":[{"href":"https:\/\/koff.swisspeace.ch\/apropos\/wp-json\/wp\/v2\/types\/post"}],"author":[{"embeddable":true,"href":"https:\/\/koff.swisspeace.ch\/apropos\/wp-json\/wp\/v2\/users\/3"}],"replies":[{"embeddable":true,"href":"https:\/\/koff.swisspeace.ch\/apropos\/wp-json\/wp\/v2\/comments?post=4821"}],"version-history":[{"count":9,"href":"https:\/\/koff.swisspeace.ch\/apropos\/wp-json\/wp\/v2\/posts\/4821\/revisions"}],"predecessor-version":[{"id":4948,"href":"https:\/\/koff.swisspeace.ch\/apropos\/wp-json\/wp\/v2\/posts\/4821\/revisions\/4948"}],"wp:featuredmedia":[{"embeddable":true,"href":"https:\/\/koff.swisspeace.ch\/apropos\/wp-json\/wp\/v2\/media\/4816"}],"wp:attachment":[{"href":"https:\/\/koff.swisspeace.ch\/apropos\/wp-json\/wp\/v2\/media?parent=4821"}],"wp:term":[{"taxonomy":"category","embeddable":true,"href":"https:\/\/koff.swisspeace.ch\/apropos\/wp-json\/wp\/v2\/categories?post=4821"},{"taxonomy":"post_tag","embeddable":true,"href":"https:\/\/koff.swisspeace.ch\/apropos\/wp-json\/wp\/v2\/tags?post=4821"},{"taxonomy":"issue","embeddable":true,"href":"https:\/\/koff.swisspeace.ch\/apropos\/wp-json\/wp\/v2\/issue?post=4821"}],"curies":[{"name":"wp","href":"https:\/\/api.w.org\/{rel}","templated":true}]}}