{"id":4826,"date":"2024-12-18T09:45:27","date_gmt":"2024-12-18T09:45:27","guid":{"rendered":"https:\/\/koff.swisspeace.ch\/apropos\/?p=4826"},"modified":"2024-12-18T09:45:27","modified_gmt":"2024-12-18T09:45:27","slug":"30-ans-dengagement-les-femmes-pour-la-paix-celebrent-leur-aniverstaire-et-publient-un-livre","status":"publish","type":"post","link":"https:\/\/koff.swisspeace.ch\/apropos\/4826\/30-ans-dengagement-les-femmes-pour-la-paix-celebrent-leur-aniverstaire-et-publient-un-livre\/","title":{"rendered":"30 ans d&#8217;engagement \u2014 Les Femmes* pour la Paix c\u00e9l\u00e8brent leur aniverstaire et publient un livre"},"content":{"rendered":"\n<p>Les Femmes * pour la Paix Suisse ont r\u00e9cemment f\u00eat\u00e9 leur 30e anniversaire en tant qu&#8217;association, portant un h\u00e9ritage de plus de 50 ans d&#8217;histoire. \u00c0 l&#8217;occasion de cet anniversaire, l&#8217;organisation publie un livre dans lequel Monika St\u00f6cker a rassembl\u00e9 ses chroniques parues dans la revue \u00ab Frauenstimme \u00bb. Ces textes ont \u00e9t\u00e9 joliment illustr\u00e9s, offrant \u00e0 la fois un t\u00e9moignage de leur \u00e9poque et de petites esquisses inspirantes de courage. Le livre peut \u00eatre command\u00e9 par <a href=\"sekretariat@frauenfuerdenfrieden.ch\">mail<\/a>.<\/p>\n","protected":false},"excerpt":{"rendered":"<p>Les Femmes * pour la Paix Suisse ont r\u00e9cemment f\u00eat\u00e9 leur 30e anniversaire en tant qu&#8217;association, portant un h\u00e9ritage de plus de 50 ans d&#8217;histoire. \u00c0 l&#8217;occasion de cet anniversaire, l&#8217;organisation publie un livre dans lequel Monika St\u00f6cker a rassembl\u00e9 ses chroniques parues dans la revue \u00ab Frauenstimme \u00bb. Ces textes ont \u00e9t\u00e9 joliment illustr\u00e9s, <a href=\"https:\/\/koff.swisspeace.ch\/apropos\/4826\/30-ans-dengagement-les-femmes-pour-la-paix-celebrent-leur-aniverstaire-et-publient-un-livre\/\" class=\"more-link\">&#8230;<span class=\"screen-reader-text\">  30 ans d&#8217;engagement \u2014 Les Femmes* pour la Paix c\u00e9l\u00e8brent leur aniverstaire et publient un livre<\/span><\/a><\/p>\n","protected":false},"author":3,"featured_media":4816,"comment_status":"closed","ping_status":"closed","sticky":false,"template":"","format":"standard","meta":{"advgb_blocks_editor_width":"","advgb_blocks_columns_visual_guide":""},"categories":[99],"tags":[],"issue":[328],"acf":[],"author_meta":{"display_name":"\u00e0 propos","author_link":"https:\/\/koff.swisspeace.ch\/apropos\/author\/apropos\/"},"featured_img":"https:\/\/koff.swisspeace.ch\/apropos\/wp-content\/uploads\/2024\/12\/Illustration-newsFrauenFrieden-600x331.jpg","coauthors":[],"tax_additional":{"categories":{"linked":["<a href=\"https:\/\/koff.swisspeace.ch\/apropos\/category\/news-fr\/\" class=\"advgb-post-tax-term\">Actualit\u00e9<\/a>"],"unlinked":["<span class=\"advgb-post-tax-term\">Actualit\u00e9<\/span>"]}},"comment_count":0,"relative_dates":{"created":"Posted 2 years ago","modified":"Updated 2 years ago"},"absolute_dates":{"created":"Posted on December 18, 2024","modified":"Updated on December 18, 2024"},"absolute_dates_time":{"created":"Posted on December 18, 2024 9:45 am","modified":"Updated on December 18, 2024 9:45 am"},"featured_img_caption":"","series_order":null,"_links":{"self":[{"href":"https:\/\/koff.swisspeace.ch\/apropos\/wp-json\/wp\/v2\/posts\/4826"}],"collection":[{"href":"https:\/\/koff.swisspeace.ch\/apropos\/wp-json\/wp\/v2\/posts"}],"about":[{"href":"https:\/\/koff.swisspeace.ch\/apropos\/wp-json\/wp\/v2\/types\/post"}],"author":[{"embeddable":true,"href":"https:\/\/koff.swisspeace.ch\/apropos\/wp-json\/wp\/v2\/users\/3"}],"replies":[{"embeddable":true,"href":"https:\/\/koff.swisspeace.ch\/apropos\/wp-json\/wp\/v2\/comments?post=4826"}],"version-history":[{"count":5,"href":"https:\/\/koff.swisspeace.ch\/apropos\/wp-json\/wp\/v2\/posts\/4826\/revisions"}],"predecessor-version":[{"id":4950,"href":"https:\/\/koff.swisspeace.ch\/apropos\/wp-json\/wp\/v2\/posts\/4826\/revisions\/4950"}],"wp:featuredmedia":[{"embeddable":true,"href":"https:\/\/koff.swisspeace.ch\/apropos\/wp-json\/wp\/v2\/media\/4816"}],"wp:attachment":[{"href":"https:\/\/koff.swisspeace.ch\/apropos\/wp-json\/wp\/v2\/media?parent=4826"}],"wp:term":[{"taxonomy":"category","embeddable":true,"href":"https:\/\/koff.swisspeace.ch\/apropos\/wp-json\/wp\/v2\/categories?post=4826"},{"taxonomy":"post_tag","embeddable":true,"href":"https:\/\/koff.swisspeace.ch\/apropos\/wp-json\/wp\/v2\/tags?post=4826"},{"taxonomy":"issue","embeddable":true,"href":"https:\/\/koff.swisspeace.ch\/apropos\/wp-json\/wp\/v2\/issue?post=4826"}],"curies":[{"name":"wp","href":"https:\/\/api.w.org\/{rel}","templated":true}]}}