{"id":4836,"date":"2024-12-18T09:43:25","date_gmt":"2024-12-18T09:43:25","guid":{"rendered":"https:\/\/koff.swisspeace.ch\/apropos\/?p=4836"},"modified":"2024-12-18T09:43:25","modified_gmt":"2024-12-18T09:43:25","slug":"events-17","status":"publish","type":"post","link":"https:\/\/koff.swisspeace.ch\/apropos\/4836\/events-17\/","title":{"rendered":"Events"},"content":{"rendered":"\n<h2><strong>Basel Peace Forum<\/strong><\/h2>\n\n\n\n<p><strong>23. Januar 2025, 10:00 Uhr im kHaus, Basel<\/strong> (auf Einladung)<\/p>\n\n\n\n<p>swisspeace organisiert die neunte Ausgabe des Basel Peace Forum in Basel. Das Forum, das 2017 als swisspeace-Projekt ins Leben gerufen wurde, bringt f\u00fchrende Expert:innen und Praktiker:innen aus der ganzen Welt zusammen, um zentrale Themen im Zusammenhang mit Frieden und Konflikttransformation zu diskutieren.<br>Die 2025-Ausgabe wird sich dem Thema \u00abImagining Peace\u00bb &nbsp;widmen. Tauben, Politiker:innen, die sich die Hand sch\u00fctteln, Fahnen, die bei einer Parade geschwenkt werden \u2013 wenn wir an visuelle Darstellungen von Frieden denken, sehen wir oft die gleichen Klischees. Angesichts der Tatsache, dass Bilder unser Verst\u00e4ndnis von Frieden und Konflikten pr\u00e4gen, stellt sich die Frage, ob es nicht an der Zeit ist, ein nuancierteres Bild zu zeichnen.<\/p>\n\n\n\n<p>Weitere Informationen <a rel=\"noreferrer noopener\" href=\"https:\/\/basel-peace.org\/bpf-2025\/\" target=\"_blank\">hier<\/a>.<\/p>\n\n\n\n<h2><strong>Meet &amp; Greet with young@mission21<\/strong><\/h2>\n\n\n\n<p><strong>23. Januar 2025, 13:00 Uhr, online<\/strong><\/p>\n\n\n\n<p>Das Team &#8220;young@mission21&#8221; l\u00e4dt alle interessierten Personen zu einer Informationsveranstaltung zu den aktuellen Projekten und Fokusthemen f\u00fcr das Jahr 2025 ein. Es gibt vielf\u00e4ltige Angebote zur F\u00f6rderung der inter- und transkulturellen Kompetenzen junger Erwachsener. Doch wie sehen diese konkret aus? Diese und weitere Fragen werden beim \u00abMeet &amp; Greet with young@mission21\u00bb besprochen.<\/p>\n\n\n\n<p>Weitere Informationen &amp; Anmeldung <a href=\"young@mission-21.org\">hier<\/a>.<\/p>\n\n\n\n<h2><strong>Informationsveranstaltung von Eirene Schweiz<\/strong> <\/h2>\n\n\n\n<p><strong>Freiwilligenarbeit in einem Land der s\u00fcdlichen Hemisph\u00e4re?<\/strong><br><strong>30. Januar 2025, 18:30 Uhr, online<\/strong><\/p>\n\n\n\n<p>M\u00f6chten Sie sich in Afrika, Lateinamerika oder Asien engagieren? Sind Sie eine qualifizierte Fachkraft oder ein:e Hochschulabsolvent:in, der:die an einer Erfahrung in der internationalen Zusammenarbeit interessiert ist?<\/p>\n\n\n\n<p>Weitere Informationen &amp; Anmeldung <a href=\"https:\/\/docs.google.com\/forms\/d\/1Zx4iNxNjmjEYrijunRtDYAKNfiX9g3Ok93AY0si6-m8\/viewform?edit_requested=true\">hier<\/a>.<\/p>\n","protected":false},"excerpt":{"rendered":"<p>Basel Peace Forum 23. Januar 2025, 10:00 Uhr im kHaus, Basel (auf Einladung) swisspeace organisiert die neunte Ausgabe des Basel Peace Forum in Basel. Das Forum, das 2017 als swisspeace-Projekt ins Leben gerufen wurde, bringt f\u00fchrende Expert:innen und Praktiker:innen aus der ganzen Welt zusammen, um zentrale Themen im Zusammenhang mit Frieden und Konflikttransformation zu diskutieren.Die <a href=\"https:\/\/koff.swisspeace.ch\/apropos\/4836\/events-17\/\" class=\"more-link\">&#8230;<span class=\"screen-reader-text\">  Events<\/span><\/a><\/p>\n","protected":false},"author":3,"featured_media":4968,"comment_status":"closed","ping_status":"closed","sticky":false,"template":"","format":"standard","meta":{"advgb_blocks_editor_width":"","advgb_blocks_columns_visual_guide":""},"categories":[93],"tags":[],"issue":[326],"acf":[],"author_meta":{"display_name":"\u00e0 propos","author_link":"https:\/\/koff.swisspeace.ch\/apropos\/author\/apropos\/"},"featured_img":"https:\/\/koff.swisspeace.ch\/apropos\/wp-content\/uploads\/2024\/12\/Icons-Events-1-600x332.png","coauthors":[],"tax_additional":{"categories":{"linked":["<a href=\"https:\/\/koff.swisspeace.ch\/apropos\/category\/calendar-de\/\" class=\"advgb-post-tax-term\">Kalender<\/a>"],"unlinked":["<span class=\"advgb-post-tax-term\">Kalender<\/span>"]}},"comment_count":0,"relative_dates":{"created":"Posted 2 years ago","modified":"Updated 2 years ago"},"absolute_dates":{"created":"Posted on December 18, 2024","modified":"Updated on December 18, 2024"},"absolute_dates_time":{"created":"Posted on December 18, 2024 9:43 am","modified":"Updated on December 18, 2024 9:43 am"},"featured_img_caption":"","series_order":null,"_links":{"self":[{"href":"https:\/\/koff.swisspeace.ch\/apropos\/wp-json\/wp\/v2\/posts\/4836"}],"collection":[{"href":"https:\/\/koff.swisspeace.ch\/apropos\/wp-json\/wp\/v2\/posts"}],"about":[{"href":"https:\/\/koff.swisspeace.ch\/apropos\/wp-json\/wp\/v2\/types\/post"}],"author":[{"embeddable":true,"href":"https:\/\/koff.swisspeace.ch\/apropos\/wp-json\/wp\/v2\/users\/3"}],"replies":[{"embeddable":true,"href":"https:\/\/koff.swisspeace.ch\/apropos\/wp-json\/wp\/v2\/comments?post=4836"}],"version-history":[{"count":10,"href":"https:\/\/koff.swisspeace.ch\/apropos\/wp-json\/wp\/v2\/posts\/4836\/revisions"}],"predecessor-version":[{"id":4967,"href":"https:\/\/koff.swisspeace.ch\/apropos\/wp-json\/wp\/v2\/posts\/4836\/revisions\/4967"}],"wp:featuredmedia":[{"embeddable":true,"href":"https:\/\/koff.swisspeace.ch\/apropos\/wp-json\/wp\/v2\/media\/4968"}],"wp:attachment":[{"href":"https:\/\/koff.swisspeace.ch\/apropos\/wp-json\/wp\/v2\/media?parent=4836"}],"wp:term":[{"taxonomy":"category","embeddable":true,"href":"https:\/\/koff.swisspeace.ch\/apropos\/wp-json\/wp\/v2\/categories?post=4836"},{"taxonomy":"post_tag","embeddable":true,"href":"https:\/\/koff.swisspeace.ch\/apropos\/wp-json\/wp\/v2\/tags?post=4836"},{"taxonomy":"issue","embeddable":true,"href":"https:\/\/koff.swisspeace.ch\/apropos\/wp-json\/wp\/v2\/issue?post=4836"}],"curies":[{"name":"wp","href":"https:\/\/api.w.org\/{rel}","templated":true}]}}