{"id":4838,"date":"2024-12-18T09:45:27","date_gmt":"2024-12-18T09:45:27","guid":{"rendered":"https:\/\/koff.swisspeace.ch\/apropos\/?p=4838"},"modified":"2024-12-18T09:45:27","modified_gmt":"2024-12-18T09:45:27","slug":"evenements-9","status":"publish","type":"post","link":"https:\/\/koff.swisspeace.ch\/apropos\/4838\/evenements-9\/","title":{"rendered":"\u00c9v\u00e9nements"},"content":{"rendered":"\n<h2><strong>Basel Peace Forum<\/strong><\/h2>\n\n\n\n<p><strong>23 janvier 2025, 10h00 kHaus, B\u00e2le<\/strong> (sur invitation)<\/p>\n\n\n\n<p>En Janvier 2025, swisspeace organisera la neuvi\u00e8me \u00e9dition du Basel Peace Forum. Initi\u00e9 en 2017 en tant que projet de swisspeace, cet \u00e9v\u00e9nement r\u00e9unit des expert\u00b7es et des praticien\u00b7nes du monde entier pour discuter des enjeux cl\u00e9s li\u00e9s \u00e0 la paix et \u00e0 la transformation des conflits.<br>Le th\u00e8me de l\u2019\u00e9dition 2025 sera \u00ab Imaginer la paix \u00bb. Colombes, politicien\u00b7nes se serrant la main, drapeaux agit\u00e9s lors d\u2019un d\u00e9fil\u00e9 &#8211; lorsque nous pensons aux repr\u00e9sentations visuelles de la paix, nous voyons souvent les m\u00eames clich\u00e9s. Compte tenu du pouvoir des images dans la formation de notre compr\u00e9hension de la paix et du conflit, n&#8217;est-il pas temps de repeindre un tableau plus nuanc\u00e9 ?<\/p>\n\n\n\n<p>Plus d&#8217;informations <a href=\"https:\/\/basel-peace.org\/bpf-2025\/\">ici<\/a>.<\/p>\n\n\n\n<h2><strong>Meet &amp; Greet avec young@mission21<\/strong><\/h2>\n\n\n\n<p><strong>23 janvier 2025, 13h00, en ligne<\/strong><\/p>\n\n\n\n<p>L\u2019\u00e9quipe de young@mission21 invite toutes les personnes int\u00e9ress\u00e9es \u00e0 une session d&#8217;information sur leurs projets actuels et leurs th\u00e8mes prioritaires.<br>Les diverses initiatives visant \u00e0 favoriser les comp\u00e9tences interculturelles et transculturelles des jeunes adultes constituent un compl\u00e9ment passionnant au travail de mission 21 avec les jeunes. Qu&#8217;en est-il concr\u00e8tement ? L\u2019\u00e9quipe de young@mission21 r\u00e9pondra \u00e0 cette question ainsi qu&#8217;\u00e0 bien d&#8217;autres lors de l&#8217;\u00e9v\u00e9nement \u00ab Meet &amp; Greet \u00bb , o\u00f9 sera \u00e9galement pr\u00e9sent\u00e9 le programme 2025 et les th\u00e8mes prioritaires de l\u2019ann\u00e9e.<\/p>\n\n\n\n<p>Plus d&#8217;informations <a rel=\"noreferrer noopener\" href=\"young@mission-21.org\" target=\"_blank\">ici<\/a>.<\/p>\n\n\n\n<h2><strong>S\u00e9ance d\u2019informations d\u2019Eirene Suisse<\/strong><\/h2>\n\n\n\n<p><strong>30 janvier 2025, 18h30, en ligne<\/strong><br>Vous envisagez\u00a0de vous engager en Afrique, en Am\u00e9rique latine ou en Asie? Vous \u00eates un\u00b7e professionnel\u00b7le qualifi\u00e9\u00b7e ou un jeune dipl\u00f4m\u00e9\u00b7e int\u00e9ress\u00e9\u00b7e par une exp\u00e9rience dans la coop\u00e9ration internationale?<\/p>\n\n\n\n<p>Plus d&#8217;informations <a rel=\"noreferrer noopener\" href=\"https:\/\/docs.google.com\/forms\/d\/1Zx4iNxNjmjEYrijunRtDYAKNfiX9g3Ok93AY0si6-m8\/viewform?edit_requested=true\" target=\"_blank\">ici<\/a>.<\/p>\n","protected":false},"excerpt":{"rendered":"<p>Basel Peace Forum 23 janvier 2025, 10h00 kHaus, B\u00e2le (sur invitation) En Janvier 2025, swisspeace organisera la neuvi\u00e8me \u00e9dition du Basel Peace Forum. Initi\u00e9 en 2017 en tant que projet de swisspeace, cet \u00e9v\u00e9nement r\u00e9unit des expert\u00b7es et des praticien\u00b7nes du monde entier pour discuter des enjeux cl\u00e9s li\u00e9s \u00e0 la paix et \u00e0 la <a href=\"https:\/\/koff.swisspeace.ch\/apropos\/4838\/evenements-9\/\" class=\"more-link\">&#8230;<span class=\"screen-reader-text\">  \u00c9v\u00e9nements<\/span><\/a><\/p>\n","protected":false},"author":3,"featured_media":4842,"comment_status":"closed","ping_status":"closed","sticky":false,"template":"","format":"standard","meta":{"advgb_blocks_editor_width":"","advgb_blocks_columns_visual_guide":""},"categories":[97],"tags":[],"issue":[328],"acf":[],"author_meta":{"display_name":"\u00e0 propos","author_link":"https:\/\/koff.swisspeace.ch\/apropos\/author\/apropos\/"},"featured_img":"https:\/\/koff.swisspeace.ch\/apropos\/wp-content\/uploads\/2024\/12\/Icons-Events-600x332.png","coauthors":[],"tax_additional":{"categories":{"linked":["<a href=\"https:\/\/koff.swisspeace.ch\/apropos\/category\/calendar-fr\/\" class=\"advgb-post-tax-term\">Calendrier<\/a>"],"unlinked":["<span class=\"advgb-post-tax-term\">Calendrier<\/span>"]}},"comment_count":0,"relative_dates":{"created":"Posted 2 years ago","modified":"Updated 2 years ago"},"absolute_dates":{"created":"Posted on December 18, 2024","modified":"Updated on December 18, 2024"},"absolute_dates_time":{"created":"Posted on December 18, 2024 9:45 am","modified":"Updated on December 18, 2024 9:45 am"},"featured_img_caption":"","series_order":null,"_links":{"self":[{"href":"https:\/\/koff.swisspeace.ch\/apropos\/wp-json\/wp\/v2\/posts\/4838"}],"collection":[{"href":"https:\/\/koff.swisspeace.ch\/apropos\/wp-json\/wp\/v2\/posts"}],"about":[{"href":"https:\/\/koff.swisspeace.ch\/apropos\/wp-json\/wp\/v2\/types\/post"}],"author":[{"embeddable":true,"href":"https:\/\/koff.swisspeace.ch\/apropos\/wp-json\/wp\/v2\/users\/3"}],"replies":[{"embeddable":true,"href":"https:\/\/koff.swisspeace.ch\/apropos\/wp-json\/wp\/v2\/comments?post=4838"}],"version-history":[{"count":6,"href":"https:\/\/koff.swisspeace.ch\/apropos\/wp-json\/wp\/v2\/posts\/4838\/revisions"}],"predecessor-version":[{"id":4969,"href":"https:\/\/koff.swisspeace.ch\/apropos\/wp-json\/wp\/v2\/posts\/4838\/revisions\/4969"}],"wp:featuredmedia":[{"embeddable":true,"href":"https:\/\/koff.swisspeace.ch\/apropos\/wp-json\/wp\/v2\/media\/4842"}],"wp:attachment":[{"href":"https:\/\/koff.swisspeace.ch\/apropos\/wp-json\/wp\/v2\/media?parent=4838"}],"wp:term":[{"taxonomy":"category","embeddable":true,"href":"https:\/\/koff.swisspeace.ch\/apropos\/wp-json\/wp\/v2\/categories?post=4838"},{"taxonomy":"post_tag","embeddable":true,"href":"https:\/\/koff.swisspeace.ch\/apropos\/wp-json\/wp\/v2\/tags?post=4838"},{"taxonomy":"issue","embeddable":true,"href":"https:\/\/koff.swisspeace.ch\/apropos\/wp-json\/wp\/v2\/issue?post=4838"}],"curies":[{"name":"wp","href":"https:\/\/api.w.org\/{rel}","templated":true}]}}