{"id":5014,"date":"2025-03-25T06:52:18","date_gmt":"2025-03-25T06:52:18","guid":{"rendered":"https:\/\/koff.swisspeace.ch\/apropos\/?p=5014"},"modified":"2025-03-25T10:20:04","modified_gmt":"2025-03-25T10:20:04","slug":"le-sahara-occidental-derniere-colonie-dafrique","status":"publish","type":"post","link":"https:\/\/koff.swisspeace.ch\/apropos\/5014\/le-sahara-occidental-derniere-colonie-dafrique\/","title":{"rendered":"Le Sahara occidental \u2013 Derni\u00e8re colonie d\u2019Afrique"},"content":{"rendered":"\n<p>La frustration grandit parmi la population sahraouie. Depuis 1975, elle vit dans des conditions pr\u00e9caires, soit dans des camps de r\u00e9fugi\u00e9\u00b7es en plein d\u00e9sert, soit sous une r\u00e9pression massive en territoire occup\u00e9. Pendant ce temps, la puissance occupante, le Maroc, joue de ses int\u00e9r\u00eats g\u00e9opolitiques. Le conflit colonial au sujet du Sahara occidental reste irr\u00e9solu.<\/p>\n\n\n\n<p>Le territoire figure sur la plupart des cartes g\u00e9ographiques&nbsp;; mais pas toutes. Tout d\u00e9pend des sources d\u2019informations et des int\u00e9r\u00eats en jeu. Situ\u00e9 sur la c\u00f4te atlantique africaine, le Sahara occidental est occup\u00e9 par le Maroc depuis 1975. Ancienne colonie espagnole, il a obtenu le statut de territoire non autonome par l\u2019ONU, c\u2019est-\u00e0-dire un territoire o\u00f9 le processus de d\u00e9colonisation n\u2019a jamais \u00e9t\u00e9 achev\u00e9. Il est ainsi consid\u00e9r\u00e9 comme la derni\u00e8re colonie d\u2019Afrique. Le r\u00e9f\u00e9rendum sur son autod\u00e9termination pr\u00e9vu par l\u2019accord ayant men\u00e9 \u00e0 un cessez-le-feu en 1991 n\u2019a jamais eu lieu. Depuis, la mission de paix de l\u2019ONU, MINURSO, est pr\u00e9sente sur place. Chaque automne, le Conseil de s\u00e9curit\u00e9 de l\u2019ONU qui est charg\u00e9 de la r\u00e9solution de ce conflit prolonge son mandat d\u2019un an, sans pour autant avancer sur le fond du probl\u00e8me.<\/p>\n\n\n\n<p>Les deux autres parties du territoire sahraoui sont constitu\u00e9es de cinq camps de r\u00e9fugi\u00e9\u00b7es dans le d\u00e9sert alg\u00e9rien, o\u00f9 les Sahraoui\u00b7es ont fui en 1975 apr\u00e8s l\u2019invasion marocaine, ainsi que de la zone lib\u00e9r\u00e9e, une bande de terre aride. Celle-ci est s\u00e9par\u00e9e du Sahara occidental occup\u00e9 par un mur de sable de 2 700 km, entour\u00e9 de plusieurs millions de mines terrestres.<\/p>\n\n\n\n<p>C\u2019est compliqu\u00e9.<\/p>\n\n\n\n<p>C\u2019est peut-\u00eatre l\u2019une des raisons pour lesquelles le Sahara occidental attire si peu d\u2019attention. De plus, l\u2019int\u00e9r\u00eat international se porte naturellement sur des conflits plus r\u00e9cents et plus intenses.<\/p>\n\n\n\n<p><strong>Un blocus m\u00e9diatique rigoureux<\/strong><br>Mais cette invisibilit\u00e9 s\u2019explique aussi par le travail m\u00e9diatique efficace du Maroc. Ce pays est davantage connu comme une destination touristique que comme une r\u00e9gion en conflit, et il se positionne depuis quelques ann\u00e9es comme un champion des \u00e9nergies renouvelables. Ironiquement, la majeure partie de ces projets est implant\u00e9e dans le Sahara occidental occup\u00e9. Alors que les amateur\u00b7rices de kitesurf y sont les bienvenu\u00b7es, les journalistes et les observateur\u00b7rices des droits humains y sont exclu\u00b7es. Depuis 2014, environ 300 personnes ont \u00e9t\u00e9 expuls\u00e9es du Sahara occidental occup\u00e9, parmi lesquelles huit parlementaires europ\u00e9en\u00b7nes qui souhaitaient observer la situation des droits humains sur place. Plusieurs organisations internationales, dont Amnesty International et Human Rights Watch sont interdites d\u2019acc\u00e8s. Le Sahara occidental occup\u00e9 est donc soumis \u00e0 un blocus m\u00e9diatique strict. La situation des droits humains est catastrophique pour les Sahraoui\u00b7es engag\u00e9\u00b7es sur le plan politique.<\/p>\n\n\n\n<p><strong>Europe et peur de l\u2019immigration<\/strong><br>Le Maroc exploite sans scrupule les int\u00e9r\u00eats g\u00e9opolitiques de l\u2019Europe. Aujourd\u2019hui, la peur des migrant\u00b7es est devenue son arme la plus redoutable pour s\u2019assurer du soutien des pays europ\u00e9ens sur la question du Sahara occidental.<\/p>\n\n\n\n<p>Les rares moments o\u00f9 la situation sahraouie a fait la une des m\u00e9dias ont \u00e9t\u00e9 ceux o\u00f9 le Maroc a suspendu le contr\u00f4le des fronti\u00e8res aux enclaves espagnoles de Ceuta et Melilla. Ces derni\u00e8res ann\u00e9es, Rabat a \u00e0 plusieurs reprises laiss\u00e9 affluer des milliers de migrant\u00b7es en guise de repr\u00e9sailles contre l\u2019UE ou un pays europ\u00e9en qui n\u2019avait pas adopt\u00e9 la position souhait\u00e9e par le Maroc sur la question du Sahara occidental. Ces moments o\u00f9 le Sahara occidental est projett\u00e9 sous le projecteurs m\u00e9diatiques permettent de clarifier les rapports de force.<\/p>\n\n\n\n<p>En plus de la migration, l\u2019autre \u00e9l\u00e9ment cl\u00e9 du lobbying marocain est l\u2019\u00e9conomie. Le Maroc se pr\u00e9sente comme un partenaire commercial stable en Afrique du Nord et fait la promotion des opportunit\u00e9s d\u2019investissement aupr\u00e8s des entreprises \u00e9trang\u00e8res. Ce faisant, il s\u2019assure le soutien des milieux des affaires et impose progressivement sa pr\u00e9sence en d\u00e9veloppant son emprise sur les infrastructures et l\u2019\u00e9conomie.<\/p>\n\n\n\n<p><strong>Une frustration croissante parmi les Sahraoui\u00b7es<\/strong><br>L\u2019ONG terre des hommes schweiz soutient un projet social pour les jeunes dans un camps de r\u00e9fugi\u00e9\u00b7es sahraoui\u00b7es. La frustration face \u00e0 l\u2019indiff\u00e9rence de la communaut\u00e9 internationale ne cesse de cro\u00eetre, surtout chez les jeunes.<\/p>\n\n\n\n<p>Dans les camps o\u00f9 les r\u00e9fugi\u00e9\u00b7es sont d\u00e9pendant\u00b7es de l\u2019aide humanitaire internationale, la situation se d\u00e9t\u00e9riore. Le Programme alimentaire mondial est chroniquement sous-financ\u00e9, et le r\u00e9chauffement climatique d\u00e9t\u00e9riore les conditions de vie : en \u00e9t\u00e9, les temp\u00e9ratures atteignent 50\u00b0C et les pr\u00e9cipitations saisonni\u00e8res entra\u00eenent des inondations.<\/p>\n\n\n\n<p>L\u2019absence de perspectives chez les jeunes Sahraoui\u00b7es augmente le risque de radicalisation. Ils\u00b7elles en ont assez d\u2019attendre dans le sable.<\/p>\n\n\n\n<p>Dans les territoires occup\u00e9s, le temps joue en faveur du Maroc. Sa politique de colonisation a modifi\u00e9 la d\u00e9mographie locale. Selon un arr\u00eat de la Cour de justice de l\u2019Union europ\u00e9enne en 2024, les Sahraoui\u00b7es ne repr\u00e9sentent plus que 25 % de la population. Cela complique la tenue du r\u00e9f\u00e9rendum sur l\u2019autod\u00e9termination, pr\u00e9vu depuis 1991.<\/p>\n\n\n\n<p>Le point de blocage a toujours \u00e9t\u00e9 la d\u00e9finition du corps \u00e9lectoral. Aujourd\u2019hui, le Maroc assume ouvertement son refus d\u2019accorder l\u2019ind\u00e9pendance au Sahara occidental et propose au mieux un statut d\u2019autonomie sous sa souverainet\u00e9. Or, cette position va \u00e0 l\u2019encontre du droit \u00e0 l\u2019autod\u00e9termination inscrit dans le droit international. Le Front Polisario, repr\u00e9sentant du peuple sahraoui, rejette fermement cette option.<\/p>\n\n\n\n<p>L\u2019indiff\u00e9rence internationale laisse un go\u00fbt amer aux journalistes et militant\u00b7es sahraoui\u00b7es, qui subissent des restrictions et des violations des droits humains massives dans la zone occup\u00e9e.<\/p>\n\n\n\n<p><strong>Des opportunit\u00e9s pour le plaidoyer<\/strong><br>L\u2019int\u00e9r\u00eat du Maroc pour le d\u00e9veloppement de ses relations \u00e9conomiques avec l\u2019Europe pourrait toutefois offrir un levier pour la mobilisation en faveur du Sahara occidental.<\/p>\n\n\n\n<p>Selon le droit international, l\u2019exploitation des ressources naturelles d\u2019un territoire non autonome ne peut avoir lieu qu\u2019avec le consentement de son peuple. Or, plusieurs jugements de la Cour de justice de l\u2019UE ont conclu que le Sahara occidental, en tant que parti tiers, ne peut \u00eatre inclus dans les accords commerciaux entre le Maroc et l\u2019UE.<\/p>\n\n\n\n<p>Depuis des ann\u00e9es, terre des hommes suisse utilise ces d\u00e9cisions comme outil de plaidoyer. En collaboration avec un r\u00e9seau international, l\u2019organisation sensibilise les entreprises, investisseurs et autorit\u00e9s suisses aux implications \u00e9thiques et juridiques des activit\u00e9s \u00e9conomiques au Sahara occidental occup\u00e9. Cette approche permet d\u2019atteindre un public diff\u00e9rent, tout en emp\u00eachant que le statu quo colonial ne soit renforc\u00e9 par des faits \u00e9tablis sur le terrain.<\/p>\n","protected":false},"excerpt":{"rendered":"<p>La frustration grandit parmi la population sahraouie. Depuis 1975, elle vit dans des conditions pr\u00e9caires, soit dans des camps de r\u00e9fugi\u00e9\u00b7es en plein d\u00e9sert, soit sous une r\u00e9pression massive en territoire occup\u00e9. Pendant ce temps, la puissance occupante, le Maroc, joue de ses int\u00e9r\u00eats g\u00e9opolitiques. Le conflit colonial au sujet du Sahara occidental reste irr\u00e9solu. <a href=\"https:\/\/koff.swisspeace.ch\/apropos\/5014\/le-sahara-occidental-derniere-colonie-dafrique\/\" class=\"more-link\">&#8230;<span class=\"screen-reader-text\">  Le Sahara occidental \u2013 Derni\u00e8re colonie d\u2019Afrique<\/span><\/a><\/p>\n","protected":false},"author":3,"featured_media":5005,"comment_status":"closed","ping_status":"closed","sticky":false,"template":"","format":"standard","meta":{"advgb_blocks_editor_width":"","advgb_blocks_columns_visual_guide":""},"categories":[89],"tags":[],"issue":[356],"acf":[],"author_meta":{"display_name":"\u00e0 propos","author_link":"https:\/\/koff.swisspeace.ch\/apropos\/author\/apropos\/"},"featured_img":"https:\/\/koff.swisspeace.ch\/apropos\/wp-content\/uploads\/2025\/03\/16-scaled-1-600x333.jpg","coauthors":[],"tax_additional":{"categories":{"linked":["<a href=\"https:\/\/koff.swisspeace.ch\/apropos\/category\/focus-fr\/\" class=\"advgb-post-tax-term\">Point fort<\/a>"],"unlinked":["<span class=\"advgb-post-tax-term\">Point fort<\/span>"]}},"comment_count":0,"relative_dates":{"created":"Posted 1 year ago","modified":"Updated 1 year ago"},"absolute_dates":{"created":"Posted on March 25, 2025","modified":"Updated on March 25, 2025"},"absolute_dates_time":{"created":"Posted on March 25, 2025 6:52 am","modified":"Updated on March 25, 2025 10:20 am"},"featured_img_caption":"","series_order":null,"_links":{"self":[{"href":"https:\/\/koff.swisspeace.ch\/apropos\/wp-json\/wp\/v2\/posts\/5014"}],"collection":[{"href":"https:\/\/koff.swisspeace.ch\/apropos\/wp-json\/wp\/v2\/posts"}],"about":[{"href":"https:\/\/koff.swisspeace.ch\/apropos\/wp-json\/wp\/v2\/types\/post"}],"author":[{"embeddable":true,"href":"https:\/\/koff.swisspeace.ch\/apropos\/wp-json\/wp\/v2\/users\/3"}],"replies":[{"embeddable":true,"href":"https:\/\/koff.swisspeace.ch\/apropos\/wp-json\/wp\/v2\/comments?post=5014"}],"version-history":[{"count":7,"href":"https:\/\/koff.swisspeace.ch\/apropos\/wp-json\/wp\/v2\/posts\/5014\/revisions"}],"predecessor-version":[{"id":5356,"href":"https:\/\/koff.swisspeace.ch\/apropos\/wp-json\/wp\/v2\/posts\/5014\/revisions\/5356"}],"wp:featuredmedia":[{"embeddable":true,"href":"https:\/\/koff.swisspeace.ch\/apropos\/wp-json\/wp\/v2\/media\/5005"}],"wp:attachment":[{"href":"https:\/\/koff.swisspeace.ch\/apropos\/wp-json\/wp\/v2\/media?parent=5014"}],"wp:term":[{"taxonomy":"category","embeddable":true,"href":"https:\/\/koff.swisspeace.ch\/apropos\/wp-json\/wp\/v2\/categories?post=5014"},{"taxonomy":"post_tag","embeddable":true,"href":"https:\/\/koff.swisspeace.ch\/apropos\/wp-json\/wp\/v2\/tags?post=5014"},{"taxonomy":"issue","embeddable":true,"href":"https:\/\/koff.swisspeace.ch\/apropos\/wp-json\/wp\/v2\/issue?post=5014"}],"curies":[{"name":"wp","href":"https:\/\/api.w.org\/{rel}","templated":true}]}}