{"id":5020,"date":"2025-03-25T06:51:49","date_gmt":"2025-03-25T06:51:49","guid":{"rendered":"https:\/\/koff.swisspeace.ch\/apropos\/?p=5020"},"modified":"2025-03-25T08:23:41","modified_gmt":"2025-03-25T08:23:41","slug":"benin-gegen-die-gewaltspirale","status":"publish","type":"post","link":"https:\/\/koff.swisspeace.ch\/apropos\/5020\/benin-gegen-die-gewaltspirale\/","title":{"rendered":"Benin \u2013 Gegen die Gewaltspirale"},"content":{"rendered":"\n<p>Die Tage sind selten geworden, an denen der UNO-Sicherheitsrat mit geeinter Stimme spricht. Der 24. Januar dieses Jahres war so ein Tag. Die Mitglieder des m\u00e4chtigen Gremiums <a href=\"https:\/\/press.un.org\/en\/2025\/sc15980.doc.htm\">\u00abverurteilten die terroristischen Attacken in der Point Triple Area in Benin aufs Sch\u00e4rfste\u00bb.<\/a> Dort, im Norden des Landes, griffen nach der Jahreswende bewaffnete Gruppen aus Niger und Burkina Faso einen gut ausger\u00fcsteten Milit\u00e4rst\u00fctzpunkt der beninischen Armee an.<\/p>\n\n\n\n<p>Die Gruppe Jama\u2019at Nusrat al-Islam wal Muslimin (JNIM), die der al-Qaida nahesteht, reklamiert den Angriff f\u00fcr sich. Rund 30 Menschen starben bei dem Angriff.<\/p>\n\n\n\n<p><strong>Mit Gewalt zum Meer<\/strong><br>Der westafrikanische K\u00fcstenstaat Benin grenzt im Norden an die beiden Binnenl\u00e4nder Niger und Burkina Faso. Dort grassiert die Armut, und gewaltbereite Gruppen erstarken und machen auch vor Landesgrenzen keinen Halt. Und das nicht erst seit dem t\u00f6dlichen Anschlag im Januar dieses Jahres. Bereits 2022 warnte Acled, eine US-amerikanische Nichtregierungsorganisation, die Pionierarbeit in der Aufbereitung von Konfliktdaten leistet, <a href=\"https:\/\/acleddata.com\/2022\/09\/23\/jihad-takes-root-in-northern-benin\/\">dass der \u00abDschihad Fuss fasst im Norden Benins\u00bb.<\/a><\/p>\n\n\n\n<p>Die Destabilisierung hat f\u00fcr die radikalen Gruppen einen strategischen Grund: Sie wollen direkten Zugang zum Meer. Denn auch Gewaltakte kosten Geld, und der Grossteil des Welthandels <a href=\"https:\/\/de.statista.com\/themen\/4310\/containerschifffahrt\/#topicOverview\">findet nach wie vor auf Containerschiffen statt.<\/a><\/p>\n\n\n\n<p>Dass der afrikanische Kontinent in der westlichen Berichterstattung grunds\u00e4tzlich unterrepr\u00e4sentiert ist und dies Herausforderungen in der politischen Arbeit und in der Mittelbeschaffung mit sich bringt, ist auch f\u00fcr Br\u00fccke Le Pont nichts Neues. Ungew\u00f6hnlich ist allerdings, dass der Konflikt selbst in Benin nur unzureichend beachtet wird. Weshalb? Die Regierung will den Schein eines friedlichen Landes wahren. F\u00fcr die lokalen Partner:innen von Br\u00fccke Le Pont birgt dies aber Probleme beim Erschliessen von Einkommensquellen. Denn solange die Regierung die Augen vor dem Konflikt verschliesst, drosselt sie auch die Finanzierung derjenigen Akteure, welche einer Eskalation pr\u00e4ventiv entgegenwirken.<\/p>\n\n\n\n<p><strong>Die Zivilgesellschaft als Schutzschild<\/strong><br>Im Rahmen des Programms \u00abArbeit in W\u00fcrde\u00bb arbeitet Br\u00fccke Le Pont an der St\u00e4rkung des sozialen Zusammenhalts. Im Norden Benins geschieht dies durch das Projekt Karit\u00e9, das insbesondere Frauen den Zugang zur profitablen Produktion von Sheabutter erm\u00f6glicht. Durch die Kooperativen erh\u00f6hen die Projektteilnehmer:innen ihr Einkommen und verringern das gesellschaftliche Misstrauen, das radikale Gruppen sch\u00fcren und sich zunutze machen. Auch die nomadischen Fulani, die den sesshaften Menschen fremd sind und denen oft mit Misstrauen begegnet wird, und gefl\u00fcchtete Menschen nehmen inzwischen an dem Projekt teil.<\/p>\n\n\n\n<p>So tr\u00e4gt der soziale Zusammenhalt entscheidend dazu bei, dass gewaltbereite Gruppen vom Meer ferngehalten werden. Noch. Denn so hartn\u00e4ckig die Regierung wegschaut: Die Region wird fragiler. Das ist den Beh\u00f6rden durchaus bewusst. So r\u00e4umte etwa der beninische Oberst Faizou Gomina nach dem gewaltsamen \u00dcberfall im Januar ein: <a href=\"https:\/\/www.bbc.com\/news\/articles\/c4gxqv79r1jo\">\u00abWir haben einen schweren Schlag erlitten.\u00bb<\/a><\/p>\n","protected":false},"excerpt":{"rendered":"<p>Die Tage sind selten geworden, an denen der UNO-Sicherheitsrat mit geeinter Stimme spricht. Der 24. Januar dieses Jahres war so ein Tag. Die Mitglieder des m\u00e4chtigen Gremiums \u00abverurteilten die terroristischen Attacken in der Point Triple Area in Benin aufs Sch\u00e4rfste\u00bb. Dort, im Norden des Landes, griffen nach der Jahreswende bewaffnete Gruppen aus Niger und Burkina <a href=\"https:\/\/koff.swisspeace.ch\/apropos\/5020\/benin-gegen-die-gewaltspirale\/\" class=\"more-link\">&#8230;<span class=\"screen-reader-text\">  Benin \u2013 Gegen die Gewaltspirale<\/span><\/a><\/p>\n","protected":false},"author":3,"featured_media":5025,"comment_status":"closed","ping_status":"closed","sticky":false,"template":"","format":"standard","meta":{"advgb_blocks_editor_width":"","advgb_blocks_columns_visual_guide":""},"categories":[73],"tags":[],"issue":[354],"acf":[],"author_meta":{"display_name":"\u00e0 propos","author_link":"https:\/\/koff.swisspeace.ch\/apropos\/author\/apropos\/"},"featured_img":"https:\/\/koff.swisspeace.ch\/apropos\/wp-content\/uploads\/2025\/03\/188Brucke-600x332.jpg","coauthors":[],"tax_additional":{"categories":{"linked":["<a href=\"https:\/\/koff.swisspeace.ch\/apropos\/category\/reports-de\/\" class=\"advgb-post-tax-term\">Dossier<\/a>"],"unlinked":["<span class=\"advgb-post-tax-term\">Dossier<\/span>"]}},"comment_count":0,"relative_dates":{"created":"Posted 1 year ago","modified":"Updated 1 year ago"},"absolute_dates":{"created":"Posted on March 25, 2025","modified":"Updated on March 25, 2025"},"absolute_dates_time":{"created":"Posted on March 25, 2025 6:51 am","modified":"Updated on March 25, 2025 8:23 am"},"featured_img_caption":"","series_order":null,"_links":{"self":[{"href":"https:\/\/koff.swisspeace.ch\/apropos\/wp-json\/wp\/v2\/posts\/5020"}],"collection":[{"href":"https:\/\/koff.swisspeace.ch\/apropos\/wp-json\/wp\/v2\/posts"}],"about":[{"href":"https:\/\/koff.swisspeace.ch\/apropos\/wp-json\/wp\/v2\/types\/post"}],"author":[{"embeddable":true,"href":"https:\/\/koff.swisspeace.ch\/apropos\/wp-json\/wp\/v2\/users\/3"}],"replies":[{"embeddable":true,"href":"https:\/\/koff.swisspeace.ch\/apropos\/wp-json\/wp\/v2\/comments?post=5020"}],"version-history":[{"count":10,"href":"https:\/\/koff.swisspeace.ch\/apropos\/wp-json\/wp\/v2\/posts\/5020\/revisions"}],"predecessor-version":[{"id":5333,"href":"https:\/\/koff.swisspeace.ch\/apropos\/wp-json\/wp\/v2\/posts\/5020\/revisions\/5333"}],"wp:featuredmedia":[{"embeddable":true,"href":"https:\/\/koff.swisspeace.ch\/apropos\/wp-json\/wp\/v2\/media\/5025"}],"wp:attachment":[{"href":"https:\/\/koff.swisspeace.ch\/apropos\/wp-json\/wp\/v2\/media?parent=5020"}],"wp:term":[{"taxonomy":"category","embeddable":true,"href":"https:\/\/koff.swisspeace.ch\/apropos\/wp-json\/wp\/v2\/categories?post=5020"},{"taxonomy":"post_tag","embeddable":true,"href":"https:\/\/koff.swisspeace.ch\/apropos\/wp-json\/wp\/v2\/tags?post=5020"},{"taxonomy":"issue","embeddable":true,"href":"https:\/\/koff.swisspeace.ch\/apropos\/wp-json\/wp\/v2\/issue?post=5020"}],"curies":[{"name":"wp","href":"https:\/\/api.w.org\/{rel}","templated":true}]}}