{"id":5077,"date":"2025-03-25T06:52:19","date_gmt":"2025-03-25T06:52:19","guid":{"rendered":"https:\/\/koff.swisspeace.ch\/apropos\/?p=5077"},"modified":"2025-03-25T13:44:31","modified_gmt":"2025-03-25T13:44:31","slug":"soudan-le-role-que-pourrait-jouer-lattention-internationale","status":"publish","type":"post","link":"https:\/\/koff.swisspeace.ch\/apropos\/5077\/soudan-le-role-que-pourrait-jouer-lattention-internationale\/","title":{"rendered":"Soudan \u2013 Le r\u00f4le que pourrait jouer l&#8217;attention internationale"},"content":{"rendered":"\n<p>Dans cette conversation, Dr. Entisar Abdelsadig, membre du r\u00e9seau mondial de femmes pour la paix de PeaceWomen Across the Globe \u00ab Feminists Connecting for Peace \u00bb et conseill\u00e8re principale sur le Soudan chez Search for Common Ground, discute de la mani\u00e8re dont les femmes \u0153uvrent pour la paix de mani\u00e8re locale dans le conflit arm\u00e9 \u00ab oubli\u00e9 \u00bb du Soudan.<\/p>\n\n\n\n<p>Le conflit arm\u00e9 a conduit \u00e0 ce qui a \u00e9t\u00e9 d\u00e9crit comme une catastrophe humanitaire sans pr\u00e9c\u00e9dent. Depuis le d\u00e9but du conflit entre les Forces arm\u00e9es soudanaises et les Forces de soutien rapide en avril 2023, des dizaines de milliers de personnes ont \u00e9t\u00e9 tu\u00e9es et des millions ont \u00e9t\u00e9 forc\u00e9es de fuir leur foyer. Pourtant, malgr\u00e9 l&#8217;ampleur des ravages, le conflit reste largement ignor\u00e9 par la communaut\u00e9 internationale.<\/p>\n\n\n\n<p>Entisar Abdelsadig exprime cette frustration : \u00ab Au Soudan, il y a un sentiment g\u00e9n\u00e9ral que le conflit a \u00e9t\u00e9 oubli\u00e9 par la communaut\u00e9 internationale. Cela se manifeste dans des d\u00e9tails \u2013 comme le nombre limit\u00e9 de visas d&#8217;urgence d\u00e9livr\u00e9s aux citoyen\u00b7nes soudanais\u00b7es par les \u00c9tats europ\u00e9ens, surtout par rapport \u00e0 ceux accord\u00e9s aux Ukrainien\u00b7nes. Dans une certaine mesure, cela se comprend ; la guerre en Ukraine semble repr\u00e9senter une menace plus imm\u00e9diate pour les \u00c9tats europ\u00e9ens, ce qui la rend plus pertinente. \u00bb<\/p>\n\n\n\n<p><strong>Un conflit simplifi\u00e9<\/strong><br>Selon Entisar, une autre raison de cette n\u00e9gligence est la mani\u00e8re dont le conflit est souvent simplifi\u00e9 : \u00ab Les gens le voient simplement comme deux g\u00e9n\u00e9raux qui se battent pour le pouvoir. Mais ce n&#8217;est que partiellement vrai. La guerre est profond\u00e9ment ancr\u00e9e dans l&#8217;histoire complexe du Soudan, les conflits non r\u00e9solus et les divisions structurelles. Bien que la rivalit\u00e9 entre les Forces arm\u00e9es soudanaises et les Forces de soutien rapide paramilitaires ait d\u00e9clench\u00e9 la violence, des groupes arm\u00e9s locaux ont \u00e9galement rejoint la lutte, exacerbant une situation d\u00e9j\u00e0 fragile. \u00bb<\/p>\n\n\n\n<p>Elle pense qu&#8217;une attention accrue de la part de la communaut\u00e9 internationale pourrait faire une r\u00e9elle diff\u00e9rence : \u00ab Si la pression publique sur toutes les parties du conflit augmentait, celles-ci seraient condamn\u00e9es pour leurs actions par les acteurs r\u00e9gionaux et internationaux. Cela pourrait conduire \u00e0 une r\u00e9duction de la violence, car les protagonistes du conflit sauraient qu\u2019ils\u00b7elles pourraient \u00eatre tenu\u00b7es responsables par la Cour p\u00e9nale internationale \u00bb.<\/p>\n\n\n\n<p><strong>Construire la paix dans l&#8217;ombre de la guerre<\/strong><br>Alors que l&#8217;attention du monde est ailleurs, ce qui reste encore plus invisible que la guerre elle-m\u00eame, c&#8217;est le r\u00f4le essentiel tenu par les femmes dans la consolidation de la paix. Le partenaire de PeaceWomen Across the Globe, le Centre Badya, en est un exemple. Cette ONG forme et conseille des femmes artisanes de paix \u00e0 Dilling, dans le Kordofan du Sud. Bien que la ville soit assi\u00e9g\u00e9e sur les trois routes principales, les femmes continuent de n\u00e9gocier des cessez-le-feu locaux pour pouvoir ramasser du bois de chauffage et cultiver leurs fermes. Elles \u00e9tablissent des \u00ab march\u00e9s de la paix \u00bb, favorisant le commerce tout en cultivant une confiance fragile mais vitale entre diff\u00e9rents acteurs arm\u00e9s.<\/p>\n\n\n\n<p>\u00ab Ce sont ces personnes qui \u0153uvrent chaque jour \u00e0 la consolidation de la paix, \u00bb d\u00e9clare Entisar. La solidarit\u00e9 mondiale renforce la r\u00e9silience du peuple soudanais, y compris au niveau local. \u00ab Le peuple soudanais vit un cauchemar. Il est souvent sous-estim\u00e9 combien il est important de savoir que nous faisons toujours partie du monde, partie de l&#8217;humanit\u00e9. L&#8217;attention mondiale et la d\u00e9fense du Soudan et de son avenir pacifique enverraient un message puissant : vous n&#8217;\u00eates pas seuls. \u00bb<\/p>\n","protected":false},"excerpt":{"rendered":"<p>Dans cette conversation, Dr. Entisar Abdelsadig, membre du r\u00e9seau mondial de femmes pour la paix de PeaceWomen Across the Globe \u00ab Feminists Connecting for Peace \u00bb et conseill\u00e8re principale sur le Soudan chez Search for Common Ground, discute de la mani\u00e8re dont les femmes \u0153uvrent pour la paix de mani\u00e8re locale dans le conflit arm\u00e9 <a href=\"https:\/\/koff.swisspeace.ch\/apropos\/5077\/soudan-le-role-que-pourrait-jouer-lattention-internationale\/\" class=\"more-link\">&#8230;<span class=\"screen-reader-text\">  Soudan \u2013 Le r\u00f4le que pourrait jouer l&#8217;attention internationale<\/span><\/a><\/p>\n","protected":false},"author":3,"featured_media":5260,"comment_status":"closed","ping_status":"closed","sticky":false,"template":"","format":"standard","meta":{"advgb_blocks_editor_width":"","advgb_blocks_columns_visual_guide":""},"categories":[113],"tags":[],"issue":[356],"acf":[],"author_meta":{"display_name":"\u00e0 propos","author_link":"https:\/\/koff.swisspeace.ch\/apropos\/author\/apropos\/"},"featured_img":"https:\/\/koff.swisspeace.ch\/apropos\/wp-content\/uploads\/2025\/03\/WB188PWAG-600x331.png","coauthors":[],"tax_additional":{"categories":{"linked":["<a href=\"https:\/\/koff.swisspeace.ch\/apropos\/category\/reports-fr\/\" class=\"advgb-post-tax-term\">Dossier<\/a>"],"unlinked":["<span class=\"advgb-post-tax-term\">Dossier<\/span>"]}},"comment_count":0,"relative_dates":{"created":"Posted 1 year ago","modified":"Updated 1 year ago"},"absolute_dates":{"created":"Posted on March 25, 2025","modified":"Updated on March 25, 2025"},"absolute_dates_time":{"created":"Posted on March 25, 2025 6:52 am","modified":"Updated on March 25, 2025 1:44 pm"},"featured_img_caption":"","series_order":null,"_links":{"self":[{"href":"https:\/\/koff.swisspeace.ch\/apropos\/wp-json\/wp\/v2\/posts\/5077"}],"collection":[{"href":"https:\/\/koff.swisspeace.ch\/apropos\/wp-json\/wp\/v2\/posts"}],"about":[{"href":"https:\/\/koff.swisspeace.ch\/apropos\/wp-json\/wp\/v2\/types\/post"}],"author":[{"embeddable":true,"href":"https:\/\/koff.swisspeace.ch\/apropos\/wp-json\/wp\/v2\/users\/3"}],"replies":[{"embeddable":true,"href":"https:\/\/koff.swisspeace.ch\/apropos\/wp-json\/wp\/v2\/comments?post=5077"}],"version-history":[{"count":9,"href":"https:\/\/koff.swisspeace.ch\/apropos\/wp-json\/wp\/v2\/posts\/5077\/revisions"}],"predecessor-version":[{"id":5359,"href":"https:\/\/koff.swisspeace.ch\/apropos\/wp-json\/wp\/v2\/posts\/5077\/revisions\/5359"}],"wp:featuredmedia":[{"embeddable":true,"href":"https:\/\/koff.swisspeace.ch\/apropos\/wp-json\/wp\/v2\/media\/5260"}],"wp:attachment":[{"href":"https:\/\/koff.swisspeace.ch\/apropos\/wp-json\/wp\/v2\/media?parent=5077"}],"wp:term":[{"taxonomy":"category","embeddable":true,"href":"https:\/\/koff.swisspeace.ch\/apropos\/wp-json\/wp\/v2\/categories?post=5077"},{"taxonomy":"post_tag","embeddable":true,"href":"https:\/\/koff.swisspeace.ch\/apropos\/wp-json\/wp\/v2\/tags?post=5077"},{"taxonomy":"issue","embeddable":true,"href":"https:\/\/koff.swisspeace.ch\/apropos\/wp-json\/wp\/v2\/issue?post=5077"}],"curies":[{"name":"wp","href":"https:\/\/api.w.org\/{rel}","templated":true}]}}