{"id":5082,"date":"2025-03-25T06:52:18","date_gmt":"2025-03-25T06:52:18","guid":{"rendered":"https:\/\/koff.swisspeace.ch\/apropos\/?p=5082"},"modified":"2025-03-25T06:52:18","modified_gmt":"2025-03-25T06:52:18","slug":"benin-contre-la-spirale-de-violence","status":"publish","type":"post","link":"https:\/\/koff.swisspeace.ch\/apropos\/5082\/benin-contre-la-spirale-de-violence\/","title":{"rendered":"B\u00e9nin \u2013 Contre la Spirale de Violence"},"content":{"rendered":"\n<p>Les jours o\u00f9 le Conseil de s\u00e9curit\u00e9 de l&#8217;ONU prend position de fa\u00e7on unanime sont rares. Pourtant, le 24 janvier de cette ann\u00e9e en a \u00e9t\u00e9 une exception. Les membres de cet organe puissant ont \u00ab fermement condamn\u00e9 les attaques terroristes dans la zone de Point Triple au B\u00e9nin \u00bb. Dans cette r\u00e9gion du nord du pays, des groupes arm\u00e9s venus du Niger et du Burkina Faso ont men\u00e9 une attaque au d\u00e9but de l&#8217;ann\u00e9e contre une base militaire bien \u00e9quip\u00e9e de l&#8217;arm\u00e9e b\u00e9ninoise.<\/p>\n\n\n\n<p>Le groupe Jama\u2019at Nusrat al-Islam wal Muslimin (JNIM), affili\u00e9 \u00e0 Al-Qa\u00efda, a revendiqu\u00e9 l\u2019attaque. Environ 30 personnes ont perdu la vie lors de cet assaut.<\/p>\n\n\n\n<p><strong>Utilisation de la violence pour atteindre la mer<\/strong><\/p>\n\n\n\n<p>Le B\u00e9nin, pays c\u00f4tier d&#8217;Afrique de l&#8217;Ouest, est bord\u00e9 au nord par deux pays enclav\u00e9s : le Niger et le Burkina Faso. Ces deux pays font face \u00e0 la pauvret\u00e9, et les groupes extr\u00e9mistes violents gagnent en puissance, franchissant les fronti\u00e8res nationales. Ce ph\u00e9nom\u00e8ne n&#8217;est pas nouveau et ne s&#8217;est pas d\u00e9clench\u00e9 avec l&#8217;attaque meurtri\u00e8re de janvier dernier. D\u00e8s 2022, Acled, une ONG am\u00e9ricaine sp\u00e9cialis\u00e9e dans l&#8217;analyse des conflits, avertissait : \u00ab Le djihad s\u2019implante au nord du B\u00e9nin \u00bb.<\/p>\n\n\n\n<p>Pour les groupes radicaux, la d\u00e9stabilisation a un but strat\u00e9gique : ils cherchent \u00e0 obtenir un acc\u00e8s direct \u00e0 la mer. Or, les actes de violence ont un co\u00fbt, et le commerce mondial repose encore largement sur le transport maritime par conteneurs.<\/p>\n\n\n\n<p>Le fait que le continent africain soit g\u00e9n\u00e9ralement sous-repr\u00e9sent\u00e9 dans les m\u00e9dias occidentaux \u2013 compliquant le plaidoyer politique et la lev\u00e9e de fonds \u2013 n&#8217;est pas une nouveaut\u00e9 pour Br\u00fccke Le Pont. Cependant, ce qui est inhabituel, c&#8217;est que m\u00eame au B\u00e9nin, le conflit re\u00e7oit une attention insuffisante. Pourquoi ? Le gouvernement veut pr\u00e9server l\u2019image d\u2019un pays pacifique. Pour les partenaires locaux de Br\u00fccke Le Pont, cela pose probl\u00e8me pour l&#8217;obtention de financements. Tant que les autorit\u00e9s ferment les yeux sur le conflit, elles limitent \u00e9galement le soutien financier aux initiatives qui visent \u00e0 pr\u00e9venir son aggravation.<\/p>\n\n\n\n<p><strong>La soci\u00e9t\u00e9 civile comme rempart<\/strong><\/p>\n\n\n\n<p>Dans le cadre du programme \u00ab Travail Digne \u00bb, Br\u00fccke Le Pont \u0153uvre pour renforcer la coh\u00e9sion sociale. Dans le nord du B\u00e9nin, cela passe par le Projet Karit\u00e9, qui permet aux femmes d\u2019acc\u00e9der \u00e0 une production rentable de beurre de karit\u00e9. En formant des coop\u00e9ratives, les participantes augmentent leurs revenus et r\u00e9duisent la m\u00e9fiance sociale que les groupes radicaux exploitent \u00e0 leur avantage.<\/p>\n\n\n\n<p>L&#8217;initiative inclut \u00e9galement les Peuls, un peuple nomade souvent per\u00e7u avec suspicion par les communaut\u00e9s s\u00e9dentaires, ainsi que des r\u00e9fugi\u00e9\u00b7es qui ont rejoint le projet.<\/p>\n\n\n\n<p>Ainsi, la coh\u00e9sion sociale est un \u00e9l\u00e9ment cl\u00e9 pour emp\u00eacher les groupes violents d&#8217;atteindre la mer \u2013 du moins pour l\u2019instant. Pourtant, malgr\u00e9 le d\u00e9ni persistant du gouvernement, la r\u00e9gion devient de plus en plus fragile. Les autorit\u00e9s en sont bien conscientes. Apr\u00e8s l\u2019attaque meurtri\u00e8re de janvier, le colonel b\u00e9ninois Faizou Gomina a admis : \u00ab Nous avons subi un coup dur. \u00bb<\/p>\n","protected":false},"excerpt":{"rendered":"<p>Les jours o\u00f9 le Conseil de s\u00e9curit\u00e9 de l&#8217;ONU prend position de fa\u00e7on unanime sont rares. Pourtant, le 24 janvier de cette ann\u00e9e en a \u00e9t\u00e9 une exception. Les membres de cet organe puissant ont \u00ab fermement condamn\u00e9 les attaques terroristes dans la zone de Point Triple au B\u00e9nin \u00bb. Dans cette r\u00e9gion du nord <a href=\"https:\/\/koff.swisspeace.ch\/apropos\/5082\/benin-contre-la-spirale-de-violence\/\" class=\"more-link\">&#8230;<span class=\"screen-reader-text\">  B\u00e9nin \u2013 Contre la Spirale de Violence<\/span><\/a><\/p>\n","protected":false},"author":3,"featured_media":5025,"comment_status":"closed","ping_status":"closed","sticky":false,"template":"","format":"standard","meta":{"advgb_blocks_editor_width":"","advgb_blocks_columns_visual_guide":""},"categories":[113],"tags":[],"issue":[356],"acf":[],"author_meta":{"display_name":"\u00e0 propos","author_link":"https:\/\/koff.swisspeace.ch\/apropos\/author\/apropos\/"},"featured_img":"https:\/\/koff.swisspeace.ch\/apropos\/wp-content\/uploads\/2025\/03\/188Brucke-600x332.jpg","coauthors":[],"tax_additional":{"categories":{"linked":["<a href=\"https:\/\/koff.swisspeace.ch\/apropos\/category\/reports-fr\/\" class=\"advgb-post-tax-term\">Dossier<\/a>"],"unlinked":["<span class=\"advgb-post-tax-term\">Dossier<\/span>"]}},"comment_count":0,"relative_dates":{"created":"Posted 1 year ago","modified":"Updated 1 year ago"},"absolute_dates":{"created":"Posted on March 25, 2025","modified":"Updated on March 25, 2025"},"absolute_dates_time":{"created":"Posted on March 25, 2025 6:52 am","modified":"Updated on March 25, 2025 6:52 am"},"featured_img_caption":"","series_order":null,"_links":{"self":[{"href":"https:\/\/koff.swisspeace.ch\/apropos\/wp-json\/wp\/v2\/posts\/5082"}],"collection":[{"href":"https:\/\/koff.swisspeace.ch\/apropos\/wp-json\/wp\/v2\/posts"}],"about":[{"href":"https:\/\/koff.swisspeace.ch\/apropos\/wp-json\/wp\/v2\/types\/post"}],"author":[{"embeddable":true,"href":"https:\/\/koff.swisspeace.ch\/apropos\/wp-json\/wp\/v2\/users\/3"}],"replies":[{"embeddable":true,"href":"https:\/\/koff.swisspeace.ch\/apropos\/wp-json\/wp\/v2\/comments?post=5082"}],"version-history":[{"count":6,"href":"https:\/\/koff.swisspeace.ch\/apropos\/wp-json\/wp\/v2\/posts\/5082\/revisions"}],"predecessor-version":[{"id":5259,"href":"https:\/\/koff.swisspeace.ch\/apropos\/wp-json\/wp\/v2\/posts\/5082\/revisions\/5259"}],"wp:featuredmedia":[{"embeddable":true,"href":"https:\/\/koff.swisspeace.ch\/apropos\/wp-json\/wp\/v2\/media\/5025"}],"wp:attachment":[{"href":"https:\/\/koff.swisspeace.ch\/apropos\/wp-json\/wp\/v2\/media?parent=5082"}],"wp:term":[{"taxonomy":"category","embeddable":true,"href":"https:\/\/koff.swisspeace.ch\/apropos\/wp-json\/wp\/v2\/categories?post=5082"},{"taxonomy":"post_tag","embeddable":true,"href":"https:\/\/koff.swisspeace.ch\/apropos\/wp-json\/wp\/v2\/tags?post=5082"},{"taxonomy":"issue","embeddable":true,"href":"https:\/\/koff.swisspeace.ch\/apropos\/wp-json\/wp\/v2\/issue?post=5082"}],"curies":[{"name":"wp","href":"https:\/\/api.w.org\/{rel}","templated":true}]}}