{"id":5104,"date":"2025-03-25T06:52:19","date_gmt":"2025-03-25T06:52:19","guid":{"rendered":"https:\/\/koff.swisspeace.ch\/apropos\/?p=5104"},"modified":"2025-03-25T06:52:19","modified_gmt":"2025-03-25T06:52:19","slug":"evenements-10","status":"publish","type":"post","link":"https:\/\/koff.swisspeace.ch\/apropos\/5104\/evenements-10\/","title":{"rendered":"\u00c9v\u00e9nements"},"content":{"rendered":"\n<h2><strong>Table ronde KOFF : Navigating Shrinking Space \u2013 Approaches for Strengthening Civil Society<\/strong><\/h2>\n\n\n\n<p><strong>2 avril 2025, 14h15 \u2013 16h45, (en anglais), salle de r\u00e9union K\u00e4figturm (2e \u00e9tage), Polit-Forum, Marktgasse 67, 3011 Berne<\/strong><\/p>\n\n\n\n<p>La prochaine table ronde KOFF portera sur les strat\u00e9gies permettant de faire face \u00e0 la r\u00e9duction de l\u2019espace civique et de renforcer la soci\u00e9t\u00e9 civile. Les participant\u00b7es examineront les obstacles et d\u00e9fis, ainsi que les exp\u00e9riences, approches et strat\u00e9gies li\u00e9s \u00e0 ce th\u00e8me.<\/p>\n\n\n\n<p>Cette table ronde interactive combinera des interventions d\u2019expert\u00b7es et des discussions en groupe, et sera mod\u00e9r\u00e9e par <strong>Cornelia Tobler<\/strong>, coordinatrice de KOFF.<\/p>\n\n\n\n<p>\u2022 Peterson Paul, conseiller en gouvernance et espace civique, Helvetas<br>\u2022 Una Hombrecher, conseill\u00e8re en droits humains et transformation des conflits, HEKS<br>\u2022 Sanna V\u00f6geli, responsable de programme (m\u00e9diation), swisspeace<\/p>\n\n\n\n<p>Inscription <a rel=\"noreferrer noopener\" href=\"https:\/\/invtdu.to\/_lxdxx\" target=\"_blank\">ici<\/a>.<\/p>\n\n\n\n<h2><strong>S\u00e9rie de webinaires \u2039Mission-Colonialism Revisited\u203a<\/strong><\/h2>\n\n\n\n<p><strong>7 mai 2025, 18h30 \u2013 20h00, en ligne<\/strong><\/p>\n\n\n\n<p>Les pays de l\u2019h\u00e9misph\u00e8re Sud sont souvent qualifi\u00e9s de \u00ab sous-d\u00e9velopp\u00e9s \u00bb et consid\u00e9r\u00e9s comme ayant besoin d\u2019aide, en contraste avec ceux de l\u2019h\u00e9misph\u00e8re Nord. De telles conceptions du d\u00e9veloppement reposent en partie sur des st\u00e9r\u00e9otypes racistes dont les racines remontent \u00e0 l\u2019\u00e9poque coloniale. Mission 21 analysera de mani\u00e8re critique les images et le langage utilis\u00e9s dans la coop\u00e9ration internationale (\u00ab au d\u00e9veloppement \u00bb) et identifiera des alternatives antiracistes.<\/p>\n\n\n\n<p>Plus d\u2019informations <a rel=\"noreferrer noopener\" href=\"https:\/\/www.mission-21.org\/veranstaltung\/das-fremde-bebildern-klischees-und-denkmuster-in-der-internationalen-entwicklungs-zusammenarbeit\/\" target=\"_blank\">ici<\/a>.<\/p>\n\n\n\n<h2><strong>Plateforme Weltsicht<\/strong><\/h2>\n\n\n\n<p><strong>21 mai 2025, 13h00 \u2013 17h00, Maison de l&#8217;\u00c9glise, Berne<\/strong><\/p>\n\n\n\n<p>\u00c0 la Plateforme Weltsicht, les membres de l\u2019\u00c9glise et d&#8217;autres personnes int\u00e9ress\u00e9es recevront un aper\u00e7u des diverses activit\u00e9s propos\u00e9es par Mission 21. Cela se fera par exemple sur la base de la campagne de Mission 21, qui mettra en 2025 l&#8217;accent sur la coop\u00e9ration interreligieuse pour la paix et la justice.<\/p>\n\n\n\n<p>Plus d&#8217;informations <a href=\"https:\/\/www.mission-21.org\/veranstaltung\/plattform-weltsicht\/\" target=\"_blank\" rel=\"noreferrer noopener\">ici<\/a><a href=\"https:\/\/www.mission-21.org\/veranstaltung\/plattform-weltsicht\/\">.<\/a><\/p>\n\n\n\n<h2><strong>Assembl\u00e9e G\u00e9n\u00e9rale de PBI Suisse \u2013 SAVE THE DATE!<\/strong><\/h2>\n\n\n\n<p><strong>22 mai 2025, Berne<\/strong><\/p>\n\n\n\n<p>L&#8217;Assembl\u00e9 Gn\u00e9rale de PBI Suisse se tiendra \u00e0 Berne le 22 mai 2025<\/p>\n\n\n\n<p>Plus d\u2019informations <a rel=\"noreferrer noopener\" href=\"https:\/\/www.peacebrigades.ch\/fr\/actualite\/evenements\/ag-de-pbi-suisse-mv-2024-von-pbi-schweiz-12277\" target=\"_blank\">ici<\/a>.<\/p>\n","protected":false},"excerpt":{"rendered":"<p>Table ronde KOFF : Navigating Shrinking Space \u2013 Approaches for Strengthening Civil Society 2 avril 2025, 14h15 \u2013 16h45, (en anglais), salle de r\u00e9union K\u00e4figturm (2e \u00e9tage), Polit-Forum, Marktgasse 67, 3011 Berne La prochaine table ronde KOFF portera sur les strat\u00e9gies permettant de faire face \u00e0 la r\u00e9duction de l\u2019espace civique et de renforcer la <a href=\"https:\/\/koff.swisspeace.ch\/apropos\/5104\/evenements-10\/\" class=\"more-link\">&#8230;<span class=\"screen-reader-text\">  \u00c9v\u00e9nements<\/span><\/a><\/p>\n","protected":false},"author":3,"featured_media":4968,"comment_status":"closed","ping_status":"closed","sticky":false,"template":"","format":"standard","meta":{"advgb_blocks_editor_width":"","advgb_blocks_columns_visual_guide":""},"categories":[97],"tags":[],"issue":[356],"acf":[],"author_meta":{"display_name":"\u00e0 propos","author_link":"https:\/\/koff.swisspeace.ch\/apropos\/author\/apropos\/"},"featured_img":"https:\/\/koff.swisspeace.ch\/apropos\/wp-content\/uploads\/2024\/12\/Icons-Events-1-600x332.png","coauthors":[],"tax_additional":{"categories":{"linked":["<a href=\"https:\/\/koff.swisspeace.ch\/apropos\/category\/calendar-fr\/\" class=\"advgb-post-tax-term\">Calendrier<\/a>"],"unlinked":["<span class=\"advgb-post-tax-term\">Calendrier<\/span>"]}},"comment_count":0,"relative_dates":{"created":"Posted 1 year ago","modified":"Updated 1 year ago"},"absolute_dates":{"created":"Posted on March 25, 2025","modified":"Updated on March 25, 2025"},"absolute_dates_time":{"created":"Posted on March 25, 2025 6:52 am","modified":"Updated on March 25, 2025 6:52 am"},"featured_img_caption":"","series_order":null,"_links":{"self":[{"href":"https:\/\/koff.swisspeace.ch\/apropos\/wp-json\/wp\/v2\/posts\/5104"}],"collection":[{"href":"https:\/\/koff.swisspeace.ch\/apropos\/wp-json\/wp\/v2\/posts"}],"about":[{"href":"https:\/\/koff.swisspeace.ch\/apropos\/wp-json\/wp\/v2\/types\/post"}],"author":[{"embeddable":true,"href":"https:\/\/koff.swisspeace.ch\/apropos\/wp-json\/wp\/v2\/users\/3"}],"replies":[{"embeddable":true,"href":"https:\/\/koff.swisspeace.ch\/apropos\/wp-json\/wp\/v2\/comments?post=5104"}],"version-history":[{"count":1,"href":"https:\/\/koff.swisspeace.ch\/apropos\/wp-json\/wp\/v2\/posts\/5104\/revisions"}],"predecessor-version":[{"id":5105,"href":"https:\/\/koff.swisspeace.ch\/apropos\/wp-json\/wp\/v2\/posts\/5104\/revisions\/5105"}],"wp:featuredmedia":[{"embeddable":true,"href":"https:\/\/koff.swisspeace.ch\/apropos\/wp-json\/wp\/v2\/media\/4968"}],"wp:attachment":[{"href":"https:\/\/koff.swisspeace.ch\/apropos\/wp-json\/wp\/v2\/media?parent=5104"}],"wp:term":[{"taxonomy":"category","embeddable":true,"href":"https:\/\/koff.swisspeace.ch\/apropos\/wp-json\/wp\/v2\/categories?post=5104"},{"taxonomy":"post_tag","embeddable":true,"href":"https:\/\/koff.swisspeace.ch\/apropos\/wp-json\/wp\/v2\/tags?post=5104"},{"taxonomy":"issue","embeddable":true,"href":"https:\/\/koff.swisspeace.ch\/apropos\/wp-json\/wp\/v2\/issue?post=5104"}],"curies":[{"name":"wp","href":"https:\/\/api.w.org\/{rel}","templated":true}]}}