{"id":5111,"date":"2025-03-25T06:51:49","date_gmt":"2025-03-25T06:51:49","guid":{"rendered":"https:\/\/koff.swisspeace.ch\/apropos\/?p=5111"},"modified":"2025-03-25T06:51:49","modified_gmt":"2025-03-25T06:51:49","slug":"neuer-kurs-disappeared-missing-persons-in-peacebuilding","status":"publish","type":"post","link":"https:\/\/koff.swisspeace.ch\/apropos\/5111\/neuer-kurs-disappeared-missing-persons-in-peacebuilding\/","title":{"rendered":"Neuer Kurs \u2013 \u00ab Disappeared &#038; Missing Persons in Peacebuilding \u00bb"},"content":{"rendered":"\n<p>swisspeace bietet einen neuen Kurs an, der sich mit F\u00e4llen von verschwundengelassenen und vermissten Personen in unterschiedlichen Kontexten befasst. Die Teilnehmenden werden juristische, psychosoziale und institutionelle Ans\u00e4tze erkunden und dabei auf Erfahrungen aus Bosnien, Kolumbien, Sri Lanka, El Salvador und Syrien zur\u00fcckgreifen.<\/p>\n\n\n\n<p>Durch den Austausch mit zentralen lokalen Akteur:innen entwickeln sie ein Verst\u00e4ndnis f\u00fcr die Rechte der Opfer und ihrer Familien, die Rolle staatlicher und nichtstaatlicher Akteur:innen sowie die Herausforderungen bei der Umsetzung wirksamer Prozesse und Mechanismen.<\/p>\n\n\n\n<p>Mit praktischen Werkzeugen und vergleichenden Einblicken ausgestattet, sind die Teilnehmenden in der Lage, kontextspezifische L\u00f6sungen zu entwickeln. Sie k\u00f6nnen so ihren Beitrag zu Wahrheit, Gerechtigkeit und Frieden in ihren eigenen Arbeitsbereichen st\u00e4rken.<\/p>\n","protected":false},"excerpt":{"rendered":"<p>swisspeace bietet einen neuen Kurs an, der sich mit F\u00e4llen von verschwundengelassenen und vermissten Personen in unterschiedlichen Kontexten befasst. Die Teilnehmenden werden juristische, psychosoziale und institutionelle Ans\u00e4tze erkunden und dabei auf Erfahrungen aus Bosnien, Kolumbien, Sri Lanka, El Salvador und Syrien zur\u00fcckgreifen. Durch den Austausch mit zentralen lokalen Akteur:innen entwickeln sie ein Verst\u00e4ndnis f\u00fcr die <a href=\"https:\/\/koff.swisspeace.ch\/apropos\/5111\/neuer-kurs-disappeared-missing-persons-in-peacebuilding\/\" class=\"more-link\">&#8230;<span class=\"screen-reader-text\">  Neuer Kurs \u2013 \u00ab Disappeared &#038; Missing Persons in Peacebuilding \u00bb<\/span><\/a><\/p>\n","protected":false},"author":3,"featured_media":5109,"comment_status":"closed","ping_status":"closed","sticky":false,"template":"","format":"standard","meta":{"advgb_blocks_editor_width":"","advgb_blocks_columns_visual_guide":""},"categories":[71],"tags":[],"issue":[354],"acf":[],"author_meta":{"display_name":"\u00e0 propos","author_link":"https:\/\/koff.swisspeace.ch\/apropos\/author\/apropos\/"},"featured_img":"https:\/\/koff.swisspeace.ch\/apropos\/wp-content\/uploads\/2025\/03\/Newssp188-600x332.jpg","coauthors":[],"tax_additional":{"categories":{"linked":["<a href=\"https:\/\/koff.swisspeace.ch\/apropos\/category\/news-de\/\" class=\"advgb-post-tax-term\">Aktuell<\/a>"],"unlinked":["<span class=\"advgb-post-tax-term\">Aktuell<\/span>"]}},"comment_count":0,"relative_dates":{"created":"Posted 1 year ago","modified":"Updated 1 year ago"},"absolute_dates":{"created":"Posted on March 25, 2025","modified":"Updated on March 25, 2025"},"absolute_dates_time":{"created":"Posted on March 25, 2025 6:51 am","modified":"Updated on March 25, 2025 6:51 am"},"featured_img_caption":"","series_order":null,"_links":{"self":[{"href":"https:\/\/koff.swisspeace.ch\/apropos\/wp-json\/wp\/v2\/posts\/5111"}],"collection":[{"href":"https:\/\/koff.swisspeace.ch\/apropos\/wp-json\/wp\/v2\/posts"}],"about":[{"href":"https:\/\/koff.swisspeace.ch\/apropos\/wp-json\/wp\/v2\/types\/post"}],"author":[{"embeddable":true,"href":"https:\/\/koff.swisspeace.ch\/apropos\/wp-json\/wp\/v2\/users\/3"}],"replies":[{"embeddable":true,"href":"https:\/\/koff.swisspeace.ch\/apropos\/wp-json\/wp\/v2\/comments?post=5111"}],"version-history":[{"count":9,"href":"https:\/\/koff.swisspeace.ch\/apropos\/wp-json\/wp\/v2\/posts\/5111\/revisions"}],"predecessor-version":[{"id":5230,"href":"https:\/\/koff.swisspeace.ch\/apropos\/wp-json\/wp\/v2\/posts\/5111\/revisions\/5230"}],"wp:featuredmedia":[{"embeddable":true,"href":"https:\/\/koff.swisspeace.ch\/apropos\/wp-json\/wp\/v2\/media\/5109"}],"wp:attachment":[{"href":"https:\/\/koff.swisspeace.ch\/apropos\/wp-json\/wp\/v2\/media?parent=5111"}],"wp:term":[{"taxonomy":"category","embeddable":true,"href":"https:\/\/koff.swisspeace.ch\/apropos\/wp-json\/wp\/v2\/categories?post=5111"},{"taxonomy":"post_tag","embeddable":true,"href":"https:\/\/koff.swisspeace.ch\/apropos\/wp-json\/wp\/v2\/tags?post=5111"},{"taxonomy":"issue","embeddable":true,"href":"https:\/\/koff.swisspeace.ch\/apropos\/wp-json\/wp\/v2\/issue?post=5111"}],"curies":[{"name":"wp","href":"https:\/\/api.w.org\/{rel}","templated":true}]}}