{"id":5119,"date":"2025-03-25T06:52:19","date_gmt":"2025-03-25T06:52:19","guid":{"rendered":"https:\/\/koff.swisspeace.ch\/apropos\/?p=5119"},"modified":"2025-05-19T13:17:17","modified_gmt":"2025-05-19T13:17:17","slug":"nouveau-cours-disappeared-missing-persons-in-peacebuilding","status":"publish","type":"post","link":"https:\/\/koff.swisspeace.ch\/apropos\/5119\/nouveau-cours-disappeared-missing-persons-in-peacebuilding\/","title":{"rendered":"Nouveau cours \u00ab Disappeared &#038; Missing Persons in Peacebuilding \u00bb"},"content":{"rendered":"\n<p>swisspeace propose un nouveau cours qui examine les possibilit\u00e9s et les d\u00e9fis li\u00e9s au traitement des cas de personnes disparues et port\u00e9es disparues dans divers contextes. Les participant\u00b7es exploreront des approches juridiques, psychosociales et institutionnelles, en s\u2019appuyant sur des exp\u00e9riences men\u00e9es en Bosnie, en Colombie, au Sri Lanka, au Salvador et en Syrie.<\/p>\n\n\n\n<p>Gr\u00e2ce \u00e0 l\u2019\u00e9change avec des acteurs locaux cl\u00e9s, ils\u00b7elles d\u00e9velopperont une compr\u00e9hension des droits des victimes et de leurs familles, du r\u00f4le des acteurs \u00e9tatiques et non \u00e9tatiques, ainsi que des d\u00e9fis li\u00e9s \u00e0 la mise en \u0153uvre de processus et de m\u00e9canismes efficaces.<\/p>\n\n\n\n<p>Dot\u00e9s d\u2019outils pratiques et d\u2019analyses comparatives, les participant\u00b7es seront en mesure de concevoir des solutions adapt\u00e9es \u00e0 chaque contexte. Ils\u00b7elles pourront ainsi renforcer leur contribution \u00e0 la qu\u00eate de v\u00e9rit\u00e9, de justice et de paix dans leurs propres domaines d\u2019intervention.<br><\/p>\n","protected":false},"excerpt":{"rendered":"<p>swisspeace propose un nouveau cours qui examine les possibilit\u00e9s et les d\u00e9fis li\u00e9s au traitement des cas de personnes disparues et port\u00e9es disparues dans divers contextes. Les participant\u00b7es exploreront des approches juridiques, psychosociales et institutionnelles, en s\u2019appuyant sur des exp\u00e9riences men\u00e9es en Bosnie, en Colombie, au Sri Lanka, au Salvador et en Syrie. Gr\u00e2ce \u00e0 <a href=\"https:\/\/koff.swisspeace.ch\/apropos\/5119\/nouveau-cours-disappeared-missing-persons-in-peacebuilding\/\" class=\"more-link\">&#8230;<span class=\"screen-reader-text\">  Nouveau cours \u00ab Disappeared &#038; Missing Persons in Peacebuilding \u00bb<\/span><\/a><\/p>\n","protected":false},"author":3,"featured_media":5109,"comment_status":"closed","ping_status":"closed","sticky":false,"template":"","format":"standard","meta":{"advgb_blocks_editor_width":"","advgb_blocks_columns_visual_guide":""},"categories":[99],"tags":[],"issue":[356],"acf":[],"author_meta":{"display_name":"\u00e0 propos","author_link":"https:\/\/koff.swisspeace.ch\/apropos\/author\/apropos\/"},"featured_img":"https:\/\/koff.swisspeace.ch\/apropos\/wp-content\/uploads\/2025\/03\/Newssp188-600x332.jpg","coauthors":[],"tax_additional":{"categories":{"linked":["<a href=\"https:\/\/koff.swisspeace.ch\/apropos\/category\/news-fr\/\" class=\"advgb-post-tax-term\">Actualit\u00e9<\/a>"],"unlinked":["<span class=\"advgb-post-tax-term\">Actualit\u00e9<\/span>"]}},"comment_count":0,"relative_dates":{"created":"Posted 1 year ago","modified":"Updated 1 year ago"},"absolute_dates":{"created":"Posted on March 25, 2025","modified":"Updated on May 19, 2025"},"absolute_dates_time":{"created":"Posted on March 25, 2025 6:52 am","modified":"Updated on May 19, 2025 1:17 pm"},"featured_img_caption":"","series_order":null,"_links":{"self":[{"href":"https:\/\/koff.swisspeace.ch\/apropos\/wp-json\/wp\/v2\/posts\/5119"}],"collection":[{"href":"https:\/\/koff.swisspeace.ch\/apropos\/wp-json\/wp\/v2\/posts"}],"about":[{"href":"https:\/\/koff.swisspeace.ch\/apropos\/wp-json\/wp\/v2\/types\/post"}],"author":[{"embeddable":true,"href":"https:\/\/koff.swisspeace.ch\/apropos\/wp-json\/wp\/v2\/users\/3"}],"replies":[{"embeddable":true,"href":"https:\/\/koff.swisspeace.ch\/apropos\/wp-json\/wp\/v2\/comments?post=5119"}],"version-history":[{"count":7,"href":"https:\/\/koff.swisspeace.ch\/apropos\/wp-json\/wp\/v2\/posts\/5119\/revisions"}],"predecessor-version":[{"id":5381,"href":"https:\/\/koff.swisspeace.ch\/apropos\/wp-json\/wp\/v2\/posts\/5119\/revisions\/5381"}],"wp:featuredmedia":[{"embeddable":true,"href":"https:\/\/koff.swisspeace.ch\/apropos\/wp-json\/wp\/v2\/media\/5109"}],"wp:attachment":[{"href":"https:\/\/koff.swisspeace.ch\/apropos\/wp-json\/wp\/v2\/media?parent=5119"}],"wp:term":[{"taxonomy":"category","embeddable":true,"href":"https:\/\/koff.swisspeace.ch\/apropos\/wp-json\/wp\/v2\/categories?post=5119"},{"taxonomy":"post_tag","embeddable":true,"href":"https:\/\/koff.swisspeace.ch\/apropos\/wp-json\/wp\/v2\/tags?post=5119"},{"taxonomy":"issue","embeddable":true,"href":"https:\/\/koff.swisspeace.ch\/apropos\/wp-json\/wp\/v2\/issue?post=5119"}],"curies":[{"name":"wp","href":"https:\/\/api.w.org\/{rel}","templated":true}]}}