{"id":5127,"date":"2025-03-25T06:51:49","date_gmt":"2025-03-25T06:51:49","guid":{"rendered":"https:\/\/koff.swisspeace.ch\/apropos\/?p=5127"},"modified":"2025-03-25T06:56:42","modified_gmt":"2025-03-25T06:56:42","slug":"veroffentlichung-des-magazins-facing-peace","status":"publish","type":"post","link":"https:\/\/koff.swisspeace.ch\/apropos\/5127\/veroffentlichung-des-magazins-facing-peace\/","title":{"rendered":"Ver\u00f6ffentlichung des Magazins Facing Peace"},"content":{"rendered":"\n<p>Die neueste Ausgabe von <em>Facing Peace<\/em> ist den Frauen gewidmet, die sich f\u00fcr den Umweltschutz einsetzen und dabei Bedrohungen, Gewalt und Kriminalisierung ausgesetzt sind. Entdecken Sie ihre Zeugnisse und Initiativen, wie die &#8220;Women Human Rights Defenders Advocacy Week&#8221;, die dazu beitragen, ihre Lobbyarbeit zu st\u00e4rken und ihre Stimme auf der internationalen B\u00fchne zu verst\u00e4rken.<\/p>\n\n\n\n<p>Ein Schwerpunkt auf Honduras veranschaulicht die Brutalit\u00e4t dieses Kampfes, insbesondere durch die Morde an Pers\u00f6nlichkeiten wie Berta C\u00e1ceres und Juan L\u00f3pez.<\/p>\n\n\n\n<p>Schliesslich bietet das Zeugnis von Emiliana Rickenmann, einer kolumbianischst\u00e4mmigen Aktivistin und ehemaligen Praktikantin von PBI, einen Einblick in die Bedeutung des Aktivismus sowohl in Kolumbien als auch in der Schweiz<strong>.<\/strong><\/p>\n\n\n\n<p><\/p>\n","protected":false},"excerpt":{"rendered":"<p>Die neueste Ausgabe von Facing Peace ist den Frauen gewidmet, die sich f\u00fcr den Umweltschutz einsetzen und dabei Bedrohungen, Gewalt und Kriminalisierung ausgesetzt sind. Entdecken Sie ihre Zeugnisse und Initiativen, wie die &#8220;Women Human Rights Defenders Advocacy Week&#8221;, die dazu beitragen, ihre Lobbyarbeit zu st\u00e4rken und ihre Stimme auf der internationalen B\u00fchne zu verst\u00e4rken. Ein <a href=\"https:\/\/koff.swisspeace.ch\/apropos\/5127\/veroffentlichung-des-magazins-facing-peace\/\" class=\"more-link\">&#8230;<span class=\"screen-reader-text\">  Ver\u00f6ffentlichung des Magazins Facing Peace<\/span><\/a><\/p>\n","protected":false},"author":3,"featured_media":5273,"comment_status":"closed","ping_status":"closed","sticky":false,"template":"","format":"standard","meta":{"advgb_blocks_editor_width":"","advgb_blocks_columns_visual_guide":""},"categories":[71],"tags":[],"issue":[354],"acf":[],"author_meta":{"display_name":"\u00e0 propos","author_link":"https:\/\/koff.swisspeace.ch\/apropos\/author\/apropos\/"},"featured_img":"https:\/\/koff.swisspeace.ch\/apropos\/wp-content\/uploads\/2025\/03\/Icons-Publications-600x332.png","coauthors":[],"tax_additional":{"categories":{"linked":["<a href=\"https:\/\/koff.swisspeace.ch\/apropos\/category\/news-de\/\" class=\"advgb-post-tax-term\">Aktuell<\/a>"],"unlinked":["<span class=\"advgb-post-tax-term\">Aktuell<\/span>"]}},"comment_count":0,"relative_dates":{"created":"Posted 1 year ago","modified":"Updated 1 year ago"},"absolute_dates":{"created":"Posted on March 25, 2025","modified":"Updated on March 25, 2025"},"absolute_dates_time":{"created":"Posted on March 25, 2025 6:51 am","modified":"Updated on March 25, 2025 6:56 am"},"featured_img_caption":"","series_order":null,"_links":{"self":[{"href":"https:\/\/koff.swisspeace.ch\/apropos\/wp-json\/wp\/v2\/posts\/5127"}],"collection":[{"href":"https:\/\/koff.swisspeace.ch\/apropos\/wp-json\/wp\/v2\/posts"}],"about":[{"href":"https:\/\/koff.swisspeace.ch\/apropos\/wp-json\/wp\/v2\/types\/post"}],"author":[{"embeddable":true,"href":"https:\/\/koff.swisspeace.ch\/apropos\/wp-json\/wp\/v2\/users\/3"}],"replies":[{"embeddable":true,"href":"https:\/\/koff.swisspeace.ch\/apropos\/wp-json\/wp\/v2\/comments?post=5127"}],"version-history":[{"count":7,"href":"https:\/\/koff.swisspeace.ch\/apropos\/wp-json\/wp\/v2\/posts\/5127\/revisions"}],"predecessor-version":[{"id":5219,"href":"https:\/\/koff.swisspeace.ch\/apropos\/wp-json\/wp\/v2\/posts\/5127\/revisions\/5219"}],"wp:featuredmedia":[{"embeddable":true,"href":"https:\/\/koff.swisspeace.ch\/apropos\/wp-json\/wp\/v2\/media\/5273"}],"wp:attachment":[{"href":"https:\/\/koff.swisspeace.ch\/apropos\/wp-json\/wp\/v2\/media?parent=5127"}],"wp:term":[{"taxonomy":"category","embeddable":true,"href":"https:\/\/koff.swisspeace.ch\/apropos\/wp-json\/wp\/v2\/categories?post=5127"},{"taxonomy":"post_tag","embeddable":true,"href":"https:\/\/koff.swisspeace.ch\/apropos\/wp-json\/wp\/v2\/tags?post=5127"},{"taxonomy":"issue","embeddable":true,"href":"https:\/\/koff.swisspeace.ch\/apropos\/wp-json\/wp\/v2\/issue?post=5127"}],"curies":[{"name":"wp","href":"https:\/\/api.w.org\/{rel}","templated":true}]}}