{"id":5132,"date":"2025-03-25T06:52:19","date_gmt":"2025-03-25T06:52:19","guid":{"rendered":"https:\/\/koff.swisspeace.ch\/apropos\/?p=5132"},"modified":"2025-03-25T07:59:53","modified_gmt":"2025-03-25T07:59:53","slug":"publication-du-magazine-facing-peace","status":"publish","type":"post","link":"https:\/\/koff.swisspeace.ch\/apropos\/5132\/publication-du-magazine-facing-peace\/","title":{"rendered":"Publication du magazine Facing Peace"},"content":{"rendered":"\n<p>Le dernier num\u00e9ro de <em>Facing Peace<\/em> est d\u00e9di\u00e9 aux femmes d\u00e9fenseuses de l&#8217;environnement, lesquelles sont expos\u00e9es \u00e0 des\u00a0menaces, violences et criminalisation. D\u00e9couvrez leurs\u00a0t\u00e9moignages et initiatives comme la <em>Women Human Rights Defenders Advocacy Week, <\/em>qui contribue \u00e0 renforcer leur plaidoyer et \u00e0\u00a0amplifier leur\u00a0voix sur la sc\u00e8ne internationale. Un focus sur le Honduras illustre la brutalit\u00e9 de cette lutte, avec les assassinats de figures comme Berta C\u00e1ceres et Juan L\u00f3pez. Enfin, \u00e0 travers le t\u00e9moignage d\u2019Emiliana Rickenmann, activiste d\u2019origine colombienne et\u00a0ancienne stagiaire de PBI, explorez l&#8217;importance du militantisme en Colombie, mais aussi\u00a0en Suisse.<\/p>\n","protected":false},"excerpt":{"rendered":"<p>Le dernier num\u00e9ro de Facing Peace est d\u00e9di\u00e9 aux femmes d\u00e9fenseuses de l&#8217;environnement, lesquelles sont expos\u00e9es \u00e0 des\u00a0menaces, violences et criminalisation. D\u00e9couvrez leurs\u00a0t\u00e9moignages et initiatives comme la Women Human Rights Defenders Advocacy Week, qui contribue \u00e0 renforcer leur plaidoyer et \u00e0\u00a0amplifier leur\u00a0voix sur la sc\u00e8ne internationale. Un focus sur le Honduras illustre la brutalit\u00e9 de <a href=\"https:\/\/koff.swisspeace.ch\/apropos\/5132\/publication-du-magazine-facing-peace\/\" class=\"more-link\">&#8230;<span class=\"screen-reader-text\">  Publication du magazine Facing Peace<\/span><\/a><\/p>\n","protected":false},"author":3,"featured_media":4916,"comment_status":"closed","ping_status":"closed","sticky":false,"template":"","format":"standard","meta":{"advgb_blocks_editor_width":"","advgb_blocks_columns_visual_guide":""},"categories":[99],"tags":[],"issue":[356],"acf":[],"author_meta":{"display_name":"\u00e0 propos","author_link":"https:\/\/koff.swisspeace.ch\/apropos\/author\/apropos\/"},"featured_img":"https:\/\/koff.swisspeace.ch\/apropos\/wp-content\/uploads\/2024\/12\/Icons-Publications-600x332.png","coauthors":[],"tax_additional":{"categories":{"linked":["<a href=\"https:\/\/koff.swisspeace.ch\/apropos\/category\/news-fr\/\" class=\"advgb-post-tax-term\">Actualit\u00e9<\/a>"],"unlinked":["<span class=\"advgb-post-tax-term\">Actualit\u00e9<\/span>"]}},"comment_count":0,"relative_dates":{"created":"Posted 1 year ago","modified":"Updated 1 year ago"},"absolute_dates":{"created":"Posted on March 25, 2025","modified":"Updated on March 25, 2025"},"absolute_dates_time":{"created":"Posted on March 25, 2025 6:52 am","modified":"Updated on March 25, 2025 7:59 am"},"featured_img_caption":"","series_order":null,"_links":{"self":[{"href":"https:\/\/koff.swisspeace.ch\/apropos\/wp-json\/wp\/v2\/posts\/5132"}],"collection":[{"href":"https:\/\/koff.swisspeace.ch\/apropos\/wp-json\/wp\/v2\/posts"}],"about":[{"href":"https:\/\/koff.swisspeace.ch\/apropos\/wp-json\/wp\/v2\/types\/post"}],"author":[{"embeddable":true,"href":"https:\/\/koff.swisspeace.ch\/apropos\/wp-json\/wp\/v2\/users\/3"}],"replies":[{"embeddable":true,"href":"https:\/\/koff.swisspeace.ch\/apropos\/wp-json\/wp\/v2\/comments?post=5132"}],"version-history":[{"count":6,"href":"https:\/\/koff.swisspeace.ch\/apropos\/wp-json\/wp\/v2\/posts\/5132\/revisions"}],"predecessor-version":[{"id":5310,"href":"https:\/\/koff.swisspeace.ch\/apropos\/wp-json\/wp\/v2\/posts\/5132\/revisions\/5310"}],"wp:featuredmedia":[{"embeddable":true,"href":"https:\/\/koff.swisspeace.ch\/apropos\/wp-json\/wp\/v2\/media\/4916"}],"wp:attachment":[{"href":"https:\/\/koff.swisspeace.ch\/apropos\/wp-json\/wp\/v2\/media?parent=5132"}],"wp:term":[{"taxonomy":"category","embeddable":true,"href":"https:\/\/koff.swisspeace.ch\/apropos\/wp-json\/wp\/v2\/categories?post=5132"},{"taxonomy":"post_tag","embeddable":true,"href":"https:\/\/koff.swisspeace.ch\/apropos\/wp-json\/wp\/v2\/tags?post=5132"},{"taxonomy":"issue","embeddable":true,"href":"https:\/\/koff.swisspeace.ch\/apropos\/wp-json\/wp\/v2\/issue?post=5132"}],"curies":[{"name":"wp","href":"https:\/\/api.w.org\/{rel}","templated":true}]}}