{"id":5147,"date":"2025-03-25T06:52:19","date_gmt":"2025-03-25T06:52:19","guid":{"rendered":"https:\/\/koff.swisspeace.ch\/apropos\/?p=5147"},"modified":"2025-03-25T07:57:48","modified_gmt":"2025-03-25T07:57:48","slug":"la-fondation-debute-un-projet-au-tchad","status":"publish","type":"post","link":"https:\/\/koff.swisspeace.ch\/apropos\/5147\/la-fondation-debute-un-projet-au-tchad\/","title":{"rendered":"La Fondation Hirondelle d\u00e9bute un projet au Tchad"},"content":{"rendered":"\n<p>\u00ab R\u00e9silience \u00e0 la d\u00e9sinformation pour la coh\u00e9sion sociale au Tchad et dans le Sahel central \u00bb, c\u2019est l\u2019intitul\u00e9 du nouveau projet que la Fondation Hirondelle d\u00e9marre en ce d\u00e9but d\u2019ann\u00e9e pour deux ans au Tchad.\u00a0 Financ\u00e9 par l\u2019Union europ\u00e9enne, il vise \u00e0 cr\u00e9er des contenus en co-production et synergie avec des r\u00e9seaux de m\u00e9dias locaux, qui seront \u00e9galement renforc\u00e9s sur le plan technique et \u00e9ditorial. Le projet comporte une dimension r\u00e9gionale de co-production avec des journalistes du Niger, Mali et Burkina Faso.<\/p>\n\n\n\n<p><\/p>\n","protected":false},"excerpt":{"rendered":"<p>\u00ab R\u00e9silience \u00e0 la d\u00e9sinformation pour la coh\u00e9sion sociale au Tchad et dans le Sahel central \u00bb, c\u2019est l\u2019intitul\u00e9 du nouveau projet que la Fondation Hirondelle d\u00e9marre en ce d\u00e9but d\u2019ann\u00e9e pour deux ans au Tchad.\u00a0 Financ\u00e9 par l\u2019Union europ\u00e9enne, il vise \u00e0 cr\u00e9er des contenus en co-production et synergie avec des r\u00e9seaux de m\u00e9dias <a href=\"https:\/\/koff.swisspeace.ch\/apropos\/5147\/la-fondation-debute-un-projet-au-tchad\/\" class=\"more-link\">&#8230;<span class=\"screen-reader-text\">  La Fondation Hirondelle d\u00e9bute un projet au Tchad<\/span><\/a><\/p>\n","protected":false},"author":3,"featured_media":5140,"comment_status":"closed","ping_status":"closed","sticky":false,"template":"","format":"standard","meta":{"advgb_blocks_editor_width":"","advgb_blocks_columns_visual_guide":""},"categories":[99],"tags":[],"issue":[356],"acf":[],"author_meta":{"display_name":"\u00e0 propos","author_link":"https:\/\/koff.swisspeace.ch\/apropos\/author\/apropos\/"},"featured_img":"https:\/\/koff.swisspeace.ch\/apropos\/wp-content\/uploads\/2025\/03\/FA188News-600x332.jpg","coauthors":[],"tax_additional":{"categories":{"linked":["<a href=\"https:\/\/koff.swisspeace.ch\/apropos\/category\/news-fr\/\" class=\"advgb-post-tax-term\">Actualit\u00e9<\/a>"],"unlinked":["<span class=\"advgb-post-tax-term\">Actualit\u00e9<\/span>"]}},"comment_count":0,"relative_dates":{"created":"Posted 1 year ago","modified":"Updated 1 year ago"},"absolute_dates":{"created":"Posted on March 25, 2025","modified":"Updated on March 25, 2025"},"absolute_dates_time":{"created":"Posted on March 25, 2025 6:52 am","modified":"Updated on March 25, 2025 7:57 am"},"featured_img_caption":"","series_order":null,"_links":{"self":[{"href":"https:\/\/koff.swisspeace.ch\/apropos\/wp-json\/wp\/v2\/posts\/5147"}],"collection":[{"href":"https:\/\/koff.swisspeace.ch\/apropos\/wp-json\/wp\/v2\/posts"}],"about":[{"href":"https:\/\/koff.swisspeace.ch\/apropos\/wp-json\/wp\/v2\/types\/post"}],"author":[{"embeddable":true,"href":"https:\/\/koff.swisspeace.ch\/apropos\/wp-json\/wp\/v2\/users\/3"}],"replies":[{"embeddable":true,"href":"https:\/\/koff.swisspeace.ch\/apropos\/wp-json\/wp\/v2\/comments?post=5147"}],"version-history":[{"count":4,"href":"https:\/\/koff.swisspeace.ch\/apropos\/wp-json\/wp\/v2\/posts\/5147\/revisions"}],"predecessor-version":[{"id":5308,"href":"https:\/\/koff.swisspeace.ch\/apropos\/wp-json\/wp\/v2\/posts\/5147\/revisions\/5308"}],"wp:featuredmedia":[{"embeddable":true,"href":"https:\/\/koff.swisspeace.ch\/apropos\/wp-json\/wp\/v2\/media\/5140"}],"wp:attachment":[{"href":"https:\/\/koff.swisspeace.ch\/apropos\/wp-json\/wp\/v2\/media?parent=5147"}],"wp:term":[{"taxonomy":"category","embeddable":true,"href":"https:\/\/koff.swisspeace.ch\/apropos\/wp-json\/wp\/v2\/categories?post=5147"},{"taxonomy":"post_tag","embeddable":true,"href":"https:\/\/koff.swisspeace.ch\/apropos\/wp-json\/wp\/v2\/tags?post=5147"},{"taxonomy":"issue","embeddable":true,"href":"https:\/\/koff.swisspeace.ch\/apropos\/wp-json\/wp\/v2\/issue?post=5147"}],"curies":[{"name":"wp","href":"https:\/\/api.w.org\/{rel}","templated":true}]}}