{"id":5163,"date":"2025-03-25T06:51:49","date_gmt":"2025-03-25T06:51:49","guid":{"rendered":"https:\/\/koff.swisspeace.ch\/apropos\/?p=5163"},"modified":"2025-03-25T09:19:05","modified_gmt":"2025-03-25T09:19:05","slug":"vergessene-konflikte","status":"publish","type":"post","link":"https:\/\/koff.swisspeace.ch\/apropos\/5163\/vergessene-konflikte\/","title":{"rendered":"Vergessene Konflikte"},"content":{"rendered":"\n<div class=\"wp-block-advgb-images-slider advgb-images-slider-block advg-images-slider-9c5090d1-c4e4-4e75-859c-3f4a73e66bbf\"><div class=\"advgb-images-slider\" dir=\"ltr\"><div class=\"advgb-image-slider-item\"><img decoding=\"async\" src=\"https:\/\/koff.swisspeace.ch\/apropos\/wp-content\/uploads\/2025\/03\/2BKDJN8.jpg\" class=\"advgb-image-slider-img\" alt=\"\" style=\"width:100%;height:auto\"\/><div class=\"advgb-image-slider-item-info\" style=\"justify-content:flex-end;align-items:center\"><a class=\"advgb-image-slider-overlay\" target=\"_blank\" rel=\"noopener noreferrer\" href=\"#\" style=\"opacity:0.5\"><\/a><\/div><\/div><div class=\"advgb-image-slider-item\"><img decoding=\"async\" src=\"https:\/\/koff.swisspeace.ch\/apropos\/wp-content\/uploads\/2025\/03\/188WebFA-1.jpg\" class=\"advgb-image-slider-img\" alt=\"Interview \u2013 Auf die Zerstreuung des Medieninteresses reagieren\" style=\"width:100%;height:auto\"\/><div class=\"advgb-image-slider-item-info\" style=\"justify-content:flex-end;align-items:center\"><a class=\"advgb-image-slider-overlay\" target=\"_blank\" rel=\"noopener noreferrer\" href=\"https:\/\/koff.swisspeace.ch\/apropos\/5036\/interview-auf-die-zerstreuung-des-medieninteresses-reagieren\/?preview_id=5036&amp;preview_nonce=a857fe99e6&amp;preview=true&amp;_thumbnail_id=5032\" style=\"opacity:0.5\"><\/a><h4 class=\"advgb-image-slider-title\">Interview \u2013 Auf die Zerstreuung des Medieninteresses reagieren<\/h4><\/div><\/div><div class=\"advgb-image-slider-item\"><img decoding=\"async\" src=\"https:\/\/koff.swisspeace.ch\/apropos\/wp-content\/uploads\/2025\/03\/5WebMission21.jpg\" class=\"advgb-image-slider-img\" alt=\"S\u00fcdsudan \u2013 Zwischen Hoffnung und Vergessen\" style=\"width:100%;height:auto\"\/><div class=\"advgb-image-slider-item-info\" style=\"justify-content:flex-end;align-items:center\"><a class=\"advgb-image-slider-overlay\" target=\"_blank\" rel=\"noopener noreferrer\" href=\"https:\/\/koff.swisspeace.ch\/apropos\/5178\/sudsudan-zwischen-hoffnung-und-vergessen\/\" style=\"opacity:0.5\"><\/a><h4 class=\"advgb-image-slider-title\">S\u00fcdsudan \u2013 Zwischen Hoffnung und Vergessen<\/h4><\/div><\/div><div class=\"advgb-image-slider-item\"><img decoding=\"async\" src=\"https:\/\/koff.swisspeace.ch\/apropos\/wp-content\/uploads\/2025\/03\/188WebPBI.jpg\" class=\"advgb-image-slider-img\" alt=\"Landvertreibungen in Guatemala \u2013 ein totgeschwiegener Konflikt\" style=\"width:100%;height:auto\"\/><div class=\"advgb-image-slider-item-info\" style=\"justify-content:flex-end;align-items:center\"><a class=\"advgb-image-slider-overlay\" target=\"_blank\" rel=\"noopener noreferrer\" href=\"https:\/\/koff.swisspeace.ch\/apropos\/5191\/landvertreibungen-in-guatemala-ein-totgeschwiegener-konflikt\/\" style=\"opacity:0.5\"><\/a><h4 class=\"advgb-image-slider-title\">Landvertreibungen in Guatemala \u2013 ein totgeschwiegener Konflikt<\/h4><\/div><\/div><\/div><\/div>\n\n\n\n<p>Wie gehen humanit\u00e4re Organisationen, Akteur:innen der Entwicklungszusammenarbeit und Friedensf\u00f6rderung (HDP) und ihre Partner:innen mit der unbest\u00e4ndigen Aufmerksamkeit f\u00fcr bestimmte Kontexte um? Diese <em>\u00e0 propos<\/em>-Ausgabe beleuchtet Konflikte, die es selten in die Schlagzeilen schaffen, obwohl sie aufgrund ihrer Schwere mehr Aufmerksamkeit verdienen w\u00fcrden. Ob aus geopolitischen Gr\u00fcnden ignoriert, von \u00abprominenteren\u00bb Krisen \u00fcberschattet, oder verschwiegen von autorit\u00e4ren Regierungen, welche die Medienberichterstattung unterdr\u00fccken \u2013 diese Konflikte stellen eine anhaltende internationale Herausforderung dar.<\/p>\n\n\n\n<p>Die Folgen dieser Vernachl\u00e4ssigung sind tiefgreifend: HDP-Organisationen leiden unter erheblichen Finanzierungsengp\u00e4ssen, wodurch die betroffenen Gemeinschaften noch st\u00e4rker der Ern\u00e4hrungsunsicherheit, der Vertreibung und dem Fehlen grundlegender Dienstleistungen ausgesetzt sind. Die wachsende Frustration in den betroffenen Bev\u00f6lkerungen, insbesondere unter jungen Menschen, schafft einen N\u00e4hrboden f\u00fcr Radikalisierung und organisierte Kriminalit\u00e4t, was die Instabilit\u00e4t weiter versch\u00e4rft. Gleichzeitig k\u00e4mpfen lokale zivilgesellschaftliche Organisationen um Geh\u00f6r, da ihre Forderungen nach Gerechtigkeit und Unterst\u00fctzung oft unbeachtet bleiben.<\/p>\n\n\n\n<p>Anhand von Erfahrungen aus Myanmar, Sudan, S\u00fcdsudan, Westsahara, Guatemala und der Sahelzone zeigen KOFF-Organisationen in dieser Ausgabe, wie sie auf die mangelnde Aufmerksamkeit reagieren. Mit verst\u00e4rkter Advocacy- und Kommunikationsarbeit, dem Aufbau neuer Partnerschaften, der Nutzung alternativer Medien, der Umverteilung finanzieller Mittel und der Anpassung ihrer Strategien setzen sie sich daf\u00fcr ein, dass \u00abvergessene Konflikte\u00bb die notwendige Unterst\u00fctzung und Sichtbarkeit erhalten.<\/p>\n\n\n\n<p>Ich w\u00fcnsche Ihnen eine angenehme Lekt\u00fcre.<br>Sanjally Jobarteh, Herausgeberin KOFF-Magazin<\/p>\n","protected":false},"excerpt":{"rendered":"<p>Wie gehen humanit\u00e4re Organisationen, Akteur:innen der Entwicklungszusammenarbeit und Friedensf\u00f6rderung (HDP) und ihre Partner:innen mit der unbest\u00e4ndigen Aufmerksamkeit f\u00fcr bestimmte Kontexte um? Diese \u00e0 propos-Ausgabe beleuchtet Konflikte, die es selten in die Schlagzeilen schaffen, obwohl sie aufgrund ihrer Schwere mehr Aufmerksamkeit verdienen w\u00fcrden. Ob aus geopolitischen Gr\u00fcnden ignoriert, von \u00abprominenteren\u00bb Krisen \u00fcberschattet, oder verschwiegen von autorit\u00e4ren <a href=\"https:\/\/koff.swisspeace.ch\/apropos\/5163\/vergessene-konflikte\/\" class=\"more-link\">&#8230;<span class=\"screen-reader-text\">  Vergessene Konflikte<\/span><\/a><\/p>\n","protected":false},"author":3,"featured_media":0,"comment_status":"closed","ping_status":"closed","sticky":false,"template":"","format":"standard","meta":{"advgb_blocks_editor_width":"","advgb_blocks_columns_visual_guide":""},"categories":[26],"tags":[],"issue":[354],"acf":[],"author_meta":{"display_name":"\u00e0 propos","author_link":"https:\/\/koff.swisspeace.ch\/apropos\/author\/apropos\/"},"featured_img":null,"coauthors":[],"tax_additional":{"categories":{"linked":["<a href=\"https:\/\/koff.swisspeace.ch\/apropos\/category\/editorial-de\/\" class=\"advgb-post-tax-term\">Editorial<\/a>"],"unlinked":["<span class=\"advgb-post-tax-term\">Editorial<\/span>"]}},"comment_count":0,"relative_dates":{"created":"Posted 1 year ago","modified":"Updated 1 year ago"},"absolute_dates":{"created":"Posted on March 25, 2025","modified":"Updated on March 25, 2025"},"absolute_dates_time":{"created":"Posted on March 25, 2025 6:51 am","modified":"Updated on March 25, 2025 9:19 am"},"featured_img_caption":"","series_order":null,"_links":{"self":[{"href":"https:\/\/koff.swisspeace.ch\/apropos\/wp-json\/wp\/v2\/posts\/5163"}],"collection":[{"href":"https:\/\/koff.swisspeace.ch\/apropos\/wp-json\/wp\/v2\/posts"}],"about":[{"href":"https:\/\/koff.swisspeace.ch\/apropos\/wp-json\/wp\/v2\/types\/post"}],"author":[{"embeddable":true,"href":"https:\/\/koff.swisspeace.ch\/apropos\/wp-json\/wp\/v2\/users\/3"}],"replies":[{"embeddable":true,"href":"https:\/\/koff.swisspeace.ch\/apropos\/wp-json\/wp\/v2\/comments?post=5163"}],"version-history":[{"count":12,"href":"https:\/\/koff.swisspeace.ch\/apropos\/wp-json\/wp\/v2\/posts\/5163\/revisions"}],"predecessor-version":[{"id":5344,"href":"https:\/\/koff.swisspeace.ch\/apropos\/wp-json\/wp\/v2\/posts\/5163\/revisions\/5344"}],"wp:attachment":[{"href":"https:\/\/koff.swisspeace.ch\/apropos\/wp-json\/wp\/v2\/media?parent=5163"}],"wp:term":[{"taxonomy":"category","embeddable":true,"href":"https:\/\/koff.swisspeace.ch\/apropos\/wp-json\/wp\/v2\/categories?post=5163"},{"taxonomy":"post_tag","embeddable":true,"href":"https:\/\/koff.swisspeace.ch\/apropos\/wp-json\/wp\/v2\/tags?post=5163"},{"taxonomy":"issue","embeddable":true,"href":"https:\/\/koff.swisspeace.ch\/apropos\/wp-json\/wp\/v2\/issue?post=5163"}],"curies":[{"name":"wp","href":"https:\/\/api.w.org\/{rel}","templated":true}]}}