{"id":5165,"date":"2025-03-25T06:52:18","date_gmt":"2025-03-25T06:52:18","guid":{"rendered":"https:\/\/koff.swisspeace.ch\/apropos\/?p=5165"},"modified":"2025-04-08T07:27:17","modified_gmt":"2025-04-08T07:27:17","slug":"conflits-oublies","status":"publish","type":"post","link":"https:\/\/koff.swisspeace.ch\/apropos\/5165\/conflits-oublies\/","title":{"rendered":"Conflits Oubli\u00e9s"},"content":{"rendered":"\n<div class=\"wp-block-advgb-images-slider advgb-images-slider-block advg-images-slider-abc9f9e1-62e2-4fec-bfc6-bb9ff4b5f88f\"><div class=\"advgb-images-slider\" dir=\"ltr\"><div class=\"advgb-image-slider-item\"><img decoding=\"async\" src=\"https:\/\/koff.swisspeace.ch\/apropos\/wp-content\/uploads\/2025\/03\/2BKDJN8.jpg\" class=\"advgb-image-slider-img\" alt=\"\" style=\"width:100%;height:auto\"\/><div class=\"advgb-image-slider-item-info\" style=\"justify-content:flex-end;align-items:center\"><a class=\"advgb-image-slider-overlay\" target=\"_blank\" rel=\"noopener noreferrer\" href=\"#\" style=\"opacity:0.5\"><\/a><\/div><\/div><div class=\"advgb-image-slider-item\"><img decoding=\"async\" src=\"https:\/\/koff.swisspeace.ch\/apropos\/wp-content\/uploads\/2025\/03\/188WebFA-1.jpg\" class=\"advgb-image-slider-img\" alt=\"Interview \u2013 R\u00e9agir au d\u00e9tournement de l\u2019int\u00e9r\u00eat m\u00e9diatique\" style=\"width:100%;height:auto\"\/><div class=\"advgb-image-slider-item-info\" style=\"justify-content:flex-end;align-items:center\"><a class=\"advgb-image-slider-overlay\" target=\"_blank\" rel=\"noopener noreferrer\" href=\"https:\/\/koff.swisspeace.ch\/apropos\/5040\/interview-reagir-au-detournement-de-linteret-mediatique\/\" style=\"opacity:0.5\"><\/a><h4 class=\"advgb-image-slider-title\">Interview \u2013 R\u00e9agir au d\u00e9tournement de l\u2019int\u00e9r\u00eat m\u00e9diatique<\/h4><\/div><\/div><div class=\"advgb-image-slider-item\"><img decoding=\"async\" src=\"https:\/\/koff.swisspeace.ch\/apropos\/wp-content\/uploads\/2025\/03\/5WebMission21.jpg\" class=\"advgb-image-slider-img\" alt=\"Le Soudan du Sud \u2013 Entre espoir et oubli\" style=\"width:100%;height:auto\"\/><div class=\"advgb-image-slider-item-info\" style=\"justify-content:flex-end;align-items:center\"><a class=\"advgb-image-slider-overlay\" target=\"_blank\" rel=\"noopener noreferrer\" href=\"https:\/\/koff.swisspeace.ch\/apropos\/5182\/le-soudan-du-sud-entre-espoir-et-oubli\/\" style=\"opacity:0.5\"><\/a><h4 class=\"advgb-image-slider-title\">Le Soudan du Sud \u2013 Entre espoir et oubli<\/h4><\/div><\/div><div class=\"advgb-image-slider-item\"><img decoding=\"async\" src=\"https:\/\/koff.swisspeace.ch\/apropos\/wp-content\/uploads\/2025\/03\/188WebPBI.jpg\" class=\"advgb-image-slider-img\" alt=\"Expulsions forc\u00e9es au Guatemala \u2013 Un conflit pass\u00e9 sous silence\" style=\"width:100%;height:auto\"\/><div class=\"advgb-image-slider-item-info\" style=\"justify-content:flex-end;align-items:center\"><a class=\"advgb-image-slider-overlay\" target=\"_blank\" rel=\"noopener noreferrer\" href=\"https:\/\/koff.swisspeace.ch\/apropos\/5195\/expulsions-forcees-au-guatemala-un-conflit-passe-sous-silence\/\" style=\"opacity:0.5\"><\/a><h4 class=\"advgb-image-slider-title\">Expulsions forc\u00e9es au Guatemala \u2013 Un conflit pass\u00e9 sous silence<\/h4><\/div><\/div><\/div><\/div>\n\n\n\n<p>Comment les fluctuations de l\u2019attention accord\u00e9e \u00e0 certains conflits influencent-elles les organisations humanitaires, de d\u00e9veloppement et de promotion de la paix (HDP) ainsi que leurs partenaires ? En mars, l\u2019\u00e0 propos dirige ses projecteurs vers des conflits qui, malgr\u00e9 leur s\u00e9v\u00e9rit\u00e9, sont rarement couverts par les m\u00e9dias. Qu\u2019ils soient ignor\u00e9s pour des raisons g\u00e9opolitiques, \u00e9clips\u00e9s par des crises plus m\u00e9diatis\u00e9es ou pass\u00e9s sous silence par des r\u00e9gimes autoritaires limitant la couverture m\u00e9diatique, ces conflits restent de pr\u00e9occupation internationale.<\/p>\n\n\n\n<p>Les cons\u00e9quences de cette n\u00e9gligence sont consid\u00e9rables : les organisations HDP font face \u00e0 des p\u00e9nuries de financement, ce qui rend les communaut\u00e9s encore plus vuln\u00e9rables \u00e0 l\u2019ins\u00e9curit\u00e9 alimentaire, aux d\u00e9placements forc\u00e9s et \u00e0 l\u2019absence de services essentiels. La frustration croissante des populations, notamment des jeunes, cr\u00e9e un terreau fertile pour la radicalisation et le crime organis\u00e9, exacerbant l\u2019instabilit\u00e9. Par ailleurs, les organisations de la soci\u00e9t\u00e9 civile peinent \u00e0 se faire entendre, leurs demandes de justice et de soutien demeurant sans r\u00e9ponse.<\/p>\n\n\n\n<p>En se basant sur des exemples du Myanmar, du Soudan, du Soudan du Sud, du Sahara occidental, du Guatemala et de la r\u00e9gion du Sahel, les membres de KOFF d\u00e9taillent dans cette \u00e9dition leurs r\u00e9ponses face \u00e0 ce manque d\u2019attention. Par le renforcement de leurs actions de plaidoyer et de communication, l\u2019\u00e9tablissement de nouveaux partenariats, la collaboration avec des m\u00e9dias alternatifs, la r\u00e9affectation de fonds et l\u2019adaptation de leurs strat\u00e9gies, elles s\u2019efforcent de garantir que les \u00abconflits oubli\u00e9s\u00bb re\u00e7oivent le soutien et la visibilit\u00e9 qu\u2019ils m\u00e9ritent. <\/p>\n\n\n\n<p>Je vous souhaite une agr\u00e9able lecture.<\/p>\n\n\n\n<p>Sanjally Jobarteh<\/p>\n\n\n\n<p>R\u00e9dactrice du magazine de <a rel=\"noreferrer noopener\" href=\"https:\/\/koff.swisspeace.ch\/\" target=\"_blank\">KOFF<\/a><\/p>\n","protected":false},"excerpt":{"rendered":"<p>Comment les fluctuations de l\u2019attention accord\u00e9e \u00e0 certains conflits influencent-elles les organisations humanitaires, de d\u00e9veloppement et de promotion de la paix (HDP) ainsi que leurs partenaires ? En mars, l\u2019\u00e0 propos dirige ses projecteurs vers des conflits qui, malgr\u00e9 leur s\u00e9v\u00e9rit\u00e9, sont rarement couverts par les m\u00e9dias. Qu\u2019ils soient ignor\u00e9s pour des raisons g\u00e9opolitiques, \u00e9clips\u00e9s <a href=\"https:\/\/koff.swisspeace.ch\/apropos\/5165\/conflits-oublies\/\" class=\"more-link\">&#8230;<span class=\"screen-reader-text\">  Conflits Oubli\u00e9s<\/span><\/a><\/p>\n","protected":false},"author":3,"featured_media":0,"comment_status":"closed","ping_status":"closed","sticky":false,"template":"","format":"standard","meta":{"advgb_blocks_editor_width":"","advgb_blocks_columns_visual_guide":""},"categories":[87],"tags":[],"issue":[356],"acf":[],"author_meta":{"display_name":"\u00e0 propos","author_link":"https:\/\/koff.swisspeace.ch\/apropos\/author\/apropos\/"},"featured_img":null,"coauthors":[],"tax_additional":{"categories":{"linked":["<a href=\"https:\/\/koff.swisspeace.ch\/apropos\/category\/editorial-fr\/\" class=\"advgb-post-tax-term\">\u00c9ditorial<\/a>"],"unlinked":["<span class=\"advgb-post-tax-term\">\u00c9ditorial<\/span>"]}},"comment_count":0,"relative_dates":{"created":"Posted 1 year ago","modified":"Updated 1 year ago"},"absolute_dates":{"created":"Posted on March 25, 2025","modified":"Updated on April 8, 2025"},"absolute_dates_time":{"created":"Posted on March 25, 2025 6:52 am","modified":"Updated on April 8, 2025 7:27 am"},"featured_img_caption":"","series_order":null,"_links":{"self":[{"href":"https:\/\/koff.swisspeace.ch\/apropos\/wp-json\/wp\/v2\/posts\/5165"}],"collection":[{"href":"https:\/\/koff.swisspeace.ch\/apropos\/wp-json\/wp\/v2\/posts"}],"about":[{"href":"https:\/\/koff.swisspeace.ch\/apropos\/wp-json\/wp\/v2\/types\/post"}],"author":[{"embeddable":true,"href":"https:\/\/koff.swisspeace.ch\/apropos\/wp-json\/wp\/v2\/users\/3"}],"replies":[{"embeddable":true,"href":"https:\/\/koff.swisspeace.ch\/apropos\/wp-json\/wp\/v2\/comments?post=5165"}],"version-history":[{"count":8,"href":"https:\/\/koff.swisspeace.ch\/apropos\/wp-json\/wp\/v2\/posts\/5165\/revisions"}],"predecessor-version":[{"id":5369,"href":"https:\/\/koff.swisspeace.ch\/apropos\/wp-json\/wp\/v2\/posts\/5165\/revisions\/5369"}],"wp:attachment":[{"href":"https:\/\/koff.swisspeace.ch\/apropos\/wp-json\/wp\/v2\/media?parent=5165"}],"wp:term":[{"taxonomy":"category","embeddable":true,"href":"https:\/\/koff.swisspeace.ch\/apropos\/wp-json\/wp\/v2\/categories?post=5165"},{"taxonomy":"post_tag","embeddable":true,"href":"https:\/\/koff.swisspeace.ch\/apropos\/wp-json\/wp\/v2\/tags?post=5165"},{"taxonomy":"issue","embeddable":true,"href":"https:\/\/koff.swisspeace.ch\/apropos\/wp-json\/wp\/v2\/issue?post=5165"}],"curies":[{"name":"wp","href":"https:\/\/api.w.org\/{rel}","templated":true}]}}