{"id":5178,"date":"2025-03-25T06:51:49","date_gmt":"2025-03-25T06:51:49","guid":{"rendered":"https:\/\/koff.swisspeace.ch\/apropos\/?p=5178"},"modified":"2025-03-25T06:51:49","modified_gmt":"2025-03-25T06:51:49","slug":"sudsudan-zwischen-hoffnung-und-vergessen","status":"publish","type":"post","link":"https:\/\/koff.swisspeace.ch\/apropos\/5178\/sudsudan-zwischen-hoffnung-und-vergessen\/","title":{"rendered":"S\u00fcdsudan \u2013 Zwischen Hoffnung und Vergessen"},"content":{"rendered":"\n<p>Der S\u00fcdsudan, einst als hoffnungsvolles neues Land gefeiert, ist heute zum Symbol eines vergessenen Konflikts geworden. Trotz der anhaltenden humanit\u00e4ren Krise und des dringenden Bedarfs an internationaler Unterst\u00fctzung ger\u00e4t das Land zunehmend aus dem Fokus der globalen Aufmerksamkeit. Warum aber fehlt einem der wirtschaftlich schw\u00e4chsten L\u00e4nder der Welt die notwendige Beachtung?<\/p>\n\n\n\n<p>Ein wesentlicher Grund f\u00fcr die geringe internationale Wahrnehmung ist der Mangel an verl\u00e4sslichen Informationen, der teilweise auf den erschwerten Zugang f\u00fcr Journalist:innen ins Land zur\u00fcckzuf\u00fchren ist \u2013 viele Orte sind nur per Charterflug erreichbar. Dies hindert die internationale Gemeinschaft daran, die Situation genau einzusch\u00e4tzen. Zudem wird die Krise oft von anderen globalen Ereignissen \u00fcberschattet, wie aktuell in der Ukraine oder im Nahen Osten, die mehr Aufmerksamkeit in den Medien erhalten. Die fehlende wirtschaftliche Relevanz des Landes f\u00fcr die grossen Industrienationen k\u00f6nnte ebenfalls eine Rolle spielen \u2013 dabei ist der S\u00fcdsudan reich an Ressourcen.<\/p>\n\n\n\n<p>Rund 90 % der Staatseinnahmen stammen aus der Erd\u00f6lf\u00f6rderung. Allerdings ist der Export seit April 2024 aufgrund des Krieges im Sudan unterbrochen, was massive Einnahmeausf\u00e4lle zur Folge hat. Der Aufbau einer verarbeitenden Industrie k\u00f6nnte dem S\u00fcdsudan helfen, Rohstoffe vor Ort zu veredeln und so deren wirtschaftlichen Wert zu steigern. Dies w\u00fcrde jedoch massive Investitionen in Infrastruktur und Bildung erfordern, aber die instabile politische Lage und die anhaltenden Konflikte schrecken ausl\u00e4ndische Investor:innen ab. Dar\u00fcber hinaus leidet die Landwirtschaft im S\u00fcdsudan unter bewaffneten \u00dcberf\u00e4llen und Landminen, die viele Ackerfl\u00e4chen unbrauchbar machen.<\/p>\n\n\n\n<p>Doch nicht nur wirtschaftliche Faktoren hemmen die Entwicklung des Landes. Zwei Drittel der Bev\u00f6lkerung sind seit 14 Jahren auf Nothilfe angewiesen, was zu einer gewissen Krisenm\u00fcdigkeit in der internationalen Berichterstattung f\u00fchrt. Dies tr\u00e4gt dazu bei, dass der Finanzierungsaufruf der Vereinten Nationen f\u00fcr den S\u00fcdsudan von 2024 bisher nur zu 10,3 % finanziert ist und damit stark unterfinanziert bleibt.<\/p>\n\n\n\n<p>Im April 2024 stand die Gewalt im Sudan im Fokus der Medien und verschaffte somit auch dem S\u00fcdsudan Aufmerksamkeit \u2013 insbesondere durch die sogenannte Fl\u00fcchtlingswelle. Dabei handelt es sich sowohl um R\u00fcckkehrer, die aufgrund der prek\u00e4ren Lage im Sudan in ihre Heimat zur\u00fcckkehren, als auch um sudanesische Gefl\u00fcchtete, die den S\u00fcdsudan als Transitland nutzen. Doch das Land selbst ist kaum in der Lage, die Grundbed\u00fcrfnisse der Schutzsuchenden zu decken. Um den S\u00fcdsudan aus der Krise zu f\u00fchren, sind gezielte Massnahmen erforderlich: Eine st\u00e4rkere internationale Unterst\u00fctzung, Investitionen in Infrastruktur und Bildung sowie nachhaltige politische Reformen. Nur durch langfristige Friedensstrategien und nachhaltige Entwicklungsarbeit kann das Land eine Chance auf Stabilit\u00e4t und wirtschaftliche Entwicklung erhalten. Bis dahin aber bleibt der S\u00fcdsudan ein trauriges Beispiel f\u00fcr einen vergessenen Konflikt, der dringend wieder in das Bewusstsein der Weltgemeinschaft ger\u00fcckt werden muss.<\/p>\n","protected":false},"excerpt":{"rendered":"<p>Der S\u00fcdsudan, einst als hoffnungsvolles neues Land gefeiert, ist heute zum Symbol eines vergessenen Konflikts geworden. Trotz der anhaltenden humanit\u00e4ren Krise und des dringenden Bedarfs an internationaler Unterst\u00fctzung ger\u00e4t das Land zunehmend aus dem Fokus der globalen Aufmerksamkeit. Warum aber fehlt einem der wirtschaftlich schw\u00e4chsten L\u00e4nder der Welt die notwendige Beachtung? Ein wesentlicher Grund f\u00fcr <a href=\"https:\/\/koff.swisspeace.ch\/apropos\/5178\/sudsudan-zwischen-hoffnung-und-vergessen\/\" class=\"more-link\">&#8230;<span class=\"screen-reader-text\">  S\u00fcdsudan \u2013 Zwischen Hoffnung und Vergessen<\/span><\/a><\/p>\n","protected":false},"author":3,"featured_media":5175,"comment_status":"closed","ping_status":"closed","sticky":false,"template":"","format":"standard","meta":{"advgb_blocks_editor_width":"","advgb_blocks_columns_visual_guide":""},"categories":[73],"tags":[],"issue":[354],"acf":[],"author_meta":{"display_name":"\u00e0 propos","author_link":"https:\/\/koff.swisspeace.ch\/apropos\/author\/apropos\/"},"featured_img":"https:\/\/koff.swisspeace.ch\/apropos\/wp-content\/uploads\/2025\/03\/5WebMission21-600x338.jpg","coauthors":[],"tax_additional":{"categories":{"linked":["<a href=\"https:\/\/koff.swisspeace.ch\/apropos\/category\/reports-de\/\" class=\"advgb-post-tax-term\">Dossier<\/a>"],"unlinked":["<span class=\"advgb-post-tax-term\">Dossier<\/span>"]}},"comment_count":0,"relative_dates":{"created":"Posted 1 year ago","modified":"Updated 1 year ago"},"absolute_dates":{"created":"Posted on March 25, 2025","modified":"Updated on March 25, 2025"},"absolute_dates_time":{"created":"Posted on March 25, 2025 6:51 am","modified":"Updated on March 25, 2025 6:51 am"},"featured_img_caption":"","series_order":null,"_links":{"self":[{"href":"https:\/\/koff.swisspeace.ch\/apropos\/wp-json\/wp\/v2\/posts\/5178"}],"collection":[{"href":"https:\/\/koff.swisspeace.ch\/apropos\/wp-json\/wp\/v2\/posts"}],"about":[{"href":"https:\/\/koff.swisspeace.ch\/apropos\/wp-json\/wp\/v2\/types\/post"}],"author":[{"embeddable":true,"href":"https:\/\/koff.swisspeace.ch\/apropos\/wp-json\/wp\/v2\/users\/3"}],"replies":[{"embeddable":true,"href":"https:\/\/koff.swisspeace.ch\/apropos\/wp-json\/wp\/v2\/comments?post=5178"}],"version-history":[{"count":5,"href":"https:\/\/koff.swisspeace.ch\/apropos\/wp-json\/wp\/v2\/posts\/5178\/revisions"}],"predecessor-version":[{"id":5232,"href":"https:\/\/koff.swisspeace.ch\/apropos\/wp-json\/wp\/v2\/posts\/5178\/revisions\/5232"}],"wp:featuredmedia":[{"embeddable":true,"href":"https:\/\/koff.swisspeace.ch\/apropos\/wp-json\/wp\/v2\/media\/5175"}],"wp:attachment":[{"href":"https:\/\/koff.swisspeace.ch\/apropos\/wp-json\/wp\/v2\/media?parent=5178"}],"wp:term":[{"taxonomy":"category","embeddable":true,"href":"https:\/\/koff.swisspeace.ch\/apropos\/wp-json\/wp\/v2\/categories?post=5178"},{"taxonomy":"post_tag","embeddable":true,"href":"https:\/\/koff.swisspeace.ch\/apropos\/wp-json\/wp\/v2\/tags?post=5178"},{"taxonomy":"issue","embeddable":true,"href":"https:\/\/koff.swisspeace.ch\/apropos\/wp-json\/wp\/v2\/issue?post=5178"}],"curies":[{"name":"wp","href":"https:\/\/api.w.org\/{rel}","templated":true}]}}