{"id":5182,"date":"2025-03-25T06:52:18","date_gmt":"2025-03-25T06:52:18","guid":{"rendered":"https:\/\/koff.swisspeace.ch\/apropos\/?p=5182"},"modified":"2025-03-25T06:52:18","modified_gmt":"2025-03-25T06:52:18","slug":"le-soudan-du-sud-entre-espoir-et-oubli","status":"publish","type":"post","link":"https:\/\/koff.swisspeace.ch\/apropos\/5182\/le-soudan-du-sud-entre-espoir-et-oubli\/","title":{"rendered":"Le Soudan du Sud \u2013 Entre espoir et oubli"},"content":{"rendered":"\n<p>Autrefois per\u00e7u comme une lueur d\u2019espoir, le Soudan du Sud est d\u00e9sormais le symbole d\u2019un conflit tomb\u00e9 dans l\u2019oubli. Bien que le pays traverse une crise humanitaire persistante et n\u00e9cessite un soutien international urgent, il s\u2019efface peu \u00e0 peu de la sc\u00e8ne m\u00e9diatique mondiale. Comment expliquer un tel manque d\u2019attention envers l\u2019une des nations les plus vuln\u00e9rables \u00e9conomiquement ?<\/p>\n\n\n\n<p>L\u2019une des raisons majeures de cette n\u00e9gligence internationale r\u00e9side dans le manque d\u2019informations fiables. L\u2019acc\u00e8s limit\u00e9 des journalistes, en raison de l\u2019inaccessibilit\u00e9 de nombreuses r\u00e9gions sans vol charter, entrave une \u00e9valuation pr\u00e9cise de la crise par la communaut\u00e9 internationale. De plus, l\u2019attention m\u00e9diatique est souvent d\u00e9tourn\u00e9e par d\u2019autres crises mondiales, telles que la guerre en Ukraine ou les tensions au Moyen-Orient, qui monopolisent l\u2019espace m\u00e9diatique. Le Soudan du Sud souffre \u00e9galement du faible int\u00e9r\u00eat \u00e9conomique de la part des grandes puissances industrielles, malgr\u00e9 ses pr\u00e9cieuses ressources naturelles.<\/p>\n\n\n\n<p>Environ 90 % des revenus de l\u2019\u00c9tat proviennent de l\u2019exploitation p\u00e9troli\u00e8re. Cependant, depuis avril 2024, les exportations sont interrompues en raison de la guerre au Soudan, entra\u00eenant une chute massive des recettes publiques. Le d\u00e9veloppement d\u2019une industrie de transformation pourrait permettre au Soudan du Sud de valoriser ses mati\u00e8res premi\u00e8res sur place et d\u2019augmenter sa valeur \u00e9conomique. Toutefois, cela n\u00e9cessiterait d\u2019importants investissements en infrastructures et en \u00e9ducation. Or, la situation politique instable et les conflits de longue date dissuadent les investisseur\u00b7euses \u00e9trang\u00e8r\u00b7es. En outre, l\u2019agriculture sud-soudanaise souffre d\u2019attaques arm\u00e9es et de la pr\u00e9sence de mines terrestres, rendant de nombreuses terres agricoles inutilisables.<\/p>\n\n\n\n<p>Les facteurs \u00e9conomiques ne sont pas les seuls obstacles au d\u00e9veloppement du pays. Deux tiers de la population d\u00e9pendent de l\u2019aide humanitaire depuis 14 ans, ce qui entra\u00eene une certaine lassitude m\u00e9diatique face \u00e0 cette crise. Cela se refl\u00e8te notamment dans le financement insuffisant de l\u2019appel de fonds des Nations Unies pour le Soudan du Sud en 2024, qui n\u2019a re\u00e7u que 10,3 % des contributions n\u00e9cessaires jusqu\u2019\u00e0 pr\u00e9sent.<\/p>\n\n\n\n<p>En avril 2024, la crise au Soudan a bri\u00e8vement dirig\u00e9 l\u2019attention m\u00e9diatique sur le Soudan du Sud, notamment en raison de l\u2019afflux massif de personnes d\u00e9plac\u00e9es. Parmi elles, on compte \u00e0 la fois des rapatri\u00e9\u00b7es sud-soudanais\u00b7es, contraint\u00b7es de retourner dans leur pays d\u2019origine \u00e0 cause de la situation pr\u00e9caire au Soudan, et des r\u00e9fugi\u00e9\u00b7es soudanais\u00b7es passant par le Soudan du Sud. Cependant, le pays r\u00e9ussit \u00e0 peine \u00e0 subvenir aux besoins fondamentaux de sa propre population vuln\u00e9rable.<\/p>\n\n\n\n<p>Afin de sortir le Soudan du Sud de cette crise, des mesures cibl\u00e9es sont n\u00e9cessaires : un soutien international accru, des investissements en infrastructures et en \u00e9ducation, ainsi que des r\u00e9formes politiques durables. Seules des strat\u00e9gies de paix \u00e0 long terme et un d\u00e9veloppement soutenu permettront au pays d\u2019esp\u00e9rer une stabilit\u00e9 et une croissance \u00e9conomique. D\u2019ici l\u00e0, le Soudan du Sud reste un exemple tragique d\u2019un conflit oubli\u00e9, qui doit urgemment \u00eatre replac\u00e9 au c\u0153ur des pr\u00e9occupations de la communaut\u00e9 internationale.<\/p>\n","protected":false},"excerpt":{"rendered":"<p>Autrefois per\u00e7u comme une lueur d\u2019espoir, le Soudan du Sud est d\u00e9sormais le symbole d\u2019un conflit tomb\u00e9 dans l\u2019oubli. Bien que le pays traverse une crise humanitaire persistante et n\u00e9cessite un soutien international urgent, il s\u2019efface peu \u00e0 peu de la sc\u00e8ne m\u00e9diatique mondiale. Comment expliquer un tel manque d\u2019attention envers l\u2019une des nations les <a href=\"https:\/\/koff.swisspeace.ch\/apropos\/5182\/le-soudan-du-sud-entre-espoir-et-oubli\/\" class=\"more-link\">&#8230;<span class=\"screen-reader-text\">  Le Soudan du Sud \u2013 Entre espoir et oubli<\/span><\/a><\/p>\n","protected":false},"author":3,"featured_media":5175,"comment_status":"closed","ping_status":"closed","sticky":false,"template":"","format":"standard","meta":{"advgb_blocks_editor_width":"","advgb_blocks_columns_visual_guide":""},"categories":[113],"tags":[],"issue":[356],"acf":[],"author_meta":{"display_name":"\u00e0 propos","author_link":"https:\/\/koff.swisspeace.ch\/apropos\/author\/apropos\/"},"featured_img":"https:\/\/koff.swisspeace.ch\/apropos\/wp-content\/uploads\/2025\/03\/5WebMission21-600x338.jpg","coauthors":[],"tax_additional":{"categories":{"linked":["<a href=\"https:\/\/koff.swisspeace.ch\/apropos\/category\/reports-fr\/\" class=\"advgb-post-tax-term\">Dossier<\/a>"],"unlinked":["<span class=\"advgb-post-tax-term\">Dossier<\/span>"]}},"comment_count":0,"relative_dates":{"created":"Posted 1 year ago","modified":"Updated 1 year ago"},"absolute_dates":{"created":"Posted on March 25, 2025","modified":"Updated on March 25, 2025"},"absolute_dates_time":{"created":"Posted on March 25, 2025 6:52 am","modified":"Updated on March 25, 2025 6:52 am"},"featured_img_caption":"","series_order":null,"_links":{"self":[{"href":"https:\/\/koff.swisspeace.ch\/apropos\/wp-json\/wp\/v2\/posts\/5182"}],"collection":[{"href":"https:\/\/koff.swisspeace.ch\/apropos\/wp-json\/wp\/v2\/posts"}],"about":[{"href":"https:\/\/koff.swisspeace.ch\/apropos\/wp-json\/wp\/v2\/types\/post"}],"author":[{"embeddable":true,"href":"https:\/\/koff.swisspeace.ch\/apropos\/wp-json\/wp\/v2\/users\/3"}],"replies":[{"embeddable":true,"href":"https:\/\/koff.swisspeace.ch\/apropos\/wp-json\/wp\/v2\/comments?post=5182"}],"version-history":[{"count":5,"href":"https:\/\/koff.swisspeace.ch\/apropos\/wp-json\/wp\/v2\/posts\/5182\/revisions"}],"predecessor-version":[{"id":5269,"href":"https:\/\/koff.swisspeace.ch\/apropos\/wp-json\/wp\/v2\/posts\/5182\/revisions\/5269"}],"wp:featuredmedia":[{"embeddable":true,"href":"https:\/\/koff.swisspeace.ch\/apropos\/wp-json\/wp\/v2\/media\/5175"}],"wp:attachment":[{"href":"https:\/\/koff.swisspeace.ch\/apropos\/wp-json\/wp\/v2\/media?parent=5182"}],"wp:term":[{"taxonomy":"category","embeddable":true,"href":"https:\/\/koff.swisspeace.ch\/apropos\/wp-json\/wp\/v2\/categories?post=5182"},{"taxonomy":"post_tag","embeddable":true,"href":"https:\/\/koff.swisspeace.ch\/apropos\/wp-json\/wp\/v2\/tags?post=5182"},{"taxonomy":"issue","embeddable":true,"href":"https:\/\/koff.swisspeace.ch\/apropos\/wp-json\/wp\/v2\/issue?post=5182"}],"curies":[{"name":"wp","href":"https:\/\/api.w.org\/{rel}","templated":true}]}}