{"id":5427,"date":"2025-06-24T11:07:54","date_gmt":"2025-06-24T11:07:54","guid":{"rendered":"https:\/\/koff.swisspeace.ch\/apropos\/?p=5427"},"modified":"2025-06-30T10:23:25","modified_gmt":"2025-06-30T10:23:25","slug":"linformation-levier-oublie-du-triple-nexus","status":"publish","type":"post","link":"https:\/\/koff.swisspeace.ch\/apropos\/5427\/linformation-levier-oublie-du-triple-nexus\/","title":{"rendered":"L&#8217;information \u2014 levier oubli\u00e9 du triple nexus"},"content":{"rendered":"\n<p>Dans les zones de crises, il est indispensable de lier les actions humanitaires, de d\u00e9veloppement et de paix (HDP). Pourtant, un acteur central n\u2019est souvent pas pris en compte&nbsp; dans l\u2019op\u00e9rationnalisation de ce nexus : le m\u00e9dia local, d\u2019int\u00e9r\u00eat public, fournissant quotidiennement une information aux populations qui en ont besoin. Forte de 30 ans d\u2019exp\u00e9rience en contexte de crises, la Fondation Hirondelle d\u00e9montre que les m\u00e9dias et leur information ind\u00e9pendante, fiable et accessible agissent simultan\u00e9ment sur les trois fronts :<\/p>\n\n\n\n<ul>\n<li>Ils r\u00e9pondent aux imp\u00e9ratifs humanitaires en transmettant des informations vitales, \u00e9tant aussi souvent le dernier \u00ab&nbsp;acc\u00e8s&nbsp;\u00bb aux populations quand il n\u2019est plus possible de se rendre dans certaines zones;<\/li>\n\n\n\n<li>Ils contribuent au d\u00e9veloppement en construisant des espaces publics o\u00f9 sont d\u00e9battus des enjeux tels que l\u2019\u00e9ducation, la sant\u00e9 ou la gouvernance;<\/li>\n\n\n\n<li>Ils favorisent la paix en ouvrant des canaux de dialogue entre groupes antagonistes, en rendant visibles les activit\u00e9s de r\u00e9conciliation, en donnant la parole \u00e0 celles et ceux que l\u2019on n\u2019entend pas dans les processus de paix \u00ab officiels \u00bb, et en couvrant les actions des parties prenantes afin de v\u00e9rifier si les r\u00e9alisations sont conformes \u00e0 leurs engagements.<\/li>\n<\/ul>\n\n\n\n<p>La mise en \u0153uvre du triple nexus requiert plus qu\u2019une juxtaposition de projets. Elle implique une analyse commune des dynamiques sociopolitiques locales, une planification des activit\u00e9s concert\u00e9e, et surtout, une \u00e9coute des populations. Les r\u00e9dactions soutenues par la Fondation Hirondelle, comme Studio Tamani au Mali ou Radio Ndeke Luka en Centrafrique, produisent des formats innovants \u2014 d\u00e9bats participatifs, t\u00e9moignages crois\u00e9s, reportages multilingues \u2014 qui articulent les enjeux de l\u2019urgence, du d\u00e9veloppement et de la stabilisation. En Centrafrique, l\u2019\u00e9mission de d\u00e9bat politique Patara en est un exemple&nbsp;: elle r\u00e9unit gouvernement, opposition et soci\u00e9t\u00e9 civile autour des enjeux de soci\u00e9t\u00e9, gouvernance et de paix. Ainsi, elle facilite la participation citoyenne et la coh\u00e9sion sociale. Elle permet de d\u00e9battre aussi bien de la r\u00e9ponse \u00e0 donner aux ph\u00e9nom\u00e8nes climatiques graves que des n\u00e9gociations de paix entre groupes arm\u00e9s et le gouvernement. En 2024, 71\u202f% des Centrafricain\u00b7es \u00e9coutaient RNL quotidiennement, et 96\u202f% jugeaient ses programmes \u00ab&nbsp;utiles, voire indispensables&nbsp;\u00bb.<br>Cependant, cela ne va pas sans tensions. L\u2019ind\u00e9pendance \u00e9ditoriale peut heurter des autorit\u00e9s locales et des partenaires op\u00e9rationnels, le manque de financements freine les d\u00e9marches syst\u00e9miques et de long terme, indispensables \u00e0 l\u2019existence de m\u00e9dias locaux stables et r\u00e9silients.&nbsp; De plus, l&#8217;absence de cadre partag\u00e9 entre agences humanitaires, bailleurs et acteurs m\u00e9diatiques limite encore la confiance et la coordination n\u00e9cessaires entre ces acteurs. <\/p>\n\n\n\n<p>Au c\u0153ur de ce nexus HDP depuis 30 ans, la Fondation Hirondelle partage trois le\u00e7ons :<\/p>\n\n\n\n<p>1. L\u2019information est un bien commun transversal aux trois volets du nexus. Elle devrait \u00eatre reconnue et financ\u00e9e comme telle.<\/p>\n\n\n\n<p>2. Les m\u00e9dias locaux sont des interfaces n\u00e9cessaires entre les populations et les organisations travaillant dans le HDP <em>:<\/em><\/p>\n\n\n\n<ul>\n<li>Ils contextualisent les interventions, notamment celles des organisations internationales, dans les r\u00e9cits et codes culturels locaux.<\/li>\n\n\n\n<li>Ils remettent en question ces interventions publiquement pour favoriser la transparence et la redevabilit\u00e9.<\/li>\n\n\n\n<li>Ils amplifient les voix locales aupr\u00e8s des bailleurs et des ONG.<\/li>\n<\/ul>\n\n\n\n<p>3. Sans espaces d\u2019expression citoyenne soutenus par des m\u00e9dias ind\u00e9pendants et ancr\u00e9s, la paix reste l\u2019affaire d\u2019expert\u00b7es, et le d\u00e9veloppement d\u00e9connect\u00e9 des populations affect\u00e9es par les conflits. Pour un nexus plus efficace et inclusif, les m\u00e9dias locaux devraient \u00eatre consid\u00e9r\u00e9s non comme des outils de communication, mais comme des op\u00e9rateurs de transformation sociale \u00e0 part enti\u00e8re du changement social.<\/p>\n","protected":false},"excerpt":{"rendered":"<p>Dans les zones de crises, il est indispensable de lier les actions humanitaires, de d\u00e9veloppement et de paix (HDP). Pourtant, un acteur central n\u2019est souvent pas pris en compte&nbsp; dans l\u2019op\u00e9rationnalisation de ce nexus : le m\u00e9dia local, d\u2019int\u00e9r\u00eat public, fournissant quotidiennement une information aux populations qui en ont besoin. Forte de 30 ans d\u2019exp\u00e9rience <a href=\"https:\/\/koff.swisspeace.ch\/apropos\/5427\/linformation-levier-oublie-du-triple-nexus\/\" class=\"more-link\">&#8230;<span class=\"screen-reader-text\">  L&#8217;information \u2014 levier oubli\u00e9 du triple nexus<\/span><\/a><\/p>\n","protected":false},"author":3,"featured_media":5422,"comment_status":"closed","ping_status":"closed","sticky":false,"template":"","format":"standard","meta":{"advgb_blocks_editor_width":"","advgb_blocks_columns_visual_guide":""},"categories":[113],"tags":[],"issue":[378],"acf":[],"author_meta":{"display_name":"\u00e0 propos","author_link":"https:\/\/koff.swisspeace.ch\/apropos\/author\/apropos\/"},"featured_img":"https:\/\/koff.swisspeace.ch\/apropos\/wp-content\/uploads\/2025\/06\/WBFondation-Hirondelle_Bangui_radio-Ndekeluka_11.12.2023-4-600x332.png","coauthors":[],"tax_additional":{"categories":{"linked":["<a href=\"https:\/\/koff.swisspeace.ch\/apropos\/category\/reports-fr\/\" class=\"advgb-post-tax-term\">Dossier<\/a>"],"unlinked":["<span class=\"advgb-post-tax-term\">Dossier<\/span>"]}},"comment_count":0,"relative_dates":{"created":"Posted 1 year ago","modified":"Updated 1 year ago"},"absolute_dates":{"created":"Posted on June 24, 2025","modified":"Updated on June 30, 2025"},"absolute_dates_time":{"created":"Posted on June 24, 2025 11:07 am","modified":"Updated on June 30, 2025 10:23 am"},"featured_img_caption":"","series_order":null,"_links":{"self":[{"href":"https:\/\/koff.swisspeace.ch\/apropos\/wp-json\/wp\/v2\/posts\/5427"}],"collection":[{"href":"https:\/\/koff.swisspeace.ch\/apropos\/wp-json\/wp\/v2\/posts"}],"about":[{"href":"https:\/\/koff.swisspeace.ch\/apropos\/wp-json\/wp\/v2\/types\/post"}],"author":[{"embeddable":true,"href":"https:\/\/koff.swisspeace.ch\/apropos\/wp-json\/wp\/v2\/users\/3"}],"replies":[{"embeddable":true,"href":"https:\/\/koff.swisspeace.ch\/apropos\/wp-json\/wp\/v2\/comments?post=5427"}],"version-history":[{"count":11,"href":"https:\/\/koff.swisspeace.ch\/apropos\/wp-json\/wp\/v2\/posts\/5427\/revisions"}],"predecessor-version":[{"id":5861,"href":"https:\/\/koff.swisspeace.ch\/apropos\/wp-json\/wp\/v2\/posts\/5427\/revisions\/5861"}],"wp:featuredmedia":[{"embeddable":true,"href":"https:\/\/koff.swisspeace.ch\/apropos\/wp-json\/wp\/v2\/media\/5422"}],"wp:attachment":[{"href":"https:\/\/koff.swisspeace.ch\/apropos\/wp-json\/wp\/v2\/media?parent=5427"}],"wp:term":[{"taxonomy":"category","embeddable":true,"href":"https:\/\/koff.swisspeace.ch\/apropos\/wp-json\/wp\/v2\/categories?post=5427"},{"taxonomy":"post_tag","embeddable":true,"href":"https:\/\/koff.swisspeace.ch\/apropos\/wp-json\/wp\/v2\/tags?post=5427"},{"taxonomy":"issue","embeddable":true,"href":"https:\/\/koff.swisspeace.ch\/apropos\/wp-json\/wp\/v2\/issue?post=5427"}],"curies":[{"name":"wp","href":"https:\/\/api.w.org\/{rel}","templated":true}]}}