{"id":5478,"date":"2025-06-24T11:47:51","date_gmt":"2025-06-24T11:47:51","guid":{"rendered":"https:\/\/koff.swisspeace.ch\/apropos\/?p=5478"},"modified":"2025-06-26T07:38:53","modified_gmt":"2025-06-26T07:38:53","slug":"kolumbien-wie-laendliche-jugend-den-triple-nexus-umsetzt","status":"publish","type":"post","link":"https:\/\/koff.swisspeace.ch\/apropos\/5478\/kolumbien-wie-laendliche-jugend-den-triple-nexus-umsetzt\/","title":{"rendered":"Kolumbien \u2013 Wie l\u00e4ndliche Jugend den Triple Nexus umsetzt"},"content":{"rendered":"\n<p>In der internationalen Zusammenarbeit wird seit rund zehn Jahren intensiv dar\u00fcber diskutiert, wie sich der Triple Nexus \u2013 das Zusammenspiel von humanit\u00e4rer Hilfe, Entwicklungszusammenarbeit und Friedensf\u00f6rderung \u2013 konkret umsetzen l\u00e4sst. In vielen L\u00e4ndern jedoch, insbesondere in jenen, welche von struktureller Gewalt und schwachen staatlichen Institutionen gepr\u00e4gt sind, ist dieser integrierte Ansatz l\u00e4ngst gelebte Realit\u00e4t und kein theoretisches Modell.<\/p>\n\n\n\n<p>In Regionen, die historisch von Marginalisierung, bewaffneten Konflikten und Umweltzerst\u00f6rung betroffen sind, folgen lokale Antworten auf Krisen keinen klar getrennten, aufeinanderfolgenden Handlungsfeldern. Stattdessen entstehen integrierte, lebensnotwendige Massnahmen, die \u00dcberleben und Resilienz mit Schutz und Wandel verbinden. Junge Menschen in l\u00e4ndlichen Gebieten stehen dabei oft an vorderster Front \u2013 sie setzen den Triple Nexus ganz selbstverst\u00e4ndlich um, ohne ihn als solches benennen zu m\u00fcssen.<\/p>\n\n\n\n<p>Bei terre des hommes schweiz erleben wir dies t\u00e4glich durch die Arbeit unserer lokalen Partner:innen. In Antioquia, Kolumbien \u2013 einer Region, die seit Jahrzehnten unter bewaffneten Auseinandersetzungen, Vertreibung und sozialer Ausgrenzung leidet \u2013 leitet die Asociaci\u00f3n Campesina de Antioquia (ACA) Initiativen, welche den Nexus-Ansatz in der Praxis verk\u00f6rpern. Ihr Programm zur St\u00e4rkung der Jugend verteidigt Land, Kultur und Lebensgrundlagen w\u00e4hrend dem es die Jugend in nachhaltiger Agrar\u00f6kologie, Menschenrechtsadvocacy und politischer Partizipation schult. Es handelt sich um einen langfristigen, kollektiven Lernprozess, in dem Jugendliche praktische F\u00e4higkeiten erwerben, kritisches Bewusstsein entwickeln und schrittweise F\u00fchrungsrollen in ihren Gemeinschaften \u00fcbernehmen.<\/p>\n\n\n\n<p>Diese Programme sind mehr als Entwicklungsprojekte \u2013 sie tragen zum Schutz inmitten von Vertreibungen, zur Friedensf\u00f6rderung, die in der Erinnerung und Kultur verankert ist, und zu humanit\u00e4ren Massnahmen bei, die Sicherheit gew\u00e4hrleisten und dringende Bed\u00fcrfnisse wie nachhaltige Existenzgrundlagen durch lokal verwurzelte L\u00f6sungen erf\u00fcllen. Durch diese Programme setzten Jugendliche den Triple Nexus in die Praxis um.<\/p>\n\n\n\n<p>Unsere Rolle bei terre des hommes schweiz besteht darin, diese Bem\u00fchungen zu begleiten und zu verst\u00e4rken. Diese Erfahrungen pr\u00e4gen unseren \u00fcbergreifenden Arbeitsansatz: Wir arbeiten mit lokalen Akteur:innen und unterst\u00fctzen kontextsensible, jugendgeleitete Strategien in verschiedenen Regionen. Der Nexus-Ansatz hilft uns dabei, die Tiefe gemeinschaftsbasierter Strategien zu erkennen. Wenn junge Menschen agro\u00f6kologische G\u00e4rten anlegen, Geschichten dokumentieren oder Wasser und Land sch\u00fctzen, dann setzen sie gleichzeitig Entwicklung, Frieden und humanit\u00e4re Hilfe um.<\/p>\n","protected":false},"excerpt":{"rendered":"<p>In der internationalen Zusammenarbeit wird seit rund zehn Jahren intensiv dar\u00fcber diskutiert, wie sich der Triple Nexus \u2013 das Zusammenspiel von humanit\u00e4rer Hilfe, Entwicklungszusammenarbeit und Friedensf\u00f6rderung \u2013 konkret umsetzen l\u00e4sst. In vielen L\u00e4ndern jedoch, insbesondere in jenen, welche von struktureller Gewalt und schwachen staatlichen Institutionen gepr\u00e4gt sind, ist dieser integrierte Ansatz l\u00e4ngst gelebte Realit\u00e4t und <a href=\"https:\/\/koff.swisspeace.ch\/apropos\/5478\/kolumbien-wie-laendliche-jugend-den-triple-nexus-umsetzt\/\" class=\"more-link\">&#8230;<span class=\"screen-reader-text\">  Kolumbien \u2013 Wie l\u00e4ndliche Jugend den Triple Nexus umsetzt<\/span><\/a><\/p>\n","protected":false},"author":3,"featured_media":5479,"comment_status":"closed","ping_status":"closed","sticky":false,"template":"","format":"standard","meta":{"advgb_blocks_editor_width":"","advgb_blocks_columns_visual_guide":""},"categories":[73],"tags":[],"issue":[376],"acf":[],"author_meta":{"display_name":"\u00e0 propos","author_link":"https:\/\/koff.swisspeace.ch\/apropos\/author\/apropos\/"},"featured_img":"https:\/\/koff.swisspeace.ch\/apropos\/wp-content\/uploads\/2025\/06\/WBtdh189-600x333.png","coauthors":[],"tax_additional":{"categories":{"linked":["<a href=\"https:\/\/koff.swisspeace.ch\/apropos\/category\/reports-de\/\" class=\"advgb-post-tax-term\">Dossier<\/a>"],"unlinked":["<span class=\"advgb-post-tax-term\">Dossier<\/span>"]}},"comment_count":0,"relative_dates":{"created":"Posted 1 year ago","modified":"Updated 1 year ago"},"absolute_dates":{"created":"Posted on June 24, 2025","modified":"Updated on June 26, 2025"},"absolute_dates_time":{"created":"Posted on June 24, 2025 11:47 am","modified":"Updated on June 26, 2025 7:38 am"},"featured_img_caption":"","series_order":null,"_links":{"self":[{"href":"https:\/\/koff.swisspeace.ch\/apropos\/wp-json\/wp\/v2\/posts\/5478"}],"collection":[{"href":"https:\/\/koff.swisspeace.ch\/apropos\/wp-json\/wp\/v2\/posts"}],"about":[{"href":"https:\/\/koff.swisspeace.ch\/apropos\/wp-json\/wp\/v2\/types\/post"}],"author":[{"embeddable":true,"href":"https:\/\/koff.swisspeace.ch\/apropos\/wp-json\/wp\/v2\/users\/3"}],"replies":[{"embeddable":true,"href":"https:\/\/koff.swisspeace.ch\/apropos\/wp-json\/wp\/v2\/comments?post=5478"}],"version-history":[{"count":8,"href":"https:\/\/koff.swisspeace.ch\/apropos\/wp-json\/wp\/v2\/posts\/5478\/revisions"}],"predecessor-version":[{"id":5853,"href":"https:\/\/koff.swisspeace.ch\/apropos\/wp-json\/wp\/v2\/posts\/5478\/revisions\/5853"}],"wp:featuredmedia":[{"embeddable":true,"href":"https:\/\/koff.swisspeace.ch\/apropos\/wp-json\/wp\/v2\/media\/5479"}],"wp:attachment":[{"href":"https:\/\/koff.swisspeace.ch\/apropos\/wp-json\/wp\/v2\/media?parent=5478"}],"wp:term":[{"taxonomy":"category","embeddable":true,"href":"https:\/\/koff.swisspeace.ch\/apropos\/wp-json\/wp\/v2\/categories?post=5478"},{"taxonomy":"post_tag","embeddable":true,"href":"https:\/\/koff.swisspeace.ch\/apropos\/wp-json\/wp\/v2\/tags?post=5478"},{"taxonomy":"issue","embeddable":true,"href":"https:\/\/koff.swisspeace.ch\/apropos\/wp-json\/wp\/v2\/issue?post=5478"}],"curies":[{"name":"wp","href":"https:\/\/api.w.org\/{rel}","templated":true}]}}