{"id":5491,"date":"2025-06-24T11:47:51","date_gmt":"2025-06-24T11:47:51","guid":{"rendered":"https:\/\/koff.swisspeace.ch\/apropos\/?p=5491"},"modified":"2025-06-24T11:47:51","modified_gmt":"2025-06-24T11:47:51","slug":"ein-kompetenzzentrum-fuer-die-effektive-umsetzung-des-hdp-nexus","status":"publish","type":"post","link":"https:\/\/koff.swisspeace.ch\/apropos\/5491\/ein-kompetenzzentrum-fuer-die-effektive-umsetzung-des-hdp-nexus\/","title":{"rendered":"Ein Kompetenzzentrum f\u00fcr die effektive Umsetzung des HDP-Nexus"},"content":{"rendered":"\n<p>In den letzten Jahren gab es viele Bem\u00fchungen zur Umsetzung des HDP-Nexus, um die Koh\u00e4renz, Koordination und Komplementarit\u00e4t der Arbeit in den humanit\u00e4ren, Entwicklungs- und Friedenssektoren zu st\u00e4rken. Was in Theorie \u00fcberzeugt, f\u00fchrt in der Praxis oft noch zu Verwirrung oder Schwierigkeiten. Gerade in Bezug auf die Friedensdimension im HDP-Nexus besteht oft Unklarheit \u00fcber den tats\u00e4chlichen Friedensbeitrag von Nexus-Projekten. Im Vergleich zu den anderen beiden Sektoren ist die Integration der Friedensf\u00f6rderung im Nexus weniger stark entwickelt. Es gibt weniger Kooperationserfahrungen oder konzeptionelle Grundlagen, auf die man zur\u00fcckgreifen k\u00f6nnte als zwischen den humanit\u00e4ren und entwicklungspolitischen Sektoren. swisspeace m\u00f6chte diese L\u00fccken gezielt angehen und seine Rolle als Schweizer Kompetenzzentrum f\u00fcr die Arbeit im HDP-Nexus st\u00e4rken.<\/p>\n\n\n\n<p>Das neue Kompetenzzentrum wird sich priorit\u00e4r auf drei Themengebiete fokussieren: Die Messung und das Verst\u00e4ndnis der Nexus Wirkungen, die Entstehung und Wirksamkeit neuer Nexus-Partnerschaften, sowie die Frage, welche Art von Frieden im Nexus gef\u00f6rdert wird. Innerhalb dieser Themenfelder werden spezifische Fragestellungen durch sogenannte \u00abLearning Journeys\u00bb angegangen. Durch praxisorientierte Forschung werden breitere Erkenntnisse zur Arbeit im Nexus gewonnen und die methodologische Innovation vorangetrieben. Im Mittelpunkt steht die enge Zusammenarbeit mit Schweizer, internationalen und lokalen Akteur:innen, sowohl zur Identifikation von Wissensl\u00fccken als auch zum gemeinsamen Lernen und Austausch. Die Expertise und Erfahrungen lokaler Akteur:innen, von welchen viele bereits st\u00e4rker in integrierten Ans\u00e4tzen arbeiten, spielen dabei eine zentrale Rolle. Die generierten Erkenntnisse und Wissensprodukte werden in die von swisspeace offerierten Kurse einfliessen und breit geteilt, um Schweizer, internationale und lokale Organisationen in ihrer Arbeit zu informieren und ihre Kapazit\u00e4ten in der Nexus-Arbeit zu st\u00e4rken.<\/p>\n\n\n\n<p>\u00abDas Nexus-Kompetenzzentrum soll eine Plattform f\u00fcr den Austausch und die Zusammenarbeit zwischen Schweizer Akteur:innen bieten, die im Nexus t\u00e4tig sind, um gemeinsam von unseren Erfahrungen und Tools f\u00fcr integrierte Ans\u00e4tze zu profitieren und so unsere Praxis, speziell in komplexen Konfliktkontexten, verbessern zu k\u00f6nnen\u00bb, so Roland Dittli, Co-Head des swisspeace Peacebuilding Analysis and Impact Programms. Eine wirkungsvollere Umsetzung des Triple-Nexus ist zentral f\u00fcr einen integrierten Ansatz, bei dem humanit\u00e4re Hilfe, Entwicklung und Friedensf\u00f6rderung komplement\u00e4r zusammenwirken, um nachhaltiger Vulnerabilit\u00e4ten, Bed\u00fcrfnisse und strukturelle Ursachen von Konflikten und Fragilit\u00e4t anzugehen.<\/p>\n\n\n\n<p>Angesichts des aktuellen Kontexts \u2013 gepr\u00e4gt durch Mittelk\u00fcrzungen und eine sich verschlechternde friedens- und sicherheitspolitische Lage in vielen Regionen \u2013 ist es dringlicher denn je, die bestehenden Unklarheiten und Herausforderungen rund um die wirksame Umsetzung des HDP-Nexus anzugehen. \u00abWir stehen an einem Punkt, an dem wir uns bewusst und best\u00e4rkt f\u00fcr den Einsatz eines Nexus-Ansatzes entscheiden m\u00fcssen\u00bb, betont Tania H\u00f6rler, Co-Head des Peacebuilding Analysis and Impact Programms von swisspeace. \u00abGerade jetzt, wo wir erst recht mit weniger Mitteln mehr erreichen sollen, ist die gezielte Investition in effektive Koordination und Kommunikation zwischen den Sektoren unerl\u00e4sslich, um positive Wirkung zu erzielen.\u00bb<\/p>\n","protected":false},"excerpt":{"rendered":"<p>In den letzten Jahren gab es viele Bem\u00fchungen zur Umsetzung des HDP-Nexus, um die Koh\u00e4renz, Koordination und Komplementarit\u00e4t der Arbeit in den humanit\u00e4ren, Entwicklungs- und Friedenssektoren zu st\u00e4rken. Was in Theorie \u00fcberzeugt, f\u00fchrt in der Praxis oft noch zu Verwirrung oder Schwierigkeiten. Gerade in Bezug auf die Friedensdimension im HDP-Nexus besteht oft Unklarheit \u00fcber den <a href=\"https:\/\/koff.swisspeace.ch\/apropos\/5491\/ein-kompetenzzentrum-fuer-die-effektive-umsetzung-des-hdp-nexus\/\" class=\"more-link\">&#8230;<span class=\"screen-reader-text\">  Ein Kompetenzzentrum f\u00fcr die effektive Umsetzung des HDP-Nexus<\/span><\/a><\/p>\n","protected":false},"author":3,"featured_media":5749,"comment_status":"closed","ping_status":"closed","sticky":false,"template":"","format":"standard","meta":{"advgb_blocks_editor_width":"","advgb_blocks_columns_visual_guide":""},"categories":[73],"tags":[],"issue":[376],"acf":[],"author_meta":{"display_name":"\u00e0 propos","author_link":"https:\/\/koff.swisspeace.ch\/apropos\/author\/apropos\/"},"featured_img":"https:\/\/koff.swisspeace.ch\/apropos\/wp-content\/uploads\/2025\/06\/jon-tyson-Jj0kekcXil0-unsplash-600x332.jpg","coauthors":[],"tax_additional":{"categories":{"linked":["<a href=\"https:\/\/koff.swisspeace.ch\/apropos\/category\/reports-de\/\" class=\"advgb-post-tax-term\">Dossier<\/a>"],"unlinked":["<span class=\"advgb-post-tax-term\">Dossier<\/span>"]}},"comment_count":0,"relative_dates":{"created":"Posted 1 year ago","modified":"Updated 1 year ago"},"absolute_dates":{"created":"Posted on June 24, 2025","modified":"Updated on June 24, 2025"},"absolute_dates_time":{"created":"Posted on June 24, 2025 11:47 am","modified":"Updated on June 24, 2025 11:47 am"},"featured_img_caption":"","series_order":null,"_links":{"self":[{"href":"https:\/\/koff.swisspeace.ch\/apropos\/wp-json\/wp\/v2\/posts\/5491"}],"collection":[{"href":"https:\/\/koff.swisspeace.ch\/apropos\/wp-json\/wp\/v2\/posts"}],"about":[{"href":"https:\/\/koff.swisspeace.ch\/apropos\/wp-json\/wp\/v2\/types\/post"}],"author":[{"embeddable":true,"href":"https:\/\/koff.swisspeace.ch\/apropos\/wp-json\/wp\/v2\/users\/3"}],"replies":[{"embeddable":true,"href":"https:\/\/koff.swisspeace.ch\/apropos\/wp-json\/wp\/v2\/comments?post=5491"}],"version-history":[{"count":3,"href":"https:\/\/koff.swisspeace.ch\/apropos\/wp-json\/wp\/v2\/posts\/5491\/revisions"}],"predecessor-version":[{"id":5505,"href":"https:\/\/koff.swisspeace.ch\/apropos\/wp-json\/wp\/v2\/posts\/5491\/revisions\/5505"}],"wp:featuredmedia":[{"embeddable":true,"href":"https:\/\/koff.swisspeace.ch\/apropos\/wp-json\/wp\/v2\/media\/5749"}],"wp:attachment":[{"href":"https:\/\/koff.swisspeace.ch\/apropos\/wp-json\/wp\/v2\/media?parent=5491"}],"wp:term":[{"taxonomy":"category","embeddable":true,"href":"https:\/\/koff.swisspeace.ch\/apropos\/wp-json\/wp\/v2\/categories?post=5491"},{"taxonomy":"post_tag","embeddable":true,"href":"https:\/\/koff.swisspeace.ch\/apropos\/wp-json\/wp\/v2\/tags?post=5491"},{"taxonomy":"issue","embeddable":true,"href":"https:\/\/koff.swisspeace.ch\/apropos\/wp-json\/wp\/v2\/issue?post=5491"}],"curies":[{"name":"wp","href":"https:\/\/api.w.org\/{rel}","templated":true}]}}