{"id":5553,"date":"2025-06-24T11:47:51","date_gmt":"2025-06-24T11:47:51","guid":{"rendered":"https:\/\/koff.swisspeace.ch\/apropos\/?p=5553"},"modified":"2025-06-24T11:47:51","modified_gmt":"2025-06-24T11:47:51","slug":"neuer-kurs-facilitation-methodologies-for-inclusive-peacebuilding-course","status":"publish","type":"post","link":"https:\/\/koff.swisspeace.ch\/apropos\/5553\/neuer-kurs-facilitation-methodologies-for-inclusive-peacebuilding-course\/","title":{"rendered":"Neuer Kurs \u2013 Facilitation Methodologies for Inclusive Peacebuilding Course"},"content":{"rendered":"\n<p>Dieser Kurs schl\u00e4gt eine Br\u00fccke zwischen Theorie und Praxis und stattet Aktivist:innen, Friedensfachkr\u00e4ften, Fachpersonen aus der Hochschulbildung sowie Forschenden mit innovativen p\u00e4dagogischen Ans\u00e4tzen und Trainingsmethoden aus, um Theorien, Konzepte und Ideen in praktische Werkzeuge zu \u00fcbersetzen.<br>Mit einem Fokus auf Friedensforschung, intersektionale Genderperspektiven und kulturelle Kontexte unterst\u00fctzt der Kurs die Teilnehmenden dabei, transformative Bildungserfahrungen zu gestalten, die komplexe soziale Dynamiken ber\u00fccksichtigen.<\/p>\n\n\n\n<p><\/p>\n","protected":false},"excerpt":{"rendered":"<p>Dieser Kurs schl\u00e4gt eine Br\u00fccke zwischen Theorie und Praxis und stattet Aktivist:innen, Friedensfachkr\u00e4ften, Fachpersonen aus der Hochschulbildung sowie Forschenden mit innovativen p\u00e4dagogischen Ans\u00e4tzen und Trainingsmethoden aus, um Theorien, Konzepte und Ideen in praktische Werkzeuge zu \u00fcbersetzen.Mit einem Fokus auf Friedensforschung, intersektionale Genderperspektiven und kulturelle Kontexte unterst\u00fctzt der Kurs die Teilnehmenden dabei, transformative Bildungserfahrungen zu gestalten, <a href=\"https:\/\/koff.swisspeace.ch\/apropos\/5553\/neuer-kurs-facilitation-methodologies-for-inclusive-peacebuilding-course\/\" class=\"more-link\">&#8230;<span class=\"screen-reader-text\">  Neuer Kurs \u2013 Facilitation Methodologies for Inclusive Peacebuilding Course<\/span><\/a><\/p>\n","protected":false},"author":3,"featured_media":5551,"comment_status":"closed","ping_status":"closed","sticky":false,"template":"","format":"standard","meta":{"advgb_blocks_editor_width":"","advgb_blocks_columns_visual_guide":""},"categories":[71],"tags":[],"issue":[376],"acf":[],"author_meta":{"display_name":"\u00e0 propos","author_link":"https:\/\/koff.swisspeace.ch\/apropos\/author\/apropos\/"},"featured_img":"https:\/\/koff.swisspeace.ch\/apropos\/wp-content\/uploads\/2025\/06\/Faciliation-gender-course_luis-vaz-9RIFeVL73sk-unsplash-600x332.png","coauthors":[],"tax_additional":{"categories":{"linked":["<a href=\"https:\/\/koff.swisspeace.ch\/apropos\/category\/news-de\/\" class=\"advgb-post-tax-term\">Aktuell<\/a>"],"unlinked":["<span class=\"advgb-post-tax-term\">Aktuell<\/span>"]}},"comment_count":0,"relative_dates":{"created":"Posted 1 year ago","modified":"Updated 1 year ago"},"absolute_dates":{"created":"Posted on June 24, 2025","modified":"Updated on June 24, 2025"},"absolute_dates_time":{"created":"Posted on June 24, 2025 11:47 am","modified":"Updated on June 24, 2025 11:47 am"},"featured_img_caption":"","series_order":null,"_links":{"self":[{"href":"https:\/\/koff.swisspeace.ch\/apropos\/wp-json\/wp\/v2\/posts\/5553"}],"collection":[{"href":"https:\/\/koff.swisspeace.ch\/apropos\/wp-json\/wp\/v2\/posts"}],"about":[{"href":"https:\/\/koff.swisspeace.ch\/apropos\/wp-json\/wp\/v2\/types\/post"}],"author":[{"embeddable":true,"href":"https:\/\/koff.swisspeace.ch\/apropos\/wp-json\/wp\/v2\/users\/3"}],"replies":[{"embeddable":true,"href":"https:\/\/koff.swisspeace.ch\/apropos\/wp-json\/wp\/v2\/comments?post=5553"}],"version-history":[{"count":3,"href":"https:\/\/koff.swisspeace.ch\/apropos\/wp-json\/wp\/v2\/posts\/5553\/revisions"}],"predecessor-version":[{"id":5645,"href":"https:\/\/koff.swisspeace.ch\/apropos\/wp-json\/wp\/v2\/posts\/5553\/revisions\/5645"}],"wp:featuredmedia":[{"embeddable":true,"href":"https:\/\/koff.swisspeace.ch\/apropos\/wp-json\/wp\/v2\/media\/5551"}],"wp:attachment":[{"href":"https:\/\/koff.swisspeace.ch\/apropos\/wp-json\/wp\/v2\/media?parent=5553"}],"wp:term":[{"taxonomy":"category","embeddable":true,"href":"https:\/\/koff.swisspeace.ch\/apropos\/wp-json\/wp\/v2\/categories?post=5553"},{"taxonomy":"post_tag","embeddable":true,"href":"https:\/\/koff.swisspeace.ch\/apropos\/wp-json\/wp\/v2\/tags?post=5553"},{"taxonomy":"issue","embeddable":true,"href":"https:\/\/koff.swisspeace.ch\/apropos\/wp-json\/wp\/v2\/issue?post=5553"}],"curies":[{"name":"wp","href":"https:\/\/api.w.org\/{rel}","templated":true}]}}