{"id":5557,"date":"2025-06-24T11:07:55","date_gmt":"2025-06-24T11:07:55","guid":{"rendered":"https:\/\/koff.swisspeace.ch\/apropos\/?p=5557"},"modified":"2025-06-24T11:07:55","modified_gmt":"2025-06-24T11:07:55","slug":"nouveau-cours-facilitation-methodologies-for-inclusive-peacebuilding-course","status":"publish","type":"post","link":"https:\/\/koff.swisspeace.ch\/apropos\/5557\/nouveau-cours-facilitation-methodologies-for-inclusive-peacebuilding-course\/","title":{"rendered":"Nouveau cours \u2014 Facilitation Methodologies for Inclusive Peacebuilding Course"},"content":{"rendered":"\n<p>Ce cours comble le foss\u00e9 entre th\u00e9orie et pratique en dotant les activistes, les professionnel\u00b7les de la paix, les enseignant\u00b7es du sup\u00e9rieur et les chercheur\u00b7euses d\u2019approches p\u00e9dagogiques et formatives innovantes. Il permet de traduire des th\u00e9ories, concepts et id\u00e9es en m\u00e9thodes et outils concrets.<br>Ax\u00e9 sur les \u00e9tudes sur la paix, le genre et les dynamiques culturelles, ce cours pr\u00e9sente des m\u00e9thodes \u00e9ducatives transformatrices qui r\u00e9pondent \u00e0 des dynamiques sociales complexes.<\/p>\n\n\n\n<p><\/p>\n","protected":false},"excerpt":{"rendered":"<p>Ce cours comble le foss\u00e9 entre th\u00e9orie et pratique en dotant les activistes, les professionnel\u00b7les de la paix, les enseignant\u00b7es du sup\u00e9rieur et les chercheur\u00b7euses d\u2019approches p\u00e9dagogiques et formatives innovantes. Il permet de traduire des th\u00e9ories, concepts et id\u00e9es en m\u00e9thodes et outils concrets.Ax\u00e9 sur les \u00e9tudes sur la paix, le genre et les dynamiques <a href=\"https:\/\/koff.swisspeace.ch\/apropos\/5557\/nouveau-cours-facilitation-methodologies-for-inclusive-peacebuilding-course\/\" class=\"more-link\">&#8230;<span class=\"screen-reader-text\">  Nouveau cours \u2014 Facilitation Methodologies for Inclusive Peacebuilding Course<\/span><\/a><\/p>\n","protected":false},"author":3,"featured_media":5551,"comment_status":"closed","ping_status":"closed","sticky":false,"template":"","format":"standard","meta":{"advgb_blocks_editor_width":"","advgb_blocks_columns_visual_guide":""},"categories":[99],"tags":[],"issue":[378],"acf":[],"author_meta":{"display_name":"\u00e0 propos","author_link":"https:\/\/koff.swisspeace.ch\/apropos\/author\/apropos\/"},"featured_img":"https:\/\/koff.swisspeace.ch\/apropos\/wp-content\/uploads\/2025\/06\/Faciliation-gender-course_luis-vaz-9RIFeVL73sk-unsplash-600x332.png","coauthors":[],"tax_additional":{"categories":{"linked":["<a href=\"https:\/\/koff.swisspeace.ch\/apropos\/category\/news-fr\/\" class=\"advgb-post-tax-term\">Actualit\u00e9<\/a>"],"unlinked":["<span class=\"advgb-post-tax-term\">Actualit\u00e9<\/span>"]}},"comment_count":0,"relative_dates":{"created":"Posted 1 year ago","modified":"Updated 1 year ago"},"absolute_dates":{"created":"Posted on June 24, 2025","modified":"Updated on June 24, 2025"},"absolute_dates_time":{"created":"Posted on June 24, 2025 11:07 am","modified":"Updated on June 24, 2025 11:07 am"},"featured_img_caption":"","series_order":null,"_links":{"self":[{"href":"https:\/\/koff.swisspeace.ch\/apropos\/wp-json\/wp\/v2\/posts\/5557"}],"collection":[{"href":"https:\/\/koff.swisspeace.ch\/apropos\/wp-json\/wp\/v2\/posts"}],"about":[{"href":"https:\/\/koff.swisspeace.ch\/apropos\/wp-json\/wp\/v2\/types\/post"}],"author":[{"embeddable":true,"href":"https:\/\/koff.swisspeace.ch\/apropos\/wp-json\/wp\/v2\/users\/3"}],"replies":[{"embeddable":true,"href":"https:\/\/koff.swisspeace.ch\/apropos\/wp-json\/wp\/v2\/comments?post=5557"}],"version-history":[{"count":4,"href":"https:\/\/koff.swisspeace.ch\/apropos\/wp-json\/wp\/v2\/posts\/5557\/revisions"}],"predecessor-version":[{"id":5775,"href":"https:\/\/koff.swisspeace.ch\/apropos\/wp-json\/wp\/v2\/posts\/5557\/revisions\/5775"}],"wp:featuredmedia":[{"embeddable":true,"href":"https:\/\/koff.swisspeace.ch\/apropos\/wp-json\/wp\/v2\/media\/5551"}],"wp:attachment":[{"href":"https:\/\/koff.swisspeace.ch\/apropos\/wp-json\/wp\/v2\/media?parent=5557"}],"wp:term":[{"taxonomy":"category","embeddable":true,"href":"https:\/\/koff.swisspeace.ch\/apropos\/wp-json\/wp\/v2\/categories?post=5557"},{"taxonomy":"post_tag","embeddable":true,"href":"https:\/\/koff.swisspeace.ch\/apropos\/wp-json\/wp\/v2\/tags?post=5557"},{"taxonomy":"issue","embeddable":true,"href":"https:\/\/koff.swisspeace.ch\/apropos\/wp-json\/wp\/v2\/issue?post=5557"}],"curies":[{"name":"wp","href":"https:\/\/api.w.org\/{rel}","templated":true}]}}