{"id":5574,"date":"2025-06-24T11:07:55","date_gmt":"2025-06-24T11:07:55","guid":{"rendered":"https:\/\/koff.swisspeace.ch\/apropos\/?p=5574"},"modified":"2025-06-24T11:07:55","modified_gmt":"2025-06-24T11:07:55","slug":"nouveau-cours-conflict-sensitive-communication-in-international-cooperation","status":"publish","type":"post","link":"https:\/\/koff.swisspeace.ch\/apropos\/5574\/nouveau-cours-conflict-sensitive-communication-in-international-cooperation\/","title":{"rendered":"Nouveau cours \u2014 Conflict-sensitive Communication in International Cooperation"},"content":{"rendered":"\n<p>Gr\u00e2ce \u00e0 des approches th\u00e9oriques, des m\u00e9thodologies innovantes et des \u00e9tudes de cas concr\u00e8tes, ce cours fournit aux participant\u00b7es les outils n\u00e9cessaires pour int\u00e9grer une perspective sensible au conflit dans tous les aspects de leur travail de communication \u2013 de l&#8217;engagement des parties prenantes \u00e0 la narration \u00e9thique, des m\u00e9dias sociaux \u00e0 la communication interpersonnelle, en passant par le r\u00f4le de l&#8217;art et la diffusion sensible des r\u00e9sultats de la recherche sur la paix et les conflits.<\/p>\n","protected":false},"excerpt":{"rendered":"<p>Gr\u00e2ce \u00e0 des approches th\u00e9oriques, des m\u00e9thodologies innovantes et des \u00e9tudes de cas concr\u00e8tes, ce cours fournit aux participant\u00b7es les outils n\u00e9cessaires pour int\u00e9grer une perspective sensible au conflit dans tous les aspects de leur travail de communication \u2013 de l&#8217;engagement des parties prenantes \u00e0 la narration \u00e9thique, des m\u00e9dias sociaux \u00e0 la communication interpersonnelle, <a href=\"https:\/\/koff.swisspeace.ch\/apropos\/5574\/nouveau-cours-conflict-sensitive-communication-in-international-cooperation\/\" class=\"more-link\">&#8230;<span class=\"screen-reader-text\">  Nouveau cours \u2014 Conflict-sensitive Communication in International Cooperation<\/span><\/a><\/p>\n","protected":false},"author":3,"featured_media":5572,"comment_status":"closed","ping_status":"closed","sticky":false,"template":"","format":"standard","meta":{"advgb_blocks_editor_width":"","advgb_blocks_columns_visual_guide":""},"categories":[99],"tags":[],"issue":[378],"acf":[],"author_meta":{"display_name":"\u00e0 propos","author_link":"https:\/\/koff.swisspeace.ch\/apropos\/author\/apropos\/"},"featured_img":"https:\/\/koff.swisspeace.ch\/apropos\/wp-content\/uploads\/2025\/06\/NEW-CSC-1-600x332.png","coauthors":[],"tax_additional":{"categories":{"linked":["<a href=\"https:\/\/koff.swisspeace.ch\/apropos\/category\/news-fr\/\" class=\"advgb-post-tax-term\">Actualit\u00e9<\/a>"],"unlinked":["<span class=\"advgb-post-tax-term\">Actualit\u00e9<\/span>"]}},"comment_count":0,"relative_dates":{"created":"Posted 1 year ago","modified":"Updated 1 year ago"},"absolute_dates":{"created":"Posted on June 24, 2025","modified":"Updated on June 24, 2025"},"absolute_dates_time":{"created":"Posted on June 24, 2025 11:07 am","modified":"Updated on June 24, 2025 11:07 am"},"featured_img_caption":"","series_order":null,"_links":{"self":[{"href":"https:\/\/koff.swisspeace.ch\/apropos\/wp-json\/wp\/v2\/posts\/5574"}],"collection":[{"href":"https:\/\/koff.swisspeace.ch\/apropos\/wp-json\/wp\/v2\/posts"}],"about":[{"href":"https:\/\/koff.swisspeace.ch\/apropos\/wp-json\/wp\/v2\/types\/post"}],"author":[{"embeddable":true,"href":"https:\/\/koff.swisspeace.ch\/apropos\/wp-json\/wp\/v2\/users\/3"}],"replies":[{"embeddable":true,"href":"https:\/\/koff.swisspeace.ch\/apropos\/wp-json\/wp\/v2\/comments?post=5574"}],"version-history":[{"count":3,"href":"https:\/\/koff.swisspeace.ch\/apropos\/wp-json\/wp\/v2\/posts\/5574\/revisions"}],"predecessor-version":[{"id":5779,"href":"https:\/\/koff.swisspeace.ch\/apropos\/wp-json\/wp\/v2\/posts\/5574\/revisions\/5779"}],"wp:featuredmedia":[{"embeddable":true,"href":"https:\/\/koff.swisspeace.ch\/apropos\/wp-json\/wp\/v2\/media\/5572"}],"wp:attachment":[{"href":"https:\/\/koff.swisspeace.ch\/apropos\/wp-json\/wp\/v2\/media?parent=5574"}],"wp:term":[{"taxonomy":"category","embeddable":true,"href":"https:\/\/koff.swisspeace.ch\/apropos\/wp-json\/wp\/v2\/categories?post=5574"},{"taxonomy":"post_tag","embeddable":true,"href":"https:\/\/koff.swisspeace.ch\/apropos\/wp-json\/wp\/v2\/tags?post=5574"},{"taxonomy":"issue","embeddable":true,"href":"https:\/\/koff.swisspeace.ch\/apropos\/wp-json\/wp\/v2\/issue?post=5574"}],"curies":[{"name":"wp","href":"https:\/\/api.w.org\/{rel}","templated":true}]}}