{"id":5577,"date":"2025-06-24T11:47:51","date_gmt":"2025-06-24T11:47:51","guid":{"rendered":"https:\/\/koff.swisspeace.ch\/apropos\/?p=5577"},"modified":"2025-06-24T11:47:51","modified_gmt":"2025-06-24T11:47:51","slug":"neues-projekt-fondation-hirondelle-in-guinea-bissau","status":"publish","type":"post","link":"https:\/\/koff.swisspeace.ch\/apropos\/5577\/neues-projekt-fondation-hirondelle-in-guinea-bissau\/","title":{"rendered":"Neues Projekt \u2013 Fondation Hirondelle in Guinea-Bissau"},"content":{"rendered":"\n<p>Das Projekt \u00abF\u00f6rderung und Schutz der Demokratie in Guinea-Bissau: Meinungsfreiheit und Bek\u00e4mpfung von Desinformation\u00bb, das im April 2025 gestartet wurde, wird von der Media Foundation for West Africa (MFWA) in Partnerschaft mit Reporter ohne Grenzen (RSF) und der Fondation Hirondelle umgesetzt, mit finanzieller Unterst\u00fctzung der Europ\u00e4ischen Union.<br>Die Fondation Hirondelle wird sich auf Schulungen und die Unterst\u00fctzung im Bereich Faktenpr\u00fcfung und Bek\u00e4mpfung von Hassrede konzentrieren sowie Coaching zur Produktion hochwertiger Inhalte anbieten.<\/p>\n","protected":false},"excerpt":{"rendered":"<p>Das Projekt \u00abF\u00f6rderung und Schutz der Demokratie in Guinea-Bissau: Meinungsfreiheit und Bek\u00e4mpfung von Desinformation\u00bb, das im April 2025 gestartet wurde, wird von der Media Foundation for West Africa (MFWA) in Partnerschaft mit Reporter ohne Grenzen (RSF) und der Fondation Hirondelle umgesetzt, mit finanzieller Unterst\u00fctzung der Europ\u00e4ischen Union.Die Fondation Hirondelle wird sich auf Schulungen und die <a href=\"https:\/\/koff.swisspeace.ch\/apropos\/5577\/neues-projekt-fondation-hirondelle-in-guinea-bissau\/\" class=\"more-link\">&#8230;<span class=\"screen-reader-text\">  Neues Projekt \u2013 Fondation Hirondelle in Guinea-Bissau<\/span><\/a><\/p>\n","protected":false},"author":3,"featured_media":5583,"comment_status":"closed","ping_status":"closed","sticky":false,"template":"","format":"standard","meta":{"advgb_blocks_editor_width":"","advgb_blocks_columns_visual_guide":""},"categories":[71],"tags":[],"issue":[376],"acf":[],"author_meta":{"display_name":"\u00e0 propos","author_link":"https:\/\/koff.swisspeace.ch\/apropos\/author\/apropos\/"},"featured_img":"https:\/\/koff.swisspeace.ch\/apropos\/wp-content\/uploads\/2025\/06\/Design-sans-titre-9-1.png-600x331.png","coauthors":[],"tax_additional":{"categories":{"linked":["<a href=\"https:\/\/koff.swisspeace.ch\/apropos\/category\/news-de\/\" class=\"advgb-post-tax-term\">Aktuell<\/a>"],"unlinked":["<span class=\"advgb-post-tax-term\">Aktuell<\/span>"]}},"comment_count":0,"relative_dates":{"created":"Posted 1 year ago","modified":"Updated 1 year ago"},"absolute_dates":{"created":"Posted on June 24, 2025","modified":"Updated on June 24, 2025"},"absolute_dates_time":{"created":"Posted on June 24, 2025 11:47 am","modified":"Updated on June 24, 2025 11:47 am"},"featured_img_caption":"","series_order":null,"_links":{"self":[{"href":"https:\/\/koff.swisspeace.ch\/apropos\/wp-json\/wp\/v2\/posts\/5577"}],"collection":[{"href":"https:\/\/koff.swisspeace.ch\/apropos\/wp-json\/wp\/v2\/posts"}],"about":[{"href":"https:\/\/koff.swisspeace.ch\/apropos\/wp-json\/wp\/v2\/types\/post"}],"author":[{"embeddable":true,"href":"https:\/\/koff.swisspeace.ch\/apropos\/wp-json\/wp\/v2\/users\/3"}],"replies":[{"embeddable":true,"href":"https:\/\/koff.swisspeace.ch\/apropos\/wp-json\/wp\/v2\/comments?post=5577"}],"version-history":[{"count":4,"href":"https:\/\/koff.swisspeace.ch\/apropos\/wp-json\/wp\/v2\/posts\/5577\/revisions"}],"predecessor-version":[{"id":5771,"href":"https:\/\/koff.swisspeace.ch\/apropos\/wp-json\/wp\/v2\/posts\/5577\/revisions\/5771"}],"wp:featuredmedia":[{"embeddable":true,"href":"https:\/\/koff.swisspeace.ch\/apropos\/wp-json\/wp\/v2\/media\/5583"}],"wp:attachment":[{"href":"https:\/\/koff.swisspeace.ch\/apropos\/wp-json\/wp\/v2\/media?parent=5577"}],"wp:term":[{"taxonomy":"category","embeddable":true,"href":"https:\/\/koff.swisspeace.ch\/apropos\/wp-json\/wp\/v2\/categories?post=5577"},{"taxonomy":"post_tag","embeddable":true,"href":"https:\/\/koff.swisspeace.ch\/apropos\/wp-json\/wp\/v2\/tags?post=5577"},{"taxonomy":"issue","embeddable":true,"href":"https:\/\/koff.swisspeace.ch\/apropos\/wp-json\/wp\/v2\/issue?post=5577"}],"curies":[{"name":"wp","href":"https:\/\/api.w.org\/{rel}","templated":true}]}}