{"id":5589,"date":"2025-06-24T11:07:55","date_gmt":"2025-06-24T11:07:55","guid":{"rendered":"https:\/\/koff.swisspeace.ch\/apropos\/?p=5589"},"modified":"2025-06-24T11:07:55","modified_gmt":"2025-06-24T11:07:55","slug":"nouveau-projet-fondation-hirondelle-en-guinee-bissau","status":"publish","type":"post","link":"https:\/\/koff.swisspeace.ch\/apropos\/5589\/nouveau-projet-fondation-hirondelle-en-guinee-bissau\/","title":{"rendered":"Nouveau projet \u2014 Fondation Hirondelle en Guin\u00e9e-Bissau"},"content":{"rendered":"\n<p>Le projet \u00ab Promouvoir et prot\u00e9ger la d\u00e9mocratie en Guin\u00e9e-Bissau : libert\u00e9 d\u2019expression et lutte contre la d\u00e9sinformation \u00bb entam\u00e9 en avril 2025 est mis en place par Media Foundation for West Africa (MFWA), en partenariat avec Reporters Sans Fronti\u00e8res (RSF) et la Fondation Hirondelle gr\u00e2ce \u00e0 un financement de l&#8217;Union europ\u00e9enne.<\/p>\n\n\n\n<p>La Fondation Hirondelle interviendra sur le volet formation et renforcement des capacit\u00e9s en mati\u00e8re de v\u00e9rification de contenu (fact-checking) et de lutte contre les discours de haine mais aussi \u00e0 travers un accompagnement pour la production de contenus de qualit\u00e9.<\/p>\n","protected":false},"excerpt":{"rendered":"<p>Le projet \u00ab Promouvoir et prot\u00e9ger la d\u00e9mocratie en Guin\u00e9e-Bissau : libert\u00e9 d\u2019expression et lutte contre la d\u00e9sinformation \u00bb entam\u00e9 en avril 2025 est mis en place par Media Foundation for West Africa (MFWA), en partenariat avec Reporters Sans Fronti\u00e8res (RSF) et la Fondation Hirondelle gr\u00e2ce \u00e0 un financement de l&#8217;Union europ\u00e9enne. La Fondation Hirondelle <a href=\"https:\/\/koff.swisspeace.ch\/apropos\/5589\/nouveau-projet-fondation-hirondelle-en-guinee-bissau\/\" class=\"more-link\">&#8230;<span class=\"screen-reader-text\">  Nouveau projet \u2014 Fondation Hirondelle en Guin\u00e9e-Bissau<\/span><\/a><\/p>\n","protected":false},"author":3,"featured_media":5583,"comment_status":"closed","ping_status":"closed","sticky":false,"template":"","format":"standard","meta":{"advgb_blocks_editor_width":"","advgb_blocks_columns_visual_guide":""},"categories":[99],"tags":[],"issue":[378],"acf":[],"author_meta":{"display_name":"\u00e0 propos","author_link":"https:\/\/koff.swisspeace.ch\/apropos\/author\/apropos\/"},"featured_img":"https:\/\/koff.swisspeace.ch\/apropos\/wp-content\/uploads\/2025\/06\/Design-sans-titre-9-1.png-600x331.png","coauthors":[],"tax_additional":{"categories":{"linked":["<a href=\"https:\/\/koff.swisspeace.ch\/apropos\/category\/news-fr\/\" class=\"advgb-post-tax-term\">Actualit\u00e9<\/a>"],"unlinked":["<span class=\"advgb-post-tax-term\">Actualit\u00e9<\/span>"]}},"comment_count":0,"relative_dates":{"created":"Posted 1 year ago","modified":"Updated 1 year ago"},"absolute_dates":{"created":"Posted on June 24, 2025","modified":"Updated on June 24, 2025"},"absolute_dates_time":{"created":"Posted on June 24, 2025 11:07 am","modified":"Updated on June 24, 2025 11:07 am"},"featured_img_caption":"","series_order":null,"_links":{"self":[{"href":"https:\/\/koff.swisspeace.ch\/apropos\/wp-json\/wp\/v2\/posts\/5589"}],"collection":[{"href":"https:\/\/koff.swisspeace.ch\/apropos\/wp-json\/wp\/v2\/posts"}],"about":[{"href":"https:\/\/koff.swisspeace.ch\/apropos\/wp-json\/wp\/v2\/types\/post"}],"author":[{"embeddable":true,"href":"https:\/\/koff.swisspeace.ch\/apropos\/wp-json\/wp\/v2\/users\/3"}],"replies":[{"embeddable":true,"href":"https:\/\/koff.swisspeace.ch\/apropos\/wp-json\/wp\/v2\/comments?post=5589"}],"version-history":[{"count":6,"href":"https:\/\/koff.swisspeace.ch\/apropos\/wp-json\/wp\/v2\/posts\/5589\/revisions"}],"predecessor-version":[{"id":5774,"href":"https:\/\/koff.swisspeace.ch\/apropos\/wp-json\/wp\/v2\/posts\/5589\/revisions\/5774"}],"wp:featuredmedia":[{"embeddable":true,"href":"https:\/\/koff.swisspeace.ch\/apropos\/wp-json\/wp\/v2\/media\/5583"}],"wp:attachment":[{"href":"https:\/\/koff.swisspeace.ch\/apropos\/wp-json\/wp\/v2\/media?parent=5589"}],"wp:term":[{"taxonomy":"category","embeddable":true,"href":"https:\/\/koff.swisspeace.ch\/apropos\/wp-json\/wp\/v2\/categories?post=5589"},{"taxonomy":"post_tag","embeddable":true,"href":"https:\/\/koff.swisspeace.ch\/apropos\/wp-json\/wp\/v2\/tags?post=5589"},{"taxonomy":"issue","embeddable":true,"href":"https:\/\/koff.swisspeace.ch\/apropos\/wp-json\/wp\/v2\/issue?post=5589"}],"curies":[{"name":"wp","href":"https:\/\/api.w.org\/{rel}","templated":true}]}}