{"id":5598,"date":"2025-06-24T11:47:51","date_gmt":"2025-06-24T11:47:51","guid":{"rendered":"https:\/\/koff.swisspeace.ch\/apropos\/?p=5598"},"modified":"2025-06-24T11:47:51","modified_gmt":"2025-06-24T11:47:51","slug":"events-21","status":"publish","type":"post","link":"https:\/\/koff.swisspeace.ch\/apropos\/5598\/events-21\/","title":{"rendered":"Events"},"content":{"rendered":"\n<p><strong>Caux Democracy Forum 2025: Er\u00f6ffnungszeremonie \u00abRevitalizing Democracy \u2013 One Humanity\u00bb<br>8. Juli 2025, 14:30 Uhr, Caux Palace, Schweiz + Livestream<\/strong><br>Begleitet \u00fcber 300 Changemaker aus der ganzen Welt bei einem unvergesslichen Nachmittag anl\u00e4sslich der Er\u00f6ffnungszeremonie des Caux Democracy Forums! Vor der atemberaubenden Kulisse der Schweizer Alpen vereint diese Veranstaltung \u2013 vor Ort und im Livestream \u2013 Vordenker:innen, junge F\u00fchrungspers\u00f6nlichkeiten und kulturelle Stimmen, um \u00fcber die Werte zu reflektieren, die die Demokratie in einer Welt voller Krisen erhalten.<br>Weitere Informationen &amp; Anmeldung <a href=\"https:\/\/www.iofc.ch\/cdf-2025-opening-ceremony\" target=\"_blank\" rel=\"noreferrer noopener\">hier<\/a>.<\/p>\n\n\n\n<p><strong>Jubil\u00e4umsfeier: 20 Jahre Cuisine sans fronti\u00e8res!<\/strong><br><strong>Mehrere Events mit fortlaufend aktualisierten Orten und Daten<\/strong><br>Cuisine sans fronti\u00e8res feiert dieses Jahr sein 20-j\u00e4hriges Bestehen. Anl\u00e4sslich dieses Jubil\u00e4ums organisiert die Organisation 20 Aktivit\u00e4ten und Events \u00fcber das ganze Jahr hinweg unter dem Motto\u00a0\u00abNimm Platz. 20 Jahre Cuisine sans fronti\u00e8res\u00bb. Unter anderem ladet Cuisine sans fronti\u00e8res alle Interessierten am Mittwoch, 20. August zum gem\u00fctlichen Mittagessen, Kurzinput und Kennenlernen an der Anwandstrasse in Z\u00fcrich ein. <br>Mehr Informationen <a rel=\"noreferrer noopener\" href=\"https:\/\/cuisinesansfrontieres.ch\/de\/was-sie-tun-koennen\/informieren\/events\" target=\"_blank\">hier<\/a>.<\/p>\n","protected":false},"excerpt":{"rendered":"<p>Caux Democracy Forum 2025: Er\u00f6ffnungszeremonie \u00abRevitalizing Democracy \u2013 One Humanity\u00bb8. Juli 2025, 14:30 Uhr, Caux Palace, Schweiz + LivestreamBegleitet \u00fcber 300 Changemaker aus der ganzen Welt bei einem unvergesslichen Nachmittag anl\u00e4sslich der Er\u00f6ffnungszeremonie des Caux Democracy Forums! Vor der atemberaubenden Kulisse der Schweizer Alpen vereint diese Veranstaltung \u2013 vor Ort und im Livestream \u2013 Vordenker:innen, <a href=\"https:\/\/koff.swisspeace.ch\/apropos\/5598\/events-21\/\" class=\"more-link\">&#8230;<span class=\"screen-reader-text\">  Events<\/span><\/a><\/p>\n","protected":false},"author":3,"featured_media":4842,"comment_status":"closed","ping_status":"closed","sticky":false,"template":"","format":"standard","meta":{"advgb_blocks_editor_width":"","advgb_blocks_columns_visual_guide":""},"categories":[93],"tags":[],"issue":[376],"acf":[],"author_meta":{"display_name":"\u00e0 propos","author_link":"https:\/\/koff.swisspeace.ch\/apropos\/author\/apropos\/"},"featured_img":"https:\/\/koff.swisspeace.ch\/apropos\/wp-content\/uploads\/2024\/12\/Icons-Events-600x332.png","coauthors":[],"tax_additional":{"categories":{"linked":["<a href=\"https:\/\/koff.swisspeace.ch\/apropos\/category\/calendar-de\/\" class=\"advgb-post-tax-term\">Kalender<\/a>"],"unlinked":["<span class=\"advgb-post-tax-term\">Kalender<\/span>"]}},"comment_count":0,"relative_dates":{"created":"Posted 1 year ago","modified":"Updated 1 year ago"},"absolute_dates":{"created":"Posted on June 24, 2025","modified":"Updated on June 24, 2025"},"absolute_dates_time":{"created":"Posted on June 24, 2025 11:47 am","modified":"Updated on June 24, 2025 11:47 am"},"featured_img_caption":"","series_order":null,"_links":{"self":[{"href":"https:\/\/koff.swisspeace.ch\/apropos\/wp-json\/wp\/v2\/posts\/5598"}],"collection":[{"href":"https:\/\/koff.swisspeace.ch\/apropos\/wp-json\/wp\/v2\/posts"}],"about":[{"href":"https:\/\/koff.swisspeace.ch\/apropos\/wp-json\/wp\/v2\/types\/post"}],"author":[{"embeddable":true,"href":"https:\/\/koff.swisspeace.ch\/apropos\/wp-json\/wp\/v2\/users\/3"}],"replies":[{"embeddable":true,"href":"https:\/\/koff.swisspeace.ch\/apropos\/wp-json\/wp\/v2\/comments?post=5598"}],"version-history":[{"count":5,"href":"https:\/\/koff.swisspeace.ch\/apropos\/wp-json\/wp\/v2\/posts\/5598\/revisions"}],"predecessor-version":[{"id":5723,"href":"https:\/\/koff.swisspeace.ch\/apropos\/wp-json\/wp\/v2\/posts\/5598\/revisions\/5723"}],"wp:featuredmedia":[{"embeddable":true,"href":"https:\/\/koff.swisspeace.ch\/apropos\/wp-json\/wp\/v2\/media\/4842"}],"wp:attachment":[{"href":"https:\/\/koff.swisspeace.ch\/apropos\/wp-json\/wp\/v2\/media?parent=5598"}],"wp:term":[{"taxonomy":"category","embeddable":true,"href":"https:\/\/koff.swisspeace.ch\/apropos\/wp-json\/wp\/v2\/categories?post=5598"},{"taxonomy":"post_tag","embeddable":true,"href":"https:\/\/koff.swisspeace.ch\/apropos\/wp-json\/wp\/v2\/tags?post=5598"},{"taxonomy":"issue","embeddable":true,"href":"https:\/\/koff.swisspeace.ch\/apropos\/wp-json\/wp\/v2\/issue?post=5598"}],"curies":[{"name":"wp","href":"https:\/\/api.w.org\/{rel}","templated":true}]}}