{"id":5609,"date":"2025-06-24T11:07:55","date_gmt":"2025-06-24T11:07:55","guid":{"rendered":"https:\/\/koff.swisspeace.ch\/apropos\/?p=5609"},"modified":"2025-06-24T11:07:55","modified_gmt":"2025-06-24T11:07:55","slug":"evenements-11","status":"publish","type":"post","link":"https:\/\/koff.swisspeace.ch\/apropos\/5609\/evenements-11\/","title":{"rendered":"\u00c9venements"},"content":{"rendered":"\n<p><strong>Caux Democracy Forum 2025 : \u00ab<\/strong> <strong>C\u00e9r\u00e9monie d\u2019ouverture \u2013 Revitaliser la d\u00e9mocratie \u2013 Une seule humanit\u00e9 \u00bb<br>8 juillet 2025, 14h30, Caux Palace, Suisse + diffusion en direct<\/strong><\/p>\n\n\n\n<p>Rejoignez plus de 300 acteurs et actrices du changement venut\u00b7es du monde entier pour un apr\u00e8s-midi inoubliable lors de la c\u00e9r\u00e9monie d\u2019ouverture du Caux Democracy Forum ! Avec pour toile de fond les magnifiques Alpes suisses, cet \u00e9v\u00e9nement, en pr\u00e9sentiel et en ligne, r\u00e9unira des visionnaires, des jeunes leaders et des voix culturelles pour explorer les valeurs qui font vivre la d\u00e9mocratie dans un monde en crise.<\/p>\n\n\n\n<p>Plus d\u2019informations &amp; inscription <a href=\"https:\/\/www.iofc.ch\/cdf-2025-opening-ceremony\"><strong>ici<\/strong><\/a><strong>.<\/strong><\/p>\n\n\n\n<p><strong>Anniversaire &#8211; 20 ans de Cuisine sans fronti\u00e8res<br>Lieu<\/strong>x <strong>et dates mises \u00e0 jour en continu<\/strong><br>Cette ann\u00e9e, Cuisine sans fronti\u00e8res c\u00e9l\u00e8bre ses 20 ans d\u2019existence. Pour l\u2019occasion, l&#8217;organisation organise 20 activit\u00e9s et \u00e9v\u00e9nements tout au long de l\u2019ann\u00e9e sous le slogan \u00ab Prenez place. 20 ans de Cuisine sans fronti\u00e8res \u00bb.<br>Parmi ces \u00e9v\u00e9nements, Csf invite toutes les personnes int\u00e9ress\u00e9es \u00e0 un d\u00e9jeuner convivial, accompagn\u00e9 d\u2019une br\u00e8ve pr\u00e9sentation et d\u2019un moment d\u2019\u00e9change, le mercredi 20 ao\u00fbt \u00e0 la rue Anwandstrasse, \u00e0 Zurich.<\/p>\n\n\n\n<p>Plus d\u2019informations <a rel=\"noreferrer noopener\" href=\"https:\/\/cuisinesansfrontieres.ch\/de\/was-sie-tun-koennen\/informieren\/events\" target=\"_blank\">ici<\/a>.<\/p>\n","protected":false},"excerpt":{"rendered":"<p>Caux Democracy Forum 2025 : \u00ab C\u00e9r\u00e9monie d\u2019ouverture \u2013 Revitaliser la d\u00e9mocratie \u2013 Une seule humanit\u00e9 \u00bb8 juillet 2025, 14h30, Caux Palace, Suisse + diffusion en direct Rejoignez plus de 300 acteurs et actrices du changement venut\u00b7es du monde entier pour un apr\u00e8s-midi inoubliable lors de la c\u00e9r\u00e9monie d\u2019ouverture du Caux Democracy Forum ! Avec <a href=\"https:\/\/koff.swisspeace.ch\/apropos\/5609\/evenements-11\/\" class=\"more-link\">&#8230;<span class=\"screen-reader-text\">  \u00c9venements<\/span><\/a><\/p>\n","protected":false},"author":3,"featured_media":4842,"comment_status":"closed","ping_status":"closed","sticky":false,"template":"","format":"standard","meta":{"advgb_blocks_editor_width":"","advgb_blocks_columns_visual_guide":""},"categories":[97],"tags":[],"issue":[378],"acf":[],"author_meta":{"display_name":"\u00e0 propos","author_link":"https:\/\/koff.swisspeace.ch\/apropos\/author\/apropos\/"},"featured_img":"https:\/\/koff.swisspeace.ch\/apropos\/wp-content\/uploads\/2024\/12\/Icons-Events-600x332.png","coauthors":[],"tax_additional":{"categories":{"linked":["<a href=\"https:\/\/koff.swisspeace.ch\/apropos\/category\/calendar-fr\/\" class=\"advgb-post-tax-term\">Calendrier<\/a>"],"unlinked":["<span class=\"advgb-post-tax-term\">Calendrier<\/span>"]}},"comment_count":0,"relative_dates":{"created":"Posted 1 year ago","modified":"Updated 1 year ago"},"absolute_dates":{"created":"Posted on June 24, 2025","modified":"Updated on June 24, 2025"},"absolute_dates_time":{"created":"Posted on June 24, 2025 11:07 am","modified":"Updated on June 24, 2025 11:07 am"},"featured_img_caption":"","series_order":null,"_links":{"self":[{"href":"https:\/\/koff.swisspeace.ch\/apropos\/wp-json\/wp\/v2\/posts\/5609"}],"collection":[{"href":"https:\/\/koff.swisspeace.ch\/apropos\/wp-json\/wp\/v2\/posts"}],"about":[{"href":"https:\/\/koff.swisspeace.ch\/apropos\/wp-json\/wp\/v2\/types\/post"}],"author":[{"embeddable":true,"href":"https:\/\/koff.swisspeace.ch\/apropos\/wp-json\/wp\/v2\/users\/3"}],"replies":[{"embeddable":true,"href":"https:\/\/koff.swisspeace.ch\/apropos\/wp-json\/wp\/v2\/comments?post=5609"}],"version-history":[{"count":2,"href":"https:\/\/koff.swisspeace.ch\/apropos\/wp-json\/wp\/v2\/posts\/5609\/revisions"}],"predecessor-version":[{"id":5611,"href":"https:\/\/koff.swisspeace.ch\/apropos\/wp-json\/wp\/v2\/posts\/5609\/revisions\/5611"}],"wp:featuredmedia":[{"embeddable":true,"href":"https:\/\/koff.swisspeace.ch\/apropos\/wp-json\/wp\/v2\/media\/4842"}],"wp:attachment":[{"href":"https:\/\/koff.swisspeace.ch\/apropos\/wp-json\/wp\/v2\/media?parent=5609"}],"wp:term":[{"taxonomy":"category","embeddable":true,"href":"https:\/\/koff.swisspeace.ch\/apropos\/wp-json\/wp\/v2\/categories?post=5609"},{"taxonomy":"post_tag","embeddable":true,"href":"https:\/\/koff.swisspeace.ch\/apropos\/wp-json\/wp\/v2\/tags?post=5609"},{"taxonomy":"issue","embeddable":true,"href":"https:\/\/koff.swisspeace.ch\/apropos\/wp-json\/wp\/v2\/issue?post=5609"}],"curies":[{"name":"wp","href":"https:\/\/api.w.org\/{rel}","templated":true}]}}