{"id":5615,"date":"2025-06-24T11:07:54","date_gmt":"2025-06-24T11:07:54","guid":{"rendered":"https:\/\/koff.swisspeace.ch\/apropos\/?p=5615"},"modified":"2025-06-24T11:07:54","modified_gmt":"2025-06-24T11:07:54","slug":"des-trajectoires-integrees-pour-la-paix-en-guinee-bissau","status":"publish","type":"post","link":"https:\/\/koff.swisspeace.ch\/apropos\/5615\/des-trajectoires-integrees-pour-la-paix-en-guinee-bissau\/","title":{"rendered":"Des trajectoires int\u00e9gr\u00e9es pour la paix en Guin\u00e9e-Bissau"},"content":{"rendered":"\n<p>Le Nexus humanitaire-d\u00e9veloppement-paix (HDP) n\u2019est plus qu\u2019une ambition conceptuelle : il marque une \u00e9volution concr\u00e8te dans la mani\u00e8re de penser, de coordonner et de fournir l\u2019aide. Port\u00e9 par des engagements mondiaux comme le Nouvel Agenda pour la paix 2023 et le Pacte pour l\u2019avenir 2024, il appelle \u00e0 int\u00e9grer la pr\u00e9vention des risques, la r\u00e9solution des conflits et la coh\u00e9sion sociale dans les efforts humanitaires et de d\u00e9veloppement. En terme op\u00e9rationnel, cela veut dire transformer la mani\u00e8re dont l\u2019aide est d\u00e9livr\u00e9e. En Guin\u00e9e-Bissau, Interpeace, en partenariat avec la FAO, l\u2019UNFPA et ONU-Habitat, applique cette approche.<\/p>\n\n\n\n<p>Dans les r\u00e9gions de Bafat\u00e1 et de Gab\u00fa, une initiative de d\u00e9veloppement durable traite \u00e0 la fois les conflits li\u00e9s \u00e0 l\u2019eau et aux terres, et les in\u00e9galit\u00e9s sociales. L\u2019expansion rapide des plantations de noix de cajou a perturb\u00e9 la transhumance traditionnelle, attisant les tensions entre agriculteurs et \u00e9leveurs marginalis\u00e9s, priv\u00e9s de soins de sant\u00e9 et de justice. Ces tensions d\u00e9g\u00e9n\u00e8rent souvent en violences : b\u00e9tail empoisonn\u00e9, b\u00eates vol\u00e9es, champs incendi\u00e9s.<\/p>\n\n\n\n<p>L\u2019initiative associe d\u00e9veloppement et paix en cr\u00e9ant des espaces de dialogue inclusifs, comme des clubs d\u2019agriculteur\u00b7rices ou des espaces pour les femmes, et influence les politiques nationales sur la transhumance et l\u2019usage des terres. En renfor\u00e7ant la m\u00e9diation locale, elle favorise des solutions communautaires et la pr\u00e9vention des conflits. Elle agit aussi sur les causes profondes des conflits : r\u00e9duction de l\u2019exclusion, acc\u00e8s aux soins et aux infrastructures pour les populations et le b\u00e9tail, renforcement de la coh\u00e9sion sociale.<\/p>\n\n\n\n<p>Les partenariats avec les minist\u00e8res et acteurs locaux sont essentiels pour renforcer la pr\u00e9sence de l\u2019\u00c9tat dans les zones recul\u00e9es. Des formations cibl\u00e9es ont soutenu les associations d\u2019\u00e9leveur\u00b7ses, \u00e9tendu les commissions fonci\u00e8res locales, et \u00e9quip\u00e9 l\u2019administration d\u2019outils de gestion du territoire.<\/p>\n\n\n\n<p>Cette approche a \u00e9t\u00e9 rendue possible gr\u00e2ce \u00e0 l\u2019ouverture des partenaires et bailleurs \u00e0 l\u2019int\u00e9gration du Nexus HDP. Financ\u00e9 par le Fonds pour la consolidation de la paix des Nations Unies, ce projet \u2013 actif jusqu\u2019en 2025 \u2013 propose un mod\u00e8le reproductible, pla\u00e7ant les communaut\u00e9s au c\u0153ur des solutions durables.<\/p>\n","protected":false},"excerpt":{"rendered":"<p>Le Nexus humanitaire-d\u00e9veloppement-paix (HDP) n\u2019est plus qu\u2019une ambition conceptuelle : il marque une \u00e9volution concr\u00e8te dans la mani\u00e8re de penser, de coordonner et de fournir l\u2019aide. Port\u00e9 par des engagements mondiaux comme le Nouvel Agenda pour la paix 2023 et le Pacte pour l\u2019avenir 2024, il appelle \u00e0 int\u00e9grer la pr\u00e9vention des risques, la r\u00e9solution <a href=\"https:\/\/koff.swisspeace.ch\/apropos\/5615\/des-trajectoires-integrees-pour-la-paix-en-guinee-bissau\/\" class=\"more-link\">&#8230;<span class=\"screen-reader-text\">  Des trajectoires int\u00e9gr\u00e9es pour la paix en Guin\u00e9e-Bissau<\/span><\/a><\/p>\n","protected":false},"author":3,"featured_media":5435,"comment_status":"closed","ping_status":"closed","sticky":false,"template":"","format":"standard","meta":{"advgb_blocks_editor_width":"","advgb_blocks_columns_visual_guide":""},"categories":[113],"tags":[],"issue":[378],"acf":[],"author_meta":{"display_name":"\u00e0 propos","author_link":"https:\/\/koff.swisspeace.ch\/apropos\/author\/apropos\/"},"featured_img":"https:\/\/koff.swisspeace.ch\/apropos\/wp-content\/uploads\/2025\/06\/WBpictureInterpeace189-600x331.png","coauthors":[],"tax_additional":{"categories":{"linked":["<a href=\"https:\/\/koff.swisspeace.ch\/apropos\/category\/reports-fr\/\" class=\"advgb-post-tax-term\">Dossier<\/a>"],"unlinked":["<span class=\"advgb-post-tax-term\">Dossier<\/span>"]}},"comment_count":0,"relative_dates":{"created":"Posted 1 year ago","modified":"Updated 1 year ago"},"absolute_dates":{"created":"Posted on June 24, 2025","modified":"Updated on June 24, 2025"},"absolute_dates_time":{"created":"Posted on June 24, 2025 11:07 am","modified":"Updated on June 24, 2025 11:07 am"},"featured_img_caption":"","series_order":null,"_links":{"self":[{"href":"https:\/\/koff.swisspeace.ch\/apropos\/wp-json\/wp\/v2\/posts\/5615"}],"collection":[{"href":"https:\/\/koff.swisspeace.ch\/apropos\/wp-json\/wp\/v2\/posts"}],"about":[{"href":"https:\/\/koff.swisspeace.ch\/apropos\/wp-json\/wp\/v2\/types\/post"}],"author":[{"embeddable":true,"href":"https:\/\/koff.swisspeace.ch\/apropos\/wp-json\/wp\/v2\/users\/3"}],"replies":[{"embeddable":true,"href":"https:\/\/koff.swisspeace.ch\/apropos\/wp-json\/wp\/v2\/comments?post=5615"}],"version-history":[{"count":4,"href":"https:\/\/koff.swisspeace.ch\/apropos\/wp-json\/wp\/v2\/posts\/5615\/revisions"}],"predecessor-version":[{"id":5691,"href":"https:\/\/koff.swisspeace.ch\/apropos\/wp-json\/wp\/v2\/posts\/5615\/revisions\/5691"}],"wp:featuredmedia":[{"embeddable":true,"href":"https:\/\/koff.swisspeace.ch\/apropos\/wp-json\/wp\/v2\/media\/5435"}],"wp:attachment":[{"href":"https:\/\/koff.swisspeace.ch\/apropos\/wp-json\/wp\/v2\/media?parent=5615"}],"wp:term":[{"taxonomy":"category","embeddable":true,"href":"https:\/\/koff.swisspeace.ch\/apropos\/wp-json\/wp\/v2\/categories?post=5615"},{"taxonomy":"post_tag","embeddable":true,"href":"https:\/\/koff.swisspeace.ch\/apropos\/wp-json\/wp\/v2\/tags?post=5615"},{"taxonomy":"issue","embeddable":true,"href":"https:\/\/koff.swisspeace.ch\/apropos\/wp-json\/wp\/v2\/issue?post=5615"}],"curies":[{"name":"wp","href":"https:\/\/api.w.org\/{rel}","templated":true}]}}