{"id":5619,"date":"2025-06-24T11:07:54","date_gmt":"2025-06-24T11:07:54","guid":{"rendered":"https:\/\/koff.swisspeace.ch\/apropos\/?p=5619"},"modified":"2025-06-24T14:02:19","modified_gmt":"2025-06-24T14:02:19","slug":"le-nexus-hdp-a-lheure-des-coupures-de-fonds-reflexions","status":"publish","type":"post","link":"https:\/\/koff.swisspeace.ch\/apropos\/5619\/le-nexus-hdp-a-lheure-des-coupures-de-fonds-reflexions\/","title":{"rendered":"Le Nexus HDP \u00e0 l\u2019heure des coupures de fonds \u2014 R\u00e9flexions"},"content":{"rendered":"\n<p>Ces derni\u00e8res ann\u00e9es, on observe une tendance persistante \u00e0 la baisse des contributions \u00e0 l\u2019aide internationale de la part des principaux donateurs historiques, affectant en particulier les secteurs du d\u00e9veloppement et de la consolidation de la paix. Cette tendance a culmin\u00e9 en janvier 2025 avec la suspension des financements de l\u2019USAID, provoquant des effets d\u00e9vastateurs sur la coop\u00e9ration internationale. Cette diminution du financement a \u00e9t\u00e9 accompagn\u00e9e de mesures de s\u00e9curisation adopt\u00e9es comme strat\u00e9gie de politique \u00e9trang\u00e8re, dans un contexte d\u2019ins\u00e9curit\u00e9 mondiale croissante, de risques li\u00e9s \u00e0 la d\u00e9gradation climatique et de fragilit\u00e9 \u00e9conomique.<\/p>\n\n\n\n<p>Afin de promouvoir une r\u00e9flexion collective sur cette probl\u00e9matique, swisspeace, en collaboration avec International Alert, a co-organis\u00e9 le panel en ligne \u00ab Code Red: Conflict Sensitivity in a Shrinking Donor Landscape &#8211; Challenges and opportunities for the HDP Nexus<sup> <\/sup>\u00bb, du 19 au 22 mai lors de la conf\u00e9rence du Conflict Sensitivity Community Hub. \u00c0 cette occasion, Tania H\u00f6rler, co-responsable du programme \u00ab Peacebuilding Analysis and Impact \u00bb chez swisspeace, a partag\u00e9 sa perspective sur les effets du retrait progressif des donateurs et de la d\u00e9priorisation des financements, en particulier sur la mise en \u0153uvre du Nexus humanitaire\u2013d\u00e9veloppement\u2013paix (HDP). Elle a \u00e9galement propos\u00e9 des pistes de strat\u00e9gies et d\u2019approches pour confronter ces \u00e9volutions.<\/p>\n\n\n\n<p>\u00ab L\u2019un des plus grands risques actuellement, c\u2019est la pression \u00e0 agir vite, \u00e0 r\u00e9duire les analyses, et \u00e0 se concentrer uniquement sur les r\u00e9sultats et les livrables \u00bb, a-t-elle soulign\u00e9. Selon Tania, cette tendance compromet la coordination ainsi que la capacit\u00e9 analytique des acteurs de l\u2019aide, et augmente fortement le risque d\u2019aggraver les conflits qu\u2019ils cherchent justement \u00e0 att\u00e9nuer.<\/p>\n\n\n\n<p>La pression financi\u00e8re et strat\u00e9gique que les acteurs de l\u2019aide subissent compromet la mise en \u0153uvre du Nexus HDP. Les imp\u00e9ratifs budg\u00e9taires \u00e0 court terme prennent le pas sur les visions \u00e0 long terme, favorisent l\u2019action humanitaire d\u2019urgence, nourrissent la concurrence entre les trois secteurs, et d\u00e9couragent la collaboration et la planification intersectorielles.<\/p>\n\n\n\n<p>Dans ce contexte, il est imp\u00e9ratif de repenser les mod\u00e8les d\u2019aide. Premi\u00e8rement, en les ancrant dans les r\u00e9alit\u00e9s locales et en reconnaissant les acteurs locaux et de la soci\u00e9t\u00e9 civile comme comp\u00e9tents \u2013 et non simplement comme ex\u00e9cutants \u2013 les interventions peuvent mieux r\u00e9pondre aux besoins r\u00e9els. Cela am\u00e9liore leur efficacit\u00e9 et permet une utilisation plus strat\u00e9gique et efficiente des ressources financi\u00e8res, de plus en plus rares dans le cadre du nexus.<\/p>\n\n\n\n<p>Deuxi\u00e8mement, il est essentiel de pr\u00e9server et d\u2019investir dans des espaces communs d\u2019apprentissage et de r\u00e9flexion, tels que les dispositifs multi-acteurs de sensibilit\u00e9 au conflit. Ces plateformes favorisent la coordination sectorielle et l\u2019analyse collective.<\/p>\n\n\n\n<p>Troisi\u00e8mement, il faut d\u00e9passer les approches en silos ou purement techniques au profit d\u2019un engagement structurel envers l\u2019approche nexus : une coordination et collaboration r\u00e9elles entre les acteurs humanitaires, du d\u00e9veloppement et de la paix, bas\u00e9es sur des objectifs partag\u00e9s, sp\u00e9cifiques au contexte, pour un impact positif.<\/p>\n\n\n\n<p>Comme l\u2019a affirm\u00e9 Tania lors du panel : \u00ab Nous devons investir dans des partenariats inclusifs et des espaces de r\u00e9flexion collective. Ces espaces permettent la collaboration intersectorielle, la compr\u00e9hension partag\u00e9e, et des r\u00e9ponses plus adaptatives. Dans le contexte actuel contraignant, cela n\u2019est pas un luxe \u2014 c\u2019est essentiel. \u00bb<\/p>\n\n\n\n<p>[1] Tout comme le \u00ab Conflict Sensitivity Resource Facility au Sud Soudan ou le Conflict Sensitivity Hub en R\u00e9publique D\u00e9mocratique du Congo \u00bb.<\/p>\n","protected":false},"excerpt":{"rendered":"<p>Ces derni\u00e8res ann\u00e9es, on observe une tendance persistante \u00e0 la baisse des contributions \u00e0 l\u2019aide internationale de la part des principaux donateurs historiques, affectant en particulier les secteurs du d\u00e9veloppement et de la consolidation de la paix. Cette tendance a culmin\u00e9 en janvier 2025 avec la suspension des financements de l\u2019USAID, provoquant des effets d\u00e9vastateurs <a href=\"https:\/\/koff.swisspeace.ch\/apropos\/5619\/le-nexus-hdp-a-lheure-des-coupures-de-fonds-reflexions\/\" class=\"more-link\">&#8230;<span class=\"screen-reader-text\">  Le Nexus HDP \u00e0 l\u2019heure des coupures de fonds \u2014 R\u00e9flexions<\/span><\/a><\/p>\n","protected":false},"author":3,"featured_media":5752,"comment_status":"closed","ping_status":"closed","sticky":false,"template":"","format":"standard","meta":{"advgb_blocks_editor_width":"","advgb_blocks_columns_visual_guide":""},"categories":[113],"tags":[],"issue":[378],"acf":[],"author_meta":{"display_name":"\u00e0 propos","author_link":"https:\/\/koff.swisspeace.ch\/apropos\/author\/apropos\/"},"featured_img":"https:\/\/koff.swisspeace.ch\/apropos\/wp-content\/uploads\/2025\/06\/marek-lumi-fs_pTOUNw7A-unsplash-600x332.jpg","coauthors":[],"tax_additional":{"categories":{"linked":["<a href=\"https:\/\/koff.swisspeace.ch\/apropos\/category\/reports-fr\/\" class=\"advgb-post-tax-term\">Dossier<\/a>"],"unlinked":["<span class=\"advgb-post-tax-term\">Dossier<\/span>"]}},"comment_count":0,"relative_dates":{"created":"Posted 1 year ago","modified":"Updated 1 year ago"},"absolute_dates":{"created":"Posted on June 24, 2025","modified":"Updated on June 24, 2025"},"absolute_dates_time":{"created":"Posted on June 24, 2025 11:07 am","modified":"Updated on June 24, 2025 2:02 pm"},"featured_img_caption":"","series_order":null,"_links":{"self":[{"href":"https:\/\/koff.swisspeace.ch\/apropos\/wp-json\/wp\/v2\/posts\/5619"}],"collection":[{"href":"https:\/\/koff.swisspeace.ch\/apropos\/wp-json\/wp\/v2\/posts"}],"about":[{"href":"https:\/\/koff.swisspeace.ch\/apropos\/wp-json\/wp\/v2\/types\/post"}],"author":[{"embeddable":true,"href":"https:\/\/koff.swisspeace.ch\/apropos\/wp-json\/wp\/v2\/users\/3"}],"replies":[{"embeddable":true,"href":"https:\/\/koff.swisspeace.ch\/apropos\/wp-json\/wp\/v2\/comments?post=5619"}],"version-history":[{"count":7,"href":"https:\/\/koff.swisspeace.ch\/apropos\/wp-json\/wp\/v2\/posts\/5619\/revisions"}],"predecessor-version":[{"id":5843,"href":"https:\/\/koff.swisspeace.ch\/apropos\/wp-json\/wp\/v2\/posts\/5619\/revisions\/5843"}],"wp:featuredmedia":[{"embeddable":true,"href":"https:\/\/koff.swisspeace.ch\/apropos\/wp-json\/wp\/v2\/media\/5752"}],"wp:attachment":[{"href":"https:\/\/koff.swisspeace.ch\/apropos\/wp-json\/wp\/v2\/media?parent=5619"}],"wp:term":[{"taxonomy":"category","embeddable":true,"href":"https:\/\/koff.swisspeace.ch\/apropos\/wp-json\/wp\/v2\/categories?post=5619"},{"taxonomy":"post_tag","embeddable":true,"href":"https:\/\/koff.swisspeace.ch\/apropos\/wp-json\/wp\/v2\/tags?post=5619"},{"taxonomy":"issue","embeddable":true,"href":"https:\/\/koff.swisspeace.ch\/apropos\/wp-json\/wp\/v2\/issue?post=5619"}],"curies":[{"name":"wp","href":"https:\/\/api.w.org\/{rel}","templated":true}]}}