{"id":5623,"date":"2025-06-24T11:07:54","date_gmt":"2025-06-24T11:07:54","guid":{"rendered":"https:\/\/koff.swisspeace.ch\/apropos\/?p=5623"},"modified":"2025-06-24T11:07:54","modified_gmt":"2025-06-24T11:07:54","slug":"un-centre-de-competences-pour-une-mise-en-oeuvre-efficace-du-nexus-hdp","status":"publish","type":"post","link":"https:\/\/koff.swisspeace.ch\/apropos\/5623\/un-centre-de-competences-pour-une-mise-en-oeuvre-efficace-du-nexus-hdp\/","title":{"rendered":"Un centre de comp\u00e9tences pour une mise en \u0153uvre efficace du Nexus HDP"},"content":{"rendered":"\n<p>Ces derni\u00e8res ann\u00e9es, des efforts importants ont \u00e9t\u00e9 d\u00e9ploy\u00e9s pour concr\u00e9tiser le Nexus humanitaire-d\u00e9veloppement-paix (HDP), en vue de renforcer la coh\u00e9rence, la coordination et la compl\u00e9mentarit\u00e9 entre les trois secteurs. Bien que convaincante sur le plan th\u00e9orique, l\u2019approche se heurte \u00e0 des difficult\u00e9s pratiques, notamment une certaine confusion autour de la dimension paix et de sa contribution au Nexus. L\u2019int\u00e9gration de la consolidation de la paix reste encore peu d\u00e9velopp\u00e9e, compar\u00e9e \u00e0 l\u2019humanitaire et au d\u00e9veloppement, qui disposent de cadres de coop\u00e9ration plus \u00e9tablis.<\/p>\n\n\n\n<p>swisspeace entend combler ces lacunes en renfor\u00e7ant son r\u00f4le de centre de comp\u00e9tences suisse pour le travail dans le Nexus HDP.<\/p>\n\n\n\n<p>Le centre concentrera ses efforts sur trois axes th\u00e9matiques : la mesure et la compr\u00e9hension de l\u2019impact Nexus, l\u2019\u00e9mergence et l\u2019efficacit\u00e9 des nouveaux partenariats Nexus, et la nature de la paix promue dans ce cadre. Ces domaines seront explor\u00e9s \u00e0 travers des parcours d\u2019apprentissage, nourris par une recherche orient\u00e9e vers la pratique. L\u2019objectif est de stimuler l\u2019innovation m\u00e9thodologique et de produire davantage de preuves pour soutenir le travail dans le Nexus.<\/p>\n\n\n\n<p>Au c\u0153ur de cette initiative : des partenariats avec des acteurs locaux, suisses et internationaux, visant \u00e0 combler les lacunes en mati\u00e8re de connaissances et \u00e0 encourager les \u00e9changes et l\u2019apprentissage mutuel. L\u2019expertise des acteurs locaux \u2013 souvent d\u00e9j\u00e0 engag\u00e9s dans des approches int\u00e9gr\u00e9es \u2013 jouera un r\u00f4le central dans la production de savoirs et de preuves. Ces \u00e9l\u00e9ments seront largement diffus\u00e9s par swisspeace, afin d\u2019\u00e9clairer les pratiques des organisations suisses, locales et internationales, et viendront enrichir les formations et cours propos\u00e9s par l\u2019institution.<\/p>\n\n\n\n<p>\u00ab Le Centre de comp\u00e9tences sur le Nexus vide \u00e0 \u00eatre une plateforme d\u2019\u00e9change et de collaboration entre les acteurs suisses engag\u00e9s dans cette approche. Il s\u2019agit de tirer parti des exp\u00e9riences et outils de chacun\u00b7e pour am\u00e9liorer nos pratiques collectives dans des contextes complexes affect\u00e9s par les conflits \u00bb, explique Roland Dittli, co-responsable du programme <em>Peacebuilding Analysis and Impact<\/em> de swisspeace.<\/p>\n\n\n\n<p>Dans ce cadre, les exp\u00e9riences issues du terrain seront analys\u00e9es en profondeur, et les le\u00e7ons tir\u00e9es diffus\u00e9es pour contribuer \u00e0 une mise en \u0153uvre plus efficace du Nexus par les acteurs internationaux. Une mise en \u0153uvre r\u00e9ussie est cruciale pour assurer une compl\u00e9mentarit\u00e9 entre aide humanitaire, d\u00e9veloppement et consolidation de la paix, et ainsi s\u2019attaquer durablement aux vuln\u00e9rabilit\u00e9s, aux besoins et aux causes profondes des conflits et de la fragilit\u00e9.<\/p>\n\n\n\n<p>Dans un contexte marqu\u00e9 par la baisse des financements et une d\u00e9gradation de la situation de paix et de s\u00e9curit\u00e9 dans de nombreuses r\u00e9gions, il devient urgent de lever les ambigu\u00eft\u00e9s persistantes autour de l\u2019op\u00e9rationnalisation du Nexus.<\/p>\n\n\n\n<p>\u00ab Nous sommes \u00e0 un moment charni\u00e8re qui exige un engagement d\u00e9lib\u00e9r\u00e9 et renouvel\u00e9 envers le Nexus \u00bb, souligne Tania H\u00f6rler, co-responsable du m\u00eame programme chez swisspeace. \u00ab Plus que jamais, alors qu\u2019on nous demande de faire plus avec moins, il est essentiel d\u2019investir dans une communication et une coordination efficaces entre les secteurs pour g\u00e9n\u00e9rer un impact positif. \u00bb<\/p>\n","protected":false},"excerpt":{"rendered":"<p>Ces derni\u00e8res ann\u00e9es, des efforts importants ont \u00e9t\u00e9 d\u00e9ploy\u00e9s pour concr\u00e9tiser le Nexus humanitaire-d\u00e9veloppement-paix (HDP), en vue de renforcer la coh\u00e9rence, la coordination et la compl\u00e9mentarit\u00e9 entre les trois secteurs. Bien que convaincante sur le plan th\u00e9orique, l\u2019approche se heurte \u00e0 des difficult\u00e9s pratiques, notamment une certaine confusion autour de la dimension paix et de <a href=\"https:\/\/koff.swisspeace.ch\/apropos\/5623\/un-centre-de-competences-pour-une-mise-en-oeuvre-efficace-du-nexus-hdp\/\" class=\"more-link\">&#8230;<span class=\"screen-reader-text\">  Un centre de comp\u00e9tences pour une mise en \u0153uvre efficace du Nexus HDP<\/span><\/a><\/p>\n","protected":false},"author":3,"featured_media":5749,"comment_status":"closed","ping_status":"closed","sticky":false,"template":"","format":"standard","meta":{"advgb_blocks_editor_width":"","advgb_blocks_columns_visual_guide":""},"categories":[113],"tags":[],"issue":[378],"acf":[],"author_meta":{"display_name":"\u00e0 propos","author_link":"https:\/\/koff.swisspeace.ch\/apropos\/author\/apropos\/"},"featured_img":"https:\/\/koff.swisspeace.ch\/apropos\/wp-content\/uploads\/2025\/06\/jon-tyson-Jj0kekcXil0-unsplash-600x332.jpg","coauthors":[],"tax_additional":{"categories":{"linked":["<a href=\"https:\/\/koff.swisspeace.ch\/apropos\/category\/reports-fr\/\" class=\"advgb-post-tax-term\">Dossier<\/a>"],"unlinked":["<span class=\"advgb-post-tax-term\">Dossier<\/span>"]}},"comment_count":0,"relative_dates":{"created":"Posted 1 year ago","modified":"Updated 1 year ago"},"absolute_dates":{"created":"Posted on June 24, 2025","modified":"Updated on June 24, 2025"},"absolute_dates_time":{"created":"Posted on June 24, 2025 11:07 am","modified":"Updated on June 24, 2025 11:07 am"},"featured_img_caption":"","series_order":null,"_links":{"self":[{"href":"https:\/\/koff.swisspeace.ch\/apropos\/wp-json\/wp\/v2\/posts\/5623"}],"collection":[{"href":"https:\/\/koff.swisspeace.ch\/apropos\/wp-json\/wp\/v2\/posts"}],"about":[{"href":"https:\/\/koff.swisspeace.ch\/apropos\/wp-json\/wp\/v2\/types\/post"}],"author":[{"embeddable":true,"href":"https:\/\/koff.swisspeace.ch\/apropos\/wp-json\/wp\/v2\/users\/3"}],"replies":[{"embeddable":true,"href":"https:\/\/koff.swisspeace.ch\/apropos\/wp-json\/wp\/v2\/comments?post=5623"}],"version-history":[{"count":7,"href":"https:\/\/koff.swisspeace.ch\/apropos\/wp-json\/wp\/v2\/posts\/5623\/revisions"}],"predecessor-version":[{"id":5772,"href":"https:\/\/koff.swisspeace.ch\/apropos\/wp-json\/wp\/v2\/posts\/5623\/revisions\/5772"}],"wp:featuredmedia":[{"embeddable":true,"href":"https:\/\/koff.swisspeace.ch\/apropos\/wp-json\/wp\/v2\/media\/5749"}],"wp:attachment":[{"href":"https:\/\/koff.swisspeace.ch\/apropos\/wp-json\/wp\/v2\/media?parent=5623"}],"wp:term":[{"taxonomy":"category","embeddable":true,"href":"https:\/\/koff.swisspeace.ch\/apropos\/wp-json\/wp\/v2\/categories?post=5623"},{"taxonomy":"post_tag","embeddable":true,"href":"https:\/\/koff.swisspeace.ch\/apropos\/wp-json\/wp\/v2\/tags?post=5623"},{"taxonomy":"issue","embeddable":true,"href":"https:\/\/koff.swisspeace.ch\/apropos\/wp-json\/wp\/v2\/issue?post=5623"}],"curies":[{"name":"wp","href":"https:\/\/api.w.org\/{rel}","templated":true}]}}