{"id":5627,"date":"2025-06-24T11:07:55","date_gmt":"2025-06-24T11:07:55","guid":{"rendered":"https:\/\/koff.swisspeace.ch\/apropos\/?p=5627"},"modified":"2025-06-26T07:39:33","modified_gmt":"2025-06-26T07:39:33","slug":"colombie-implementation-du-triple-nexus-par-les-jeunes","status":"publish","type":"post","link":"https:\/\/koff.swisspeace.ch\/apropos\/5627\/colombie-implementation-du-triple-nexus-par-les-jeunes\/","title":{"rendered":"Colombie \u2014 Impl\u00e9mentation du triple nexus par les jeunes"},"content":{"rendered":"\n<p>Dans le secteur de la coop\u00e9ration internationale, le d\u00e9bat sur la meilleure mani\u00e8re de mettre en \u0153uvre le triple nexus liant action humanitaire, d\u00e9veloppement et paix, est au c\u0153ur des discussions depuis une dizaine d\u2019ann\u00e9es. Pourtant, dans de nombreux pays, notamment ceux marqu\u00e9s par la violence structurelle et des institutions \u00e9tatiques fragiles, cette approche int\u00e9gr\u00e9e n\u2019est pas th\u00e9orique\u202f: elle est d\u00e9j\u00e0 une r\u00e9alit\u00e9.<\/p>\n\n\n\n<p>Dans des territoires historiquement affect\u00e9s par la marginalisation, les conflits arm\u00e9s et la d\u00e9gradation de l\u2019environnement, les r\u00e9ponses locales aux crises ne suivent pas des cat\u00e9gories claires et successives. Elles prennent plut\u00f4t la forme de r\u00e9ponses int\u00e9gr\u00e9es, vitales, qui combinent survie et r\u00e9silience, tout en assurant protection et transformation. Les jeunes ruraux sont souvent en premi\u00e8re ligne de ces efforts \u2014 ils\u00b7elles incarnent le triple nexus de mani\u00e8re organique, sans forc\u00e9ment le nommer ainsi.<\/p>\n\n\n\n<p>terre des hommes schweiz le constate quotidiennement \u00e0 travers son travail avec ses partenaires locaux. Dans le d\u00e9partement d\u2019Antioquia, en Colombie, o\u00f9 les communaut\u00e9s ont subi des d\u00e9cennies de confrontations arm\u00e9es, de d\u00e9placements forc\u00e9s et d\u2019exclusion sociale, l\u2019Asociaci\u00f3n Campesina de Antioquia (ACA) m\u00e8ne des initiatives qui incarnent le nexus sur le terrain. Leur programme d\u2019autonomisation des jeunes d\u00e9fend la terre, la culture et les moyens de subsistance, tout en formant les jeunes \u00e0 l\u2019agro\u00e9cologie durable, \u00e0 la d\u00e9fense des droits humains et \u00e0 la participation politique. Il s\u2019agit d\u2019un processus d\u2019apprentissage collectif \u00e0 long terme, dans lequel les jeunes acqui\u00e8rent des comp\u00e9tences pratiques, d\u00e9veloppent une conscience critique et assument progressivement des r\u00f4les de leadership au sein de leurs communaut\u00e9s.<\/p>\n\n\n\n<p>Ces programmes vont bien au-del\u00e0 de simples projets de d\u00e9veloppement\u202f: ils contribuent \u00e0 la protection en contexte de d\u00e9placement, \u00e0 la consolidation de la paix ancr\u00e9e dans la m\u00e9moire et la culture, et \u00e0 une r\u00e9ponse humanitaire qui garantit la s\u00e9curit\u00e9 et r\u00e9pond \u00e0 des besoins urgents, notamment par des moyens de subsistance durables et enracin\u00e9s localement. \u00c0 travers ces actions, les jeunes mettent concr\u00e8tement en \u0153uvre le triple nexus.<\/p>\n\n\n\n<p>Notre r\u00f4le, chez terre des hommes schweiz, est d\u2019accompagner et de renforcer ces dynamiques. Cette exp\u00e9rience nourrit notre approche globale\u202f: travailler avec les acteurs locaux et soutenir des strat\u00e9gies contextuelles men\u00e9es par les jeunes dans diff\u00e9rentes r\u00e9gions. Adopter une perspective \u00ab\u202fnexus\u202f\u00bb nous aide \u00e0 mieux reconna\u00eetre la richesse des strat\u00e9gies communautaires. Lorsque les jeunes cultivent des jardins agro\u00e9cologiques, documentent des r\u00e9cits historiques ou prot\u00e8gent l\u2019eau et la terre, ils mettent en \u0153uvre, simultan\u00e9ment, des actions de paix, de d\u00e9veloppement et de r\u00e9ponse humanitaire.<\/p>\n","protected":false},"excerpt":{"rendered":"<p>Dans le secteur de la coop\u00e9ration internationale, le d\u00e9bat sur la meilleure mani\u00e8re de mettre en \u0153uvre le triple nexus liant action humanitaire, d\u00e9veloppement et paix, est au c\u0153ur des discussions depuis une dizaine d\u2019ann\u00e9es. Pourtant, dans de nombreux pays, notamment ceux marqu\u00e9s par la violence structurelle et des institutions \u00e9tatiques fragiles, cette approche int\u00e9gr\u00e9e <a href=\"https:\/\/koff.swisspeace.ch\/apropos\/5627\/colombie-implementation-du-triple-nexus-par-les-jeunes\/\" class=\"more-link\">&#8230;<span class=\"screen-reader-text\">  Colombie \u2014 Impl\u00e9mentation du triple nexus par les jeunes<\/span><\/a><\/p>\n","protected":false},"author":3,"featured_media":5482,"comment_status":"closed","ping_status":"closed","sticky":false,"template":"","format":"standard","meta":{"advgb_blocks_editor_width":"","advgb_blocks_columns_visual_guide":""},"categories":[113],"tags":[],"issue":[378],"acf":[],"author_meta":{"display_name":"\u00e0 propos","author_link":"https:\/\/koff.swisspeace.ch\/apropos\/author\/apropos\/"},"featured_img":"https:\/\/koff.swisspeace.ch\/apropos\/wp-content\/uploads\/2025\/06\/WBtdh189-1-600x333.png","coauthors":[],"tax_additional":{"categories":{"linked":["<a href=\"https:\/\/koff.swisspeace.ch\/apropos\/category\/reports-fr\/\" class=\"advgb-post-tax-term\">Dossier<\/a>"],"unlinked":["<span class=\"advgb-post-tax-term\">Dossier<\/span>"]}},"comment_count":0,"relative_dates":{"created":"Posted 1 year ago","modified":"Updated 1 year ago"},"absolute_dates":{"created":"Posted on June 24, 2025","modified":"Updated on June 26, 2025"},"absolute_dates_time":{"created":"Posted on June 24, 2025 11:07 am","modified":"Updated on June 26, 2025 7:39 am"},"featured_img_caption":"","series_order":null,"_links":{"self":[{"href":"https:\/\/koff.swisspeace.ch\/apropos\/wp-json\/wp\/v2\/posts\/5627"}],"collection":[{"href":"https:\/\/koff.swisspeace.ch\/apropos\/wp-json\/wp\/v2\/posts"}],"about":[{"href":"https:\/\/koff.swisspeace.ch\/apropos\/wp-json\/wp\/v2\/types\/post"}],"author":[{"embeddable":true,"href":"https:\/\/koff.swisspeace.ch\/apropos\/wp-json\/wp\/v2\/users\/3"}],"replies":[{"embeddable":true,"href":"https:\/\/koff.swisspeace.ch\/apropos\/wp-json\/wp\/v2\/comments?post=5627"}],"version-history":[{"count":4,"href":"https:\/\/koff.swisspeace.ch\/apropos\/wp-json\/wp\/v2\/posts\/5627\/revisions"}],"predecessor-version":[{"id":5855,"href":"https:\/\/koff.swisspeace.ch\/apropos\/wp-json\/wp\/v2\/posts\/5627\/revisions\/5855"}],"wp:featuredmedia":[{"embeddable":true,"href":"https:\/\/koff.swisspeace.ch\/apropos\/wp-json\/wp\/v2\/media\/5482"}],"wp:attachment":[{"href":"https:\/\/koff.swisspeace.ch\/apropos\/wp-json\/wp\/v2\/media?parent=5627"}],"wp:term":[{"taxonomy":"category","embeddable":true,"href":"https:\/\/koff.swisspeace.ch\/apropos\/wp-json\/wp\/v2\/categories?post=5627"},{"taxonomy":"post_tag","embeddable":true,"href":"https:\/\/koff.swisspeace.ch\/apropos\/wp-json\/wp\/v2\/tags?post=5627"},{"taxonomy":"issue","embeddable":true,"href":"https:\/\/koff.swisspeace.ch\/apropos\/wp-json\/wp\/v2\/issue?post=5627"}],"curies":[{"name":"wp","href":"https:\/\/api.w.org\/{rel}","templated":true}]}}