{"id":5632,"date":"2025-06-24T11:07:55","date_gmt":"2025-06-24T11:07:55","guid":{"rendered":"https:\/\/koff.swisspeace.ch\/apropos\/?p=5632"},"modified":"2025-06-24T12:28:41","modified_gmt":"2025-06-24T12:28:41","slug":"paix-et-nexus-hdp-defis-et-dilemmes","status":"publish","type":"post","link":"https:\/\/koff.swisspeace.ch\/apropos\/5632\/paix-et-nexus-hdp-defis-et-dilemmes\/","title":{"rendered":"Paix et Nexus HDP \u2014 D\u00e9fis et dilemmes"},"content":{"rendered":"\n<p>Le Nexus humanitaire-d\u00e9veloppement-paix (HDP) vise \u00e0 aligner les interventions humanitaires, de d\u00e9veloppement et de paix afin de r\u00e9pondre de mani\u00e8re globale aux crises. Dans ce cadre, la paix est d\u00e9finie comme un processus multidimensionnel : il commence par l\u2019analyse des moteurs du conflit pour en traiter les causes profondes, place les populations affect\u00e9es au c\u0153ur des solutions, accorde la priorit\u00e9 \u00e0 la pr\u00e9vention des conflits, exige la participation inclusive des parties prenantes, et englobe des activit\u00e9s de consolidation de la paix. Toutefois, int\u00e9grer la paix dans les programmes humanitaires et de d\u00e9veloppement pose plusieurs dilemmes :<\/p>\n\n\n\n<ol>\n<li><strong>Priorisation<\/strong><br>La consolidation de la paix est centrale au nexus, mais souvent \u00e9clips\u00e9e par les efforts humanitaires ou de d\u00e9veloppement. Les besoins d\u2019urgence, les pr\u00e9f\u00e9rences des bailleurs \u00e0 court terme et la perception de la paix comme un objectif secondaire ou \u00e0 long terme limitent son inclusion pr\u00e9coce. Les programmes devraient int\u00e9grer la consolidation de la paix ainsi que l\u2019analyse des conflits et des besoins d\u00e8s la phase de conception des projets.<\/li>\n\n\n\n<li><strong>Mesure de la compl\u00e9mentarit\u00e9 et de l\u2019ad\u00e9quation au contexte<\/strong><br>L\u2019\u00e9valuation de l\u2019alignement des interventions de paix avec les efforts humanitaires et de d\u00e9veloppement repr\u00e9sente un d\u00e9fi. Dans les contextes de conflit actifs, il est souvent compliqu\u00e9 de mesurer l\u2019impact des activit\u00e9s de paix, souvent qualitatives et \u00e0 long terme. Cela entra\u00eene une application in\u00e9gale du Nexus selon les situations. Les organisations devraient adopter des indicateurs contextuels pour \u00e9valuer les r\u00e9sultats en mati\u00e8re de paix, en combinant des donn\u00e9es quantitatives (ex. : r\u00e9duction des incidents violents) et des \u00e9valuations qualitatives (ex. : niveau de confiance communautaire).<\/li>\n\n\n\n<li><strong>Risque de politisation<\/strong><br>Selon le Nexus HDP, la paix devrait \u00eatre renforc\u00e9e par les efforts humanitaires et de d\u00e9veloppement. Cependant, prioriser la paix comporte le risque de politiser les autres composantes, cela pouvant compromettre des principes tels que l\u2019impartialit\u00e9 et l\u2019ind\u00e9pendance humanitaire. Pour \u00e9viter cela, des lignes directrices claires doivent d\u00e9finir comment la paix peut soutenir l\u2019aide sans biais. Par exemple, l\u2019aide humanitaire \u00e0 Gaza pourrait se concentrer sur l\u2019acc\u00e8s universel, tandis que les processus de paix se d\u00e9rouleraient s\u00e9par\u00e9ment, permettant des dialogues incluant toutes les parties prenantes.<\/li>\n\n\n\n<li><strong>Expertise limit\u00e9e au sein du Nexus<\/strong><br>La mise en \u0153uvre efficace du Nexus HDP requiert une expertise sp\u00e9cifique aux contextes dans lesquels les organisations sont actives, en terme d\u2019aide humanitaire, de d\u00e9veloppement et de paix. Or, les organisations attendent souvent des expert\u00b7e\u00b7s humanitaires qu\u2019ils\u00b7elles soient \u00e9galement sp\u00e9cialistes du d\u00e9veloppement ou de la paix et inversement, ce qui m\u00e8ne \u00e0 des chevauchements de r\u00f4les et \u00e0 des interventions inefficaces. Les organisations devraient investir dans des formations transversales pour combler ces lacunes.<\/li>\n\n\n\n<li><strong>Difficult\u00e9s \u00e0 atteindre coh\u00e9rence et coordination<\/strong><br>La coh\u00e9rence et la compl\u00e9mentarit\u00e9 sont difficiles \u00e0 atteindre dans des contextes o\u00f9 la communication est d\u00e9ficiente et la coordination entre les acteurs limit\u00e9e. Dans les zones de conflit, les parties prenantes \u2013 \u00c9tats, groupes arm\u00e9s, ONG \u2013 peuvent \u00eatre incapables ou r\u00e9ticentes \u00e0 aligner leurs efforts, sapant ainsi l\u2019efficacit\u00e9 du Nexus. Des plateformes multi-acteurs, comme des p\u00f4les de coordination ou des groupes de travail, peuvent renforcer la coordination et la coh\u00e9rence.<\/li>\n\n\n\n<li><strong>Naviguer entre paix n\u00e9gative et paix positive<\/strong><br>Le Nexus HDP distingue la paix n\u00e9gative (cessez-le-feu, stabilit\u00e9 temporaire) de la paix positive (paix durable et inclusive). D\u00e9terminer laquelle prioriser constitue un dilemme. Par exemple, \u00e0 Gaza, les cessez-le-feu (paix n\u00e9gative) permettent l\u2019aide humanitaire, mais \u00e9chouent souvent \u00e0 \u00e9voluer vers une paix positive, comme le d\u00e9montrent les conflits r\u00e9currents. Une mauvaise planification de cette transition risque de perp\u00e9tuer des cycles d\u2019instabilit\u00e9.<\/li>\n\n\n\n<li><strong>D\u00e9finition et financement de la paix ambigus<\/strong><br>La d\u00e9finition fluide de la paix dans le cadre du Nexus HDP permet une certaine flexibilit\u00e9, mais contribue \u00e0 l\u2019incoh\u00e9rence des programmes. Certains acteurs exploitent cette ambigu\u00eft\u00e9 pour allouer des ressources minimales \u00e0 la paix, ou pour mettre en \u0153uvre des interventions trop larges (ex. : allant d\u2019approches militaris\u00e9es \u00e0 la r\u00e9int\u00e9gration sociale). Les d\u00e9bats persistent quant \u00e0 savoir si la paix doit englober \u00e0 la fois les interventions dites \u00ab dures \u00bb (ax\u00e9es sur la s\u00e9curit\u00e9) et \u00ab douces \u00bb (communautaires), ce qui complique la conception des programmes et leur financement.<\/li>\n<\/ol>\n\n\n\n<p>L\u2019Op\u00e9rationnalisation de la composante paix du Nexus HDP n\u00e9cessite une int\u00e9gration pr\u00e9coce, des d\u00e9finitions claires, une meilleure coordination et un personnel qualifi\u00e9. Des approches sensibles au contexte, inclusives, et centr\u00e9es sur les populations affect\u00e9es peuvent contribuer \u00e0 concr\u00e9tiser l\u2019objectif du nexus : une consolidation de la paix durable.<\/p>\n","protected":false},"excerpt":{"rendered":"<p>Le Nexus humanitaire-d\u00e9veloppement-paix (HDP) vise \u00e0 aligner les interventions humanitaires, de d\u00e9veloppement et de paix afin de r\u00e9pondre de mani\u00e8re globale aux crises. Dans ce cadre, la paix est d\u00e9finie comme un processus multidimensionnel : il commence par l\u2019analyse des moteurs du conflit pour en traiter les causes profondes, place les populations affect\u00e9es au c\u0153ur <a href=\"https:\/\/koff.swisspeace.ch\/apropos\/5632\/paix-et-nexus-hdp-defis-et-dilemmes\/\" class=\"more-link\">&#8230;<span class=\"screen-reader-text\">  Paix et Nexus HDP \u2014 D\u00e9fis et dilemmes<\/span><\/a><\/p>\n","protected":false},"author":3,"featured_media":5755,"comment_status":"closed","ping_status":"closed","sticky":false,"template":"","format":"standard","meta":{"advgb_blocks_editor_width":"","advgb_blocks_columns_visual_guide":""},"categories":[113],"tags":[],"issue":[378],"acf":[],"author_meta":{"display_name":"\u00e0 propos","author_link":"https:\/\/koff.swisspeace.ch\/apropos\/author\/apropos\/"},"featured_img":"https:\/\/koff.swisspeace.ch\/apropos\/wp-content\/uploads\/2025\/06\/Cover189cropped-600x332.jpg","coauthors":[],"tax_additional":{"categories":{"linked":["<a href=\"https:\/\/koff.swisspeace.ch\/apropos\/category\/reports-fr\/\" class=\"advgb-post-tax-term\">Dossier<\/a>"],"unlinked":["<span class=\"advgb-post-tax-term\">Dossier<\/span>"]}},"comment_count":0,"relative_dates":{"created":"Posted 1 year ago","modified":"Updated 1 year ago"},"absolute_dates":{"created":"Posted on June 24, 2025","modified":"Updated on June 24, 2025"},"absolute_dates_time":{"created":"Posted on June 24, 2025 11:07 am","modified":"Updated on June 24, 2025 12:28 pm"},"featured_img_caption":"","series_order":null,"_links":{"self":[{"href":"https:\/\/koff.swisspeace.ch\/apropos\/wp-json\/wp\/v2\/posts\/5632"}],"collection":[{"href":"https:\/\/koff.swisspeace.ch\/apropos\/wp-json\/wp\/v2\/posts"}],"about":[{"href":"https:\/\/koff.swisspeace.ch\/apropos\/wp-json\/wp\/v2\/types\/post"}],"author":[{"embeddable":true,"href":"https:\/\/koff.swisspeace.ch\/apropos\/wp-json\/wp\/v2\/users\/3"}],"replies":[{"embeddable":true,"href":"https:\/\/koff.swisspeace.ch\/apropos\/wp-json\/wp\/v2\/comments?post=5632"}],"version-history":[{"count":8,"href":"https:\/\/koff.swisspeace.ch\/apropos\/wp-json\/wp\/v2\/posts\/5632\/revisions"}],"predecessor-version":[{"id":5833,"href":"https:\/\/koff.swisspeace.ch\/apropos\/wp-json\/wp\/v2\/posts\/5632\/revisions\/5833"}],"wp:featuredmedia":[{"embeddable":true,"href":"https:\/\/koff.swisspeace.ch\/apropos\/wp-json\/wp\/v2\/media\/5755"}],"wp:attachment":[{"href":"https:\/\/koff.swisspeace.ch\/apropos\/wp-json\/wp\/v2\/media?parent=5632"}],"wp:term":[{"taxonomy":"category","embeddable":true,"href":"https:\/\/koff.swisspeace.ch\/apropos\/wp-json\/wp\/v2\/categories?post=5632"},{"taxonomy":"post_tag","embeddable":true,"href":"https:\/\/koff.swisspeace.ch\/apropos\/wp-json\/wp\/v2\/tags?post=5632"},{"taxonomy":"issue","embeddable":true,"href":"https:\/\/koff.swisspeace.ch\/apropos\/wp-json\/wp\/v2\/issue?post=5632"}],"curies":[{"name":"wp","href":"https:\/\/api.w.org\/{rel}","templated":true}]}}