{"id":5782,"date":"2025-06-24T09:03:51","date_gmt":"2025-06-24T09:03:51","guid":{"rendered":"https:\/\/koff.swisspeace.ch\/apropos\/?p=5782"},"modified":"2025-06-24T13:23:40","modified_gmt":"2025-06-24T13:23:40","slug":"triple-nexus-konzept-oder-realitat","status":"publish","type":"post","link":"https:\/\/koff.swisspeace.ch\/apropos\/5782\/triple-nexus-konzept-oder-realitat\/","title":{"rendered":"Triple Nexus \u2013 Konzept oder Realit\u00e4t?"},"content":{"rendered":"\n<div class=\"wp-block-advgb-images-slider advgb-images-slider-block advg-images-slider-793d5652-fbf3-4c36-a2d6-10c758c67d0c\"><div class=\"advgb-images-slider\" dir=\"ltr\"><div class=\"advgb-image-slider-item\"><img decoding=\"async\" src=\"https:\/\/koff.swisspeace.ch\/apropos\/wp-content\/uploads\/2025\/06\/Cover2_189-1.jpg\" class=\"advgb-image-slider-img\" alt=\"\" style=\"width:100%;height:auto\"\/><div class=\"advgb-image-slider-item-info\" style=\"justify-content:flex-end;align-items:center\"><a class=\"advgb-image-slider-overlay\" target=\"_blank\" rel=\"noopener noreferrer\" href=\"#\" style=\"opacity:0.5\"><\/a><\/div><\/div><div class=\"advgb-image-slider-item\"><img decoding=\"async\" src=\"https:\/\/koff.swisspeace.ch\/apropos\/wp-content\/uploads\/2025\/06\/marek-lumi-fs_pTOUNw7A-unsplash.jpg\" class=\"advgb-image-slider-img\" alt=\"Der HDP-Nexus in einer schrumpfenden Geberlandschaft \u2013 Reflexionen\" style=\"width:100%;height:auto\"\/><div class=\"advgb-image-slider-item-info\" style=\"justify-content:flex-end;align-items:center\"><a class=\"advgb-image-slider-overlay\" target=\"_blank\" rel=\"noopener noreferrer\" href=\"https:\/\/koff.swisspeace.ch\/apropos\/5453\/der-hdp-nexus-in-einer-schrumpfenden-geberlandschaft-reflexionen\/\" style=\"opacity:0.5\"><\/a><h4 class=\"advgb-image-slider-title\">Der HDP-Nexus in einer schrumpfenden Geberlandschaft \u2013 Reflexionen<\/h4><\/div><\/div><div class=\"advgb-image-slider-item\"><img decoding=\"async\" src=\"https:\/\/koff.swisspeace.ch\/apropos\/wp-content\/uploads\/2025\/06\/WEB-Eirene_3_srgb.png\" class=\"advgb-image-slider-img\" alt=\"Interview \u2013 Den Triple Nexus pragmatisch angehen\" style=\"width:100%;height:auto\"\/><div class=\"advgb-image-slider-item-info\" style=\"justify-content:flex-end;align-items:center\"><a class=\"advgb-image-slider-overlay\" target=\"_blank\" rel=\"noopener noreferrer\" href=\"Interview \u2013 Den Triple Nexus pragmatisch angehen\" style=\"opacity:0.5\"><\/a><h4 class=\"advgb-image-slider-title\">Interview \u2013 Den Triple Nexus pragmatisch angehen<\/h4><\/div><\/div><div class=\"advgb-image-slider-item\"><img decoding=\"async\" src=\"https:\/\/koff.swisspeace.ch\/apropos\/wp-content\/uploads\/2025\/06\/WB_PSA-Samar.png\" class=\"advgb-image-slider-img\" alt=\"Der psychosoziale Ansatz \u2013 der vergessene Hebel des Triple Nexus\" style=\"width:100%;height:auto\"\/><div class=\"advgb-image-slider-item-info\" style=\"justify-content:flex-end;align-items:center\"><a class=\"advgb-image-slider-overlay\" target=\"_blank\" rel=\"noopener noreferrer\" href=\"https:\/\/koff.swisspeace.ch\/apropos\/5463\/der-psychosoziale-ansatz-der-vergessene-hebel-des-triple-nexus\/\" style=\"opacity:0.5\"><\/a><h4 class=\"advgb-image-slider-title\">Der psychosoziale Ansatz \u2013 der vergessene Hebel des Triple Nexus<\/h4><\/div><\/div><\/div><\/div>\n\n\n\n<p>In dieser Juni-Ausgabe von \u00e0 propos teilen KOFF-Mitglieder ihre Erkenntnisse, ihr Fachwissen und ihre Erfahrungen zum Triple Nexus \u2013 einem Konzept, das st\u00e4rkere Koh\u00e4renz und positive Wirksamkeit zwischen den drei zentralen S\u00e4ulen der internationalen Zusammenarbeit fordert: humanit\u00e4re Hilfe, Entwicklungszusammenarbeit und Friedensf\u00f6rderung.<br>Auch wenn Diskussionen \u00fcber die Verkn\u00fcpfung humanit\u00e4rer und entwicklungspolitischer Ans\u00e4tze bis in die 1980er-Jahre <a href=\"https:\/\/onlinelibrary.wiley.com\/doi\/full\/10.1111\/1758-5899.13186\">(Singer,\u00a01985, 13)<\/a> zur\u00fcckreichen, wurde der Ansatz erst auf dem World Humanitarian Summit 2016 <a rel=\"noreferrer noopener\" href=\"https:\/\/onlinelibrary.wiley.com\/doi\/full\/10.1111\/1758-5899.13186\" target=\"_blank\">(UNSG,\u00a02016)<\/a>. offiziell als Triple Nexus etabliert. Diese Entwicklung basiert auf der Erkenntnis, dass humanit\u00e4re Krisen, Entwicklungsfragen und gewaltsame Konflikte eng miteinander verflochten sind. Der Triple Nexus zielt darauf ab, koordinierte Strategien, geb\u00fcndelte Finanzierungsmechanismen und inklusive Partnerschaften mit lokalen wie internationalen Akteur:innen \u00fcber alle drei S\u00e4ulen hinweg zu f\u00f6rdern.<br>F\u00fcr viele Autor:innen dieser Ausgabe ist der Triple Nexus l\u00e4ngst kein abstraktes Konzept mehr \u2013 er pr\u00e4gt zunehmend die Planung und Programmgestaltung ihrer Organisationen. Dennoch bestehen weiterhin erhebliche Herausforderungen, insbesondere bei der systematischen Integration der Friedensdimension. Unsere Beitragenden verweisen auf anhaltende Schwierigkeiten in der Koordination und Priorit\u00e4tensetzung, begrenzte personelle Kapazit\u00e4ten und zunehmenden finanziellen Druck. Diese Schwierigkeiten unterstreichen die Komplexit\u00e4t der praktischen Umsetzung des Triple Nexus und verdeutlichen, wie wichtig kontinuierliche kritische Reflexion und institutionelles Lernen bleiben \u2013 Anliegen, zu denen diese Ausgabe von \u00e0 propos einen Beitrag leisten m\u00f6chte.<\/p>\n\n\n\n<p>Ich w\u00fcnsche Ihnen eine angenehme Lekt\u00fcre.<br>Sanjally Jobarteh<br>Herausgeberin <a rel=\"noreferrer noopener\" href=\"https:\/\/koff.swisspeace.ch\/\" target=\"_blank\">KOFF-Magazin<\/a><\/p>\n\n\n\n<p><\/p>\n","protected":false},"excerpt":{"rendered":"<p>In dieser Juni-Ausgabe von \u00e0 propos teilen KOFF-Mitglieder ihre Erkenntnisse, ihr Fachwissen und ihre Erfahrungen zum Triple Nexus \u2013 einem Konzept, das st\u00e4rkere Koh\u00e4renz und positive Wirksamkeit zwischen den drei zentralen S\u00e4ulen der internationalen Zusammenarbeit fordert: humanit\u00e4re Hilfe, Entwicklungszusammenarbeit und Friedensf\u00f6rderung.Auch wenn Diskussionen \u00fcber die Verkn\u00fcpfung humanit\u00e4rer und entwicklungspolitischer Ans\u00e4tze bis in die 1980er-Jahre (Singer,\u00a01985, <a href=\"https:\/\/koff.swisspeace.ch\/apropos\/5782\/triple-nexus-konzept-oder-realitat\/\" class=\"more-link\">&#8230;<span class=\"screen-reader-text\">  Triple Nexus \u2013 Konzept oder Realit\u00e4t?<\/span><\/a><\/p>\n","protected":false},"author":3,"featured_media":0,"comment_status":"closed","ping_status":"closed","sticky":false,"template":"","format":"standard","meta":{"advgb_blocks_editor_width":"","advgb_blocks_columns_visual_guide":""},"categories":[26],"tags":[],"issue":[376],"acf":[],"author_meta":{"display_name":"\u00e0 propos","author_link":"https:\/\/koff.swisspeace.ch\/apropos\/author\/apropos\/"},"featured_img":null,"coauthors":[],"tax_additional":{"categories":{"linked":["<a href=\"https:\/\/koff.swisspeace.ch\/apropos\/category\/editorial-de\/\" class=\"advgb-post-tax-term\">Editorial<\/a>"],"unlinked":["<span class=\"advgb-post-tax-term\">Editorial<\/span>"]}},"comment_count":0,"relative_dates":{"created":"Posted 1 year ago","modified":"Updated 1 year ago"},"absolute_dates":{"created":"Posted on June 24, 2025","modified":"Updated on June 24, 2025"},"absolute_dates_time":{"created":"Posted on June 24, 2025 9:03 am","modified":"Updated on June 24, 2025 1:23 pm"},"featured_img_caption":"","series_order":null,"_links":{"self":[{"href":"https:\/\/koff.swisspeace.ch\/apropos\/wp-json\/wp\/v2\/posts\/5782"}],"collection":[{"href":"https:\/\/koff.swisspeace.ch\/apropos\/wp-json\/wp\/v2\/posts"}],"about":[{"href":"https:\/\/koff.swisspeace.ch\/apropos\/wp-json\/wp\/v2\/types\/post"}],"author":[{"embeddable":true,"href":"https:\/\/koff.swisspeace.ch\/apropos\/wp-json\/wp\/v2\/users\/3"}],"replies":[{"embeddable":true,"href":"https:\/\/koff.swisspeace.ch\/apropos\/wp-json\/wp\/v2\/comments?post=5782"}],"version-history":[{"count":13,"href":"https:\/\/koff.swisspeace.ch\/apropos\/wp-json\/wp\/v2\/posts\/5782\/revisions"}],"predecessor-version":[{"id":6071,"href":"https:\/\/koff.swisspeace.ch\/apropos\/wp-json\/wp\/v2\/posts\/5782\/revisions\/6071"}],"wp:attachment":[{"href":"https:\/\/koff.swisspeace.ch\/apropos\/wp-json\/wp\/v2\/media?parent=5782"}],"wp:term":[{"taxonomy":"category","embeddable":true,"href":"https:\/\/koff.swisspeace.ch\/apropos\/wp-json\/wp\/v2\/categories?post=5782"},{"taxonomy":"post_tag","embeddable":true,"href":"https:\/\/koff.swisspeace.ch\/apropos\/wp-json\/wp\/v2\/tags?post=5782"},{"taxonomy":"issue","embeddable":true,"href":"https:\/\/koff.swisspeace.ch\/apropos\/wp-json\/wp\/v2\/issue?post=5782"}],"curies":[{"name":"wp","href":"https:\/\/api.w.org\/{rel}","templated":true}]}}