{"id":5790,"date":"2025-06-24T11:07:54","date_gmt":"2025-06-24T11:07:54","guid":{"rendered":"https:\/\/koff.swisspeace.ch\/apropos\/?p=5790"},"modified":"2025-06-24T13:21:52","modified_gmt":"2025-06-24T13:21:52","slug":"triple-nexus-concept-ou-realite","status":"publish","type":"post","link":"https:\/\/koff.swisspeace.ch\/apropos\/5790\/triple-nexus-concept-ou-realite\/","title":{"rendered":"Triple nexus \u2014 concept ou r\u00e9alit\u00e9?"},"content":{"rendered":"\n<div class=\"wp-block-advgb-images-slider advgb-images-slider-block advg-images-slider-83f62143-92fe-4bee-9e8a-46f0bd1d7cac\"><div class=\"advgb-images-slider\" dir=\"ltr\"><div class=\"advgb-image-slider-item\"><img decoding=\"async\" src=\"https:\/\/koff.swisspeace.ch\/apropos\/wp-content\/uploads\/2025\/06\/Cover2_189-1.jpg\" class=\"advgb-image-slider-img\" alt=\"\" style=\"width:100%;height:auto\"\/><div class=\"advgb-image-slider-item-info\" style=\"justify-content:flex-end;align-items:center\"><a class=\"advgb-image-slider-overlay\" target=\"_blank\" rel=\"noopener noreferrer\" href=\"#\" style=\"opacity:0.5\"><\/a><\/div><\/div><div class=\"advgb-image-slider-item\"><img decoding=\"async\" src=\"https:\/\/koff.swisspeace.ch\/apropos\/wp-content\/uploads\/2025\/06\/marek-lumi-fs_pTOUNw7A-unsplash.jpg\" class=\"advgb-image-slider-img\" alt=\"Le Nexus HDP \u00e0 l\u2019heure des coupures de fonds \u2014 R\u00e9flexions\" style=\"width:100%;height:auto\"\/><div class=\"advgb-image-slider-item-info\" style=\"justify-content:flex-end;align-items:center\"><a class=\"advgb-image-slider-overlay\" target=\"_blank\" rel=\"noopener noreferrer\" href=\"https:\/\/koff.swisspeace.ch\/apropos\/5619\/le-nexus-hdp-a-lheure-des-coupures-de-fonds-reflexions\/\" style=\"opacity:0.5\"><\/a><h4 class=\"advgb-image-slider-title\">Le Nexus HDP \u00e0 l\u2019heure des coupures de fonds \u2014 R\u00e9flexions<\/h4><\/div><\/div><div class=\"advgb-image-slider-item\"><img decoding=\"async\" src=\"https:\/\/koff.swisspeace.ch\/apropos\/wp-content\/uploads\/2025\/06\/WEB-Eirene_3_srgb.png\" class=\"advgb-image-slider-img\" alt=\"Interview \u2014 Aborder le triple nexus de mani\u00e8re pragmatique\" style=\"width:100%;height:auto\"\/><div class=\"advgb-image-slider-item-info\" style=\"justify-content:flex-end;align-items:center\"><a class=\"advgb-image-slider-overlay\" target=\"_blank\" rel=\"noopener noreferrer\" href=\"https:\/\/koff.swisspeace.ch\/apropos\/5612\/interview-aborder-le-triple-nexus-de-maniere-pragmatique\/\" style=\"opacity:0.5\"><\/a><h4 class=\"advgb-image-slider-title\">Interview \u2014 Aborder le triple nexus de mani\u00e8re pragmatique<\/h4><\/div><\/div><div class=\"advgb-image-slider-item\"><img decoding=\"async\" src=\"https:\/\/koff.swisspeace.ch\/apropos\/wp-content\/uploads\/2025\/06\/WB_PSA-Samar.png\" class=\"advgb-image-slider-img\" alt=\"L\u2019approche psychosociale \u2014 levier oubli\u00e9 du triple nexus\" style=\"width:100%;height:auto\"\/><div class=\"advgb-image-slider-item-info\" style=\"justify-content:flex-end;align-items:center\"><a class=\"advgb-image-slider-overlay\" target=\"_blank\" rel=\"noopener noreferrer\" href=\"https:\/\/koff.swisspeace.ch\/apropos\/5629\/lapproche-psychosociale-levier-oublie-du-triple-nexus\/\" style=\"opacity:0.5\"><\/a><h4 class=\"advgb-image-slider-title\">L\u2019approche psychosociale \u2014 levier oubli\u00e9 du triple nexus<\/h4><\/div><\/div><\/div><\/div>\n\n\n\n<p>Dans l&#8217;\u00e9dition de juin d&#8217;\u00e0 propos, les membres de KOFF partagent leurs r\u00e9flexions, leur expertise et leurs exp\u00e9riences autour du triple nexus, un cadre strat\u00e9gique visant \u00e0 renforcer la coh\u00e9rence et l\u2019impact positif entre les trois piliers de la coop\u00e9ration internationale : l\u2019aide humanitaire, la coop\u00e9ration au d\u00e9veloppement et la promotion de la paix.<\/p>\n\n\n\n<p>Bien que les d\u00e9bats sur les liens entre aide humanitaire et d\u00e9veloppement remontent aux ann\u00e9es 1980 <a rel=\"noreferrer noopener\" href=\"https:\/\/onlinelibrary.wiley.com\/doi\/full\/10.1111\/1758-5899.13186\" target=\"_blank\">(Singer, 1985, p. 13)<\/a>, l\u2019approche a \u00e9t\u00e9 formellement red\u00e9finie en tant que triple nexus lors du Sommet humanitaire mondial de 2016 <a href=\"https:\/\/onlinelibrary.wiley.com\/doi\/full\/10.1111\/1758-5899.13186\">(ONU, 2016)<\/a>. Ce changement r\u00e9pondait \u00e0 la reconnaissance croissante de l\u2019interconnexion entre crises humanitaires, enjeux de d\u00e9veloppement et conflits violents. Le triple nexus vise \u00e0 encourager des strat\u00e9gies coordonn\u00e9es, des financements mutualis\u00e9s et des partenariats inclusifs, tant avec les acteurs locaux qu\u2019internationaux, \u00e0 travers ces trois dimensions.<\/p>\n\n\n\n<p>Pour de nombreux membres de KOFF, le triple nexus n\u2019est plus un simple concept th\u00e9orique : il oriente d\u00e9sormais la planification et les programmes de leurs organisations. N\u00e9anmoins, des d\u00e9fis importants persistent, notamment concernant l\u2019int\u00e9gration du pilier \u00ab paix \u00bb. Les articles de cette \u00e9dition soulignent les difficult\u00e9s rencontr\u00e9es en mati\u00e8re de coordination et de hi\u00e9rarchisation des priorit\u00e9s, de capacit\u00e9s limit\u00e9es des \u00e9quipes, ainsi que de contraintes budg\u00e9taires croissantes. Ces obstacles rappellent la complexit\u00e9 de la mise en \u0153uvre concr\u00e8te du triple nexus et la n\u00e9cessit\u00e9 d\u2019une r\u00e9flexion critique continue ainsi que d\u2019un apprentissage institutionnel, auxquels cette \u00e9dition d&#8217; \u00e0 propos cherche \u00e0 contribuer.<\/p>\n\n\n\n<p>Je vous souhaite une agr\u00e9able lecture,<br>Sanjally Jobarteh<br>R\u00e9dactrice du magazine de <a rel=\"noreferrer noopener\" href=\"https:\/\/koff.swisspeace.ch\/\" target=\"_blank\">KOFF<\/a><\/p>\n\n\n\n<p><\/p>\n","protected":false},"excerpt":{"rendered":"<p>Dans l&#8217;\u00e9dition de juin d&#8217;\u00e0 propos, les membres de KOFF partagent leurs r\u00e9flexions, leur expertise et leurs exp\u00e9riences autour du triple nexus, un cadre strat\u00e9gique visant \u00e0 renforcer la coh\u00e9rence et l\u2019impact positif entre les trois piliers de la coop\u00e9ration internationale : l\u2019aide humanitaire, la coop\u00e9ration au d\u00e9veloppement et la promotion de la paix. Bien <a href=\"https:\/\/koff.swisspeace.ch\/apropos\/5790\/triple-nexus-concept-ou-realite\/\" class=\"more-link\">&#8230;<span class=\"screen-reader-text\">  Triple nexus \u2014 concept ou r\u00e9alit\u00e9?<\/span><\/a><\/p>\n","protected":false},"author":3,"featured_media":0,"comment_status":"closed","ping_status":"closed","sticky":false,"template":"","format":"standard","meta":{"advgb_blocks_editor_width":"","advgb_blocks_columns_visual_guide":""},"categories":[87],"tags":[],"issue":[378],"acf":[],"author_meta":{"display_name":"\u00e0 propos","author_link":"https:\/\/koff.swisspeace.ch\/apropos\/author\/apropos\/"},"featured_img":null,"coauthors":[],"tax_additional":{"categories":{"linked":["<a href=\"https:\/\/koff.swisspeace.ch\/apropos\/category\/editorial-fr\/\" class=\"advgb-post-tax-term\">\u00c9ditorial<\/a>"],"unlinked":["<span class=\"advgb-post-tax-term\">\u00c9ditorial<\/span>"]}},"comment_count":0,"relative_dates":{"created":"Posted 1 year ago","modified":"Updated 1 year ago"},"absolute_dates":{"created":"Posted on June 24, 2025","modified":"Updated on June 24, 2025"},"absolute_dates_time":{"created":"Posted on June 24, 2025 11:07 am","modified":"Updated on June 24, 2025 1:21 pm"},"featured_img_caption":"","series_order":null,"_links":{"self":[{"href":"https:\/\/koff.swisspeace.ch\/apropos\/wp-json\/wp\/v2\/posts\/5790"}],"collection":[{"href":"https:\/\/koff.swisspeace.ch\/apropos\/wp-json\/wp\/v2\/posts"}],"about":[{"href":"https:\/\/koff.swisspeace.ch\/apropos\/wp-json\/wp\/v2\/types\/post"}],"author":[{"embeddable":true,"href":"https:\/\/koff.swisspeace.ch\/apropos\/wp-json\/wp\/v2\/users\/3"}],"replies":[{"embeddable":true,"href":"https:\/\/koff.swisspeace.ch\/apropos\/wp-json\/wp\/v2\/comments?post=5790"}],"version-history":[{"count":8,"href":"https:\/\/koff.swisspeace.ch\/apropos\/wp-json\/wp\/v2\/posts\/5790\/revisions"}],"predecessor-version":[{"id":5838,"href":"https:\/\/koff.swisspeace.ch\/apropos\/wp-json\/wp\/v2\/posts\/5790\/revisions\/5838"}],"wp:attachment":[{"href":"https:\/\/koff.swisspeace.ch\/apropos\/wp-json\/wp\/v2\/media?parent=5790"}],"wp:term":[{"taxonomy":"category","embeddable":true,"href":"https:\/\/koff.swisspeace.ch\/apropos\/wp-json\/wp\/v2\/categories?post=5790"},{"taxonomy":"post_tag","embeddable":true,"href":"https:\/\/koff.swisspeace.ch\/apropos\/wp-json\/wp\/v2\/tags?post=5790"},{"taxonomy":"issue","embeddable":true,"href":"https:\/\/koff.swisspeace.ch\/apropos\/wp-json\/wp\/v2\/issue?post=5790"}],"curies":[{"name":"wp","href":"https:\/\/api.w.org\/{rel}","templated":true}]}}