{"id":5890,"date":"2025-10-02T15:54:50","date_gmt":"2025-10-02T15:54:50","guid":{"rendered":"https:\/\/koff.swisspeace.ch\/apropos\/?p=5890"},"modified":"2025-10-03T07:24:32","modified_gmt":"2025-10-03T07:24:32","slug":"stimmen-junger-menschen-zaehlen-fuer-eine-kohaesivere-gesellschaft","status":"publish","type":"post","link":"https:\/\/koff.swisspeace.ch\/apropos\/5890\/stimmen-junger-menschen-zaehlen-fuer-eine-kohaesivere-gesellschaft\/","title":{"rendered":"Stimmen junger Menschen z\u00e4hlen \u2013 F\u00fcr eine koh\u00e4sivere Gesellschaft"},"content":{"rendered":"\n<p>Sozialer Zusammenhalt erfordert die Mitsprache aller, um einen inklusiven und diversen Raum zu schaffen, in dem individuelle Entfaltung m\u00f6glich ist. Konfrontiert mit regionalen und globalen Ver\u00e4nderungen und Herausforderungen steht eine Gesellschaft regelm\u00e4ssig vor der Aufgabe, die Bed\u00fcrfnisse all ihrer Mitglieder zu ber\u00fccksichtigen und Konsens zu finden. Im Zuge dessen kommen die Anliegen junger Menschen regelm\u00e4ssig zu kurz, da sie oft nur als heranwachsend und nicht als vollwertiger Teil der Gesellschaft angesehen werden.<br><br><strong>F\u00fcr und von Jugendlichen<\/strong><br>Das Projekt imagine von terre des hommes schweiz realisiert j\u00e4hrlich ein grosses Musikfestival sowie verschiedene kleinere Veranstaltungen unter dem Jahr. Diese Aktivit\u00e4ten haben einen sensibilisierenden Charakter. Sie setzen sich kritisch mit aktuellen gesellschaftlichen Themen auseinander und greifen dabei insbesondere die Perspektiven zuk\u00fcnftiger Generationen auf. So stand das imagine Festival 2025 unter dem Thema \u00abunsichtbare Gewalt\u00bb, mit welchem unter anderem verschiedene Definitionen von M\u00e4nnlichkeiten beleuchtet wurden. Acht junge Erwachsene zwischen 20 und 27 Jahren verantworten selbst\u00e4ndig das Projekt; gemeinsam koordinieren sie die Anl\u00e4sse, verwalten das Budget und bestimmen den thematischen Inhalt. Ein Projekt-Coach begleitet sie und unterst\u00fctzt sie methodisch.<\/p>\n\n\n\n<p>Weltweit l\u00f6sen kriegerische Auseinandersetzungen, die Anfechtung von Demokratien und das Erstarken rechtspopulistischen Gedankenguts oder der Klimawandel Sorgen und \u00c4ngste aus. In der Schweiz gibt das <a href=\"https:\/\/www.bfs.admin.ch\/bfs\/de\/home\/statistiken\/nachhaltige-entwicklung\/monet-2030.html\" target=\"_blank\" rel=\"noreferrer noopener\">Indikatorensystem MONET 2030<\/a> Aufschluss \u00fcber verschiedene gesellschaftliche Entwicklungen.<sup>1<\/sup> So haben beispielsweise Opfer von Diskriminierung sowie die Armutsquote von Migrant:innen in den vergangenen Jahren deutlich zugenommen. Das Projekt imagine will diesen Entwicklungen entgegenwirken und setzt dabei auf die St\u00e4rkung des sozialen Zusammenhaltes. So werden etwa in Formaten wie einer Living Library gesellschaftliche, kulturelle oder religi\u00f6se Unterschiede erlebbar gemacht oder in einer Filmreihe Themen wie Flucht, Rassismus und Homosexualit\u00e4t gemeinsam betrachtet. Um den relevanten Bed\u00fcrfnissen der Jugendlichen jederzeit bestm\u00f6glich gerecht zu werden, beschr\u00e4nkt das Projekt die Teilnahme bis zum 27. Lebensjahr. terre des hommes schweiz folgt damit den g\u00e4ngigen Definitionen der Kulturszenen und des Bundes von Jugendlichen und jungen Menschen.<br><br><strong>Teil der Gesellschaft sein<\/strong><br>Als gr\u00f6sstes j\u00e4hrliches Gratis-Festival in der Region Basel (Schweiz) erm\u00f6glicht das imagine Festival seit vielen Jahren Menschen aus allen sozialen Schichten die Teilhabe am kulturellen Leben. Besonders jungen Menschen bietet das zweit\u00e4gige Festival mit Musik und Diskussionen Freiraum und die M\u00f6glichkeit, ein relevanter Teil der Gesellschaft zu sein.<br>Durch die aktive Projektarbeit junger Menschen mit Fokus auf Minderheiten und Menschen in vulnerablen Situationen tr\u00e4gt das imagine wesentlich zum sozialen Zusammenhalt bei. Die gesellschaftlichen Herausforderungen bleiben vielf\u00e4ltig, doch Austausch, R\u00fccksicht und Verst\u00e4ndigung bleiben zentrale Elemente f\u00fcr eine Gesellschaft, in der alle Raum bekommen.<\/p>\n\n\n\n<p><\/p>\n","protected":false},"excerpt":{"rendered":"<p>Sozialer Zusammenhalt erfordert die Mitsprache aller, um einen inklusiven und diversen Raum zu schaffen, in dem individuelle Entfaltung m\u00f6glich ist. Konfrontiert mit regionalen und globalen Ver\u00e4nderungen und Herausforderungen steht eine Gesellschaft regelm\u00e4ssig vor der Aufgabe, die Bed\u00fcrfnisse all ihrer Mitglieder zu ber\u00fccksichtigen und Konsens zu finden. Im Zuge dessen kommen die Anliegen junger Menschen regelm\u00e4ssig <a href=\"https:\/\/koff.swisspeace.ch\/apropos\/5890\/stimmen-junger-menschen-zaehlen-fuer-eine-kohaesivere-gesellschaft\/\" class=\"more-link\">&#8230;<span class=\"screen-reader-text\">  Stimmen junger Menschen z\u00e4hlen \u2013 F\u00fcr eine koh\u00e4sivere Gesellschaft<\/span><\/a><\/p>\n","protected":false},"author":3,"featured_media":6064,"comment_status":"closed","ping_status":"closed","sticky":false,"template":"","format":"standard","meta":{"advgb_blocks_editor_width":"","advgb_blocks_columns_visual_guide":""},"categories":[73],"tags":[],"issue":[396],"acf":[],"author_meta":{"display_name":"\u00e0 propos","author_link":"https:\/\/koff.swisspeace.ch\/apropos\/author\/apropos\/"},"featured_img":"https:\/\/koff.swisspeace.ch\/apropos\/wp-content\/uploads\/2025\/09\/WBTDH190-1-600x332.jpg","coauthors":[],"tax_additional":{"categories":{"linked":["<a href=\"https:\/\/koff.swisspeace.ch\/apropos\/category\/reports-de\/\" class=\"advgb-post-tax-term\">Dossier<\/a>"],"unlinked":["<span class=\"advgb-post-tax-term\">Dossier<\/span>"]}},"comment_count":0,"relative_dates":{"created":"Posted 11 months ago","modified":"Updated 11 months ago"},"absolute_dates":{"created":"Posted on October 2, 2025","modified":"Updated on October 3, 2025"},"absolute_dates_time":{"created":"Posted on October 2, 2025 3:54 pm","modified":"Updated on October 3, 2025 7:24 am"},"featured_img_caption":"","series_order":null,"_links":{"self":[{"href":"https:\/\/koff.swisspeace.ch\/apropos\/wp-json\/wp\/v2\/posts\/5890"}],"collection":[{"href":"https:\/\/koff.swisspeace.ch\/apropos\/wp-json\/wp\/v2\/posts"}],"about":[{"href":"https:\/\/koff.swisspeace.ch\/apropos\/wp-json\/wp\/v2\/types\/post"}],"author":[{"embeddable":true,"href":"https:\/\/koff.swisspeace.ch\/apropos\/wp-json\/wp\/v2\/users\/3"}],"replies":[{"embeddable":true,"href":"https:\/\/koff.swisspeace.ch\/apropos\/wp-json\/wp\/v2\/comments?post=5890"}],"version-history":[{"count":11,"href":"https:\/\/koff.swisspeace.ch\/apropos\/wp-json\/wp\/v2\/posts\/5890\/revisions"}],"predecessor-version":[{"id":6449,"href":"https:\/\/koff.swisspeace.ch\/apropos\/wp-json\/wp\/v2\/posts\/5890\/revisions\/6449"}],"wp:featuredmedia":[{"embeddable":true,"href":"https:\/\/koff.swisspeace.ch\/apropos\/wp-json\/wp\/v2\/media\/6064"}],"wp:attachment":[{"href":"https:\/\/koff.swisspeace.ch\/apropos\/wp-json\/wp\/v2\/media?parent=5890"}],"wp:term":[{"taxonomy":"category","embeddable":true,"href":"https:\/\/koff.swisspeace.ch\/apropos\/wp-json\/wp\/v2\/categories?post=5890"},{"taxonomy":"post_tag","embeddable":true,"href":"https:\/\/koff.swisspeace.ch\/apropos\/wp-json\/wp\/v2\/tags?post=5890"},{"taxonomy":"issue","embeddable":true,"href":"https:\/\/koff.swisspeace.ch\/apropos\/wp-json\/wp\/v2\/issue?post=5890"}],"curies":[{"name":"wp","href":"https:\/\/api.w.org\/{rel}","templated":true}]}}