{"id":5894,"date":"2025-10-02T15:54:46","date_gmt":"2025-10-02T15:54:46","guid":{"rendered":"https:\/\/koff.swisspeace.ch\/apropos\/?p=5894"},"modified":"2025-10-03T07:44:16","modified_gmt":"2025-10-03T07:44:16","slug":"la-voix-des-jeunes-compte-pour-une-societe-plus-cohesive","status":"publish","type":"post","link":"https:\/\/koff.swisspeace.ch\/apropos\/5894\/la-voix-des-jeunes-compte-pour-une-societe-plus-cohesive\/","title":{"rendered":"La voix des jeunes compte \u2014 Pour une soci\u00e9t\u00e9 plus coh\u00e9sive"},"content":{"rendered":"\n<p>La coh\u00e9sion sociale n\u00e9cessite une participation de toutes et tous afin de construire un espace inclusif et diversifi\u00e9, permettant l\u2019\u00e9panouissement individuel. Face aux \u00e9volutions actuelles et d\u00e9fis r\u00e9gionaux et mondiaux, la soci\u00e9t\u00e9 doit souvent prendre en compte les besoins de l\u2019ensemble de ses membres et trouver un consensus. Dans ce contexte, les pr\u00e9occupations des jeunes sont souvent rel\u00e9gu\u00e9es au second plan, car ils\u00b7elles sont fr\u00e9quemment per\u00e7u\u00b7es seulement comme \u00e9tant \u00ab en devenir \u00bb et non comme une partie int\u00e9grale de la soci\u00e9t\u00e9.<br><br><strong>Pour les jeunes et par les jeunes<\/strong><br>Le projet imagine de terre des hommes schweiz organise chaque ann\u00e9e un grand festival de musique ainsi que plusieurs \u00e9v\u00e9nements plus petits tout au long de l\u2019ann\u00e9e. Ces activit\u00e9s ont un caract\u00e8re de sensibilisation : elles abordent de mani\u00e8re critique des questions de soci\u00e9t\u00e9 actuelles et int\u00e8grent en particulier les perspectives des g\u00e9n\u00e9rations futures. Par example, l\u2019\u00e9dition 2025 du festival imagine avait pour th\u00e8me \u00ab la violence invisible \u00bb, explorant notamment diff\u00e9rentes d\u00e9finitions de la masculinit\u00e9. Huit jeunes adultes \u00e2g\u00e9s de 20 \u00e0 27 ans g\u00e8rent le projet de mani\u00e8re autonome: ils\u00b7elles coordonnent les \u00e9v\u00e9nements, sont responsables du budget et choisissent les th\u00e9matiques. Un coach de projet les accompagne et les soutient sur le plan m\u00e9thodologique.<\/p>\n\n\n\n<p>Partout dans le monde, les conflits arm\u00e9s, la remise en cause des d\u00e9mocraties, la mont\u00e9e des id\u00e9ologies d\u2019extr\u00eame droite ou encore le changement climatique suscitent inqui\u00e9tudes et craintes. En Suisse, le syst\u00e8me d\u2019<a href=\"https:\/\/www.bfs.admin.ch\/bfs\/de\/home\/statistiken\/nachhaltige-entwicklung\/monet-2030.html\" target=\"_blank\" rel=\"noreferrer noopener\">indicateurs MONET 2030<\/a> fournit des informations sur diverses \u00e9volutions sociales. Par exemple, le nombre de victimes de discrimination et le taux de pauvret\u00e9 parmi les personnes migrantes ont nettement augment\u00e9 ces derni\u00e8res ann\u00e9es. Le projet imagine entend contrer ces \u00e9volutions en misant sur le renforcement de la coh\u00e9sion sociale. Des formats comme la \u00ab Living Library <strong>\u00bb<\/strong> permettent de vivre de pr\u00e8s les diff\u00e9rences sociales, culturelles ou religieuses, et des cycles de films abordent collectivement des th\u00e8mes tels que la fuite, le racisme ou l\u2019homosexualit\u00e9. Afin de r\u00e9pondre au mieux aux besoins des jeunes, la participation est limit\u00e9e \u00e0 l\u2019\u00e2ge de 27 ans, conform\u00e9ment aux d\u00e9finitions des jeunes et jeunes adultes en vigueur dans les milieux culturels et aupr\u00e8s de la Conf\u00e9d\u00e9ration.<br><br><strong>Faire partie de la soci\u00e9t\u00e9<\/strong><br>En tant que plus grand festival gratuit annuel de la r\u00e9gion de B\u00e2le, le festival imagine permet depuis de nombreuses ann\u00e9es \u00e0 des personnes issues de tous les milieux sociaux de participer \u00e0 la vie culturelle. Il offre particuli\u00e8rement aux jeunes un espace de libert\u00e9 et l\u2019occasion de faire pleinement partie de la soci\u00e9t\u00e9, gr\u00e2ce \u00e0 deux journ\u00e9es de musique et de discussions.<\/p>\n\n\n\n<p>Par l\u2019engagement actif de jeunes dans la conception du projet, avec un accent particulier sur les minorit\u00e9s et les personnes en situation de vuln\u00e9rabilit\u00e9, imagine contribue de mani\u00e8re significative au renforcement de la coh\u00e9sion sociale. Les d\u00e9fis soci\u00e9taux demeurent nombreux, mais l\u2019\u00e9change, le respect et la compr\u00e9hension mutuelle restent essentiels pour construire une soci\u00e9t\u00e9 o\u00f9 chacun et chacune trouve sa place.<\/p>\n","protected":false},"excerpt":{"rendered":"<p>La coh\u00e9sion sociale n\u00e9cessite une participation de toutes et tous afin de construire un espace inclusif et diversifi\u00e9, permettant l\u2019\u00e9panouissement individuel. Face aux \u00e9volutions actuelles et d\u00e9fis r\u00e9gionaux et mondiaux, la soci\u00e9t\u00e9 doit souvent prendre en compte les besoins de l\u2019ensemble de ses membres et trouver un consensus. Dans ce contexte, les pr\u00e9occupations des jeunes <a href=\"https:\/\/koff.swisspeace.ch\/apropos\/5894\/la-voix-des-jeunes-compte-pour-une-societe-plus-cohesive\/\" class=\"more-link\">&#8230;<span class=\"screen-reader-text\">  La voix des jeunes compte \u2014 Pour une soci\u00e9t\u00e9 plus coh\u00e9sive<\/span><\/a><\/p>\n","protected":false},"author":3,"featured_media":6064,"comment_status":"closed","ping_status":"closed","sticky":false,"template":"","format":"standard","meta":{"advgb_blocks_editor_width":"","advgb_blocks_columns_visual_guide":""},"categories":[113],"tags":[],"issue":[398],"acf":[],"author_meta":{"display_name":"\u00e0 propos","author_link":"https:\/\/koff.swisspeace.ch\/apropos\/author\/apropos\/"},"featured_img":"https:\/\/koff.swisspeace.ch\/apropos\/wp-content\/uploads\/2025\/09\/WBTDH190-1-600x332.jpg","coauthors":[],"tax_additional":{"categories":{"linked":["<a href=\"https:\/\/koff.swisspeace.ch\/apropos\/category\/reports-fr\/\" class=\"advgb-post-tax-term\">Dossier<\/a>"],"unlinked":["<span class=\"advgb-post-tax-term\">Dossier<\/span>"]}},"comment_count":0,"relative_dates":{"created":"Posted 11 months ago","modified":"Updated 11 months ago"},"absolute_dates":{"created":"Posted on October 2, 2025","modified":"Updated on October 3, 2025"},"absolute_dates_time":{"created":"Posted on October 2, 2025 3:54 pm","modified":"Updated on October 3, 2025 7:44 am"},"featured_img_caption":"","series_order":null,"_links":{"self":[{"href":"https:\/\/koff.swisspeace.ch\/apropos\/wp-json\/wp\/v2\/posts\/5894"}],"collection":[{"href":"https:\/\/koff.swisspeace.ch\/apropos\/wp-json\/wp\/v2\/posts"}],"about":[{"href":"https:\/\/koff.swisspeace.ch\/apropos\/wp-json\/wp\/v2\/types\/post"}],"author":[{"embeddable":true,"href":"https:\/\/koff.swisspeace.ch\/apropos\/wp-json\/wp\/v2\/users\/3"}],"replies":[{"embeddable":true,"href":"https:\/\/koff.swisspeace.ch\/apropos\/wp-json\/wp\/v2\/comments?post=5894"}],"version-history":[{"count":12,"href":"https:\/\/koff.swisspeace.ch\/apropos\/wp-json\/wp\/v2\/posts\/5894\/revisions"}],"predecessor-version":[{"id":6452,"href":"https:\/\/koff.swisspeace.ch\/apropos\/wp-json\/wp\/v2\/posts\/5894\/revisions\/6452"}],"wp:featuredmedia":[{"embeddable":true,"href":"https:\/\/koff.swisspeace.ch\/apropos\/wp-json\/wp\/v2\/media\/6064"}],"wp:attachment":[{"href":"https:\/\/koff.swisspeace.ch\/apropos\/wp-json\/wp\/v2\/media?parent=5894"}],"wp:term":[{"taxonomy":"category","embeddable":true,"href":"https:\/\/koff.swisspeace.ch\/apropos\/wp-json\/wp\/v2\/categories?post=5894"},{"taxonomy":"post_tag","embeddable":true,"href":"https:\/\/koff.swisspeace.ch\/apropos\/wp-json\/wp\/v2\/tags?post=5894"},{"taxonomy":"issue","embeddable":true,"href":"https:\/\/koff.swisspeace.ch\/apropos\/wp-json\/wp\/v2\/issue?post=5894"}],"curies":[{"name":"wp","href":"https:\/\/api.w.org\/{rel}","templated":true}]}}