{"id":5919,"date":"2025-10-02T15:54:46","date_gmt":"2025-10-02T15:54:46","guid":{"rendered":"https:\/\/koff.swisspeace.ch\/apropos\/?p=5919"},"modified":"2025-10-02T16:13:24","modified_gmt":"2025-10-02T16:13:24","slug":"la-ddc-au-burkina-faso-programme-paix-et-cohesion-sociale","status":"publish","type":"post","link":"https:\/\/koff.swisspeace.ch\/apropos\/5919\/la-ddc-au-burkina-faso-programme-paix-et-cohesion-sociale\/","title":{"rendered":"La DDC au Burkina Faso \u2013  Programme paix et coh\u00e9sion sociale"},"content":{"rendered":"\n<p><em>Un entretien avec Annalia Bodeo,charg\u00e9e de programme humanitaire et paix \u00e0 Ouagadougou pour la Direction du D\u00e9veloppement et de la Coop\u00e9ration (DDC) au Burkina Faso.<\/em><\/p>\n\n\n\n<p><strong>Pourriez-vous d\u00e9crire le programme paix et coh\u00e9sion sociale men\u00e9 par la Direction du DDC au Burkina Faso&nbsp;? Quelles ont \u00e9t\u00e9 les raisons et objectifs du lancement de ce programme ?<\/strong><br>Le Bureau de la coop\u00e9ration suisse est pr\u00e9sent au Burkina Faso depuis plus de 50 ans et son&nbsp;programme paix et coh\u00e9sion sociale a d\u00e9but\u00e9 en octobre 2023. Il a \u00e9t\u00e9 ouvert apr\u00e8s une \u00e9tude de faisabilit\u00e9 en r\u00e9ponse \u00e0 la crise s\u00e9curitaire et humanitaire dans le pays. Depuis 2015, cette derni\u00e8re a conduit \u00e0 l\u2019intensification des tensions communautaires, entre autres, autour des ressources naturelles. Selon les donn\u00e9es officielles, le pays comptait 2 062 534 personnes d\u00e9plac\u00e9es internes en mars 2023. Les zones urbaines font face \u00e0 une comp\u00e9tition accrue entre ces populations et les communaut\u00e9s d&#8217;accueil pour l\u2019acc\u00e8s aux ressources naturelles, aux services essentiels et aux opportunit\u00e9s \u00e9conomiques.<\/p>\n\n\n\n<p>Le renforcement de la coh\u00e9sion sociale est au c\u0153ur de ce programme. Il s\u2019inscrit dans la logique d\u2019intervention triple nexus humanitaire-d\u00e9veloppement-paix de la Suisse au Burkina Faso et s\u2019aligne sur les priorit\u00e9s de la strat\u00e9gie de coop\u00e9ration internationale suisse 2025-2028. L\u2019objectif g\u00e9n\u00e9ral du programme paix et coh\u00e9sion sociale est de contribuer \u00e0 \u00e9tablir, d\u2019ici 2031, les bases d\u2019une transformation positive et pacifique du conflit en s\u2019appuyant sur les m\u00e9canismes endog\u00e8nes inclusifs, impliquant les institutions publiques et la soci\u00e9t\u00e9 civile.<\/p>\n\n\n\n<p><strong>Quelles sont les priorit\u00e9s du programme paix et coh\u00e9sion sociale de la DDC&nbsp;?<\/strong><br>Le programme est structur\u00e9 autour de cinq composantes. La premi\u00e8re vise \u00e0 renforcer l\u2019efficacit\u00e9, la coordination et la pertinence des interventions en mati\u00e8re de paix et de coh\u00e9sion sociale \u00e0 travers un dispositif commun de ressources pour la paix, en soutien aux membres d\u2019une plateforme de dialogue&nbsp;: le Cadre de Concertation pour la Consolidation de la Paix. Ce cadre, dirig\u00e9 par la Suisse depuis octobre 2024, est compos\u00e9 d\u2019ONG et de partenaires techniques et financiers. Les services techniques des minist\u00e8res impliqu\u00e9s dans la paix et la coh\u00e9sion sociale sont r\u00e9guli\u00e8rement invit\u00e9s \u00e0 se coordonner sur les actions sur le terrain. Deuxi\u00e8mement, diff\u00e9rentes initiatives locales particuli\u00e8rement prometteuses et innovantes en mati\u00e8re de coh\u00e9sion sociale et de paix seront identifi\u00e9es et mises en place afin de favoriser leur consolidation durable au sein d\u2019un laboratoire de paix et de coh\u00e9sion sociale. La troisi\u00e8me composante du programme porte sur la m\u00e9diation et la r\u00e9solution de conflits locaux li\u00e9s aux ressources naturelles dans les zones agro-pastorales. Les deux autres composantes du programme visent \u00e0 renforcer la gouvernance du secteur de la s\u00e9curit\u00e9 et \u00e0 promouvoir le respect des droits humains, en particulier des personnes les plus vuln\u00e9rables.<\/p>\n\n\n\n<p>La DDC appuie \u00e9galement le plan d\u2019action national pour la paix du \u00ab&nbsp;Secretariat Technique de la Promotion de la Paix et du Vivre Ensemble&nbsp;\u00bb du minist\u00e8re de l\u2019action humanitaire, avec le soutien d\u2019ateliers sur les th\u00e9matiques de la coh\u00e9sion sociale, de l\u2019infrastructure de paix ainsi que des formations sur les diff\u00e9rentes formes de justice.<\/p>\n\n\n\n<p><strong>Quels r\u00e9sultats ont \u00e9t\u00e9 obtenus depuis le lancement du programme&nbsp;?<\/strong><br>Le programme est divis\u00e9 en deux phases et nous nous trouvons actuellement dans la premi\u00e8re, de 2023 \u00e0 2027. Le programme est riche et nous avan\u00e7ons bien. Par exemple, entre juin 2024 et juin 2025, neuf r\u00e9seaux de m\u00e9diateur\u00b7rices agropastorales\u00b7ux ont pu r\u00e9soudre de mani\u00e8re autonome 362 conflits locaux li\u00e9s aux ressources naturelles. Plusieurs processus de m\u00e9diation sont en cours pour la cr\u00e9ation de quatre conventions locales et deux m\u00e9canismes d\u2019usages de l\u2019eau et des for\u00eats en \u00e9troite collaboration avec les communaut\u00e9s et les collectivit\u00e9s territoriales. Concernant les acteur\u00b7rices du secteur de la s\u00e9curit\u00e9, plus de 300 personnes ont pu am\u00e9liorer leurs connaissances sur la redevabilit\u00e9, le respect des droits humains et du droit international humanitaire. Un atelier de r\u00e9flexion sur la coh\u00e9sion sociale a permis de r\u00e9unir pour la premi\u00e8re fois les autorit\u00e9s \u00e9tatiques, les magistrats, les autorit\u00e9s coutumi\u00e8res et religieuses ainsi que les organisations de la soci\u00e9t\u00e9 civile (dont des organisations de femmes et de jeunes) actives dans le pays. Cet atelier a permis de d\u00e9finir conjointement les bases d\u2019une feuille de route nationale sur la r\u00e9conciliation, la coh\u00e9sion sociale et la paix durable au Burkina Faso. Les \u00e9tapes suivantes visent \u00e0 l\u2019adoption de cette feuille de route au plus haut niveau. Fruit d\u2019un processus conjoint et inclusif, elle permettra d\u2019orienter les efforts de r\u00e9conciliation et les actions en mati\u00e8re de paix et de coh\u00e9sion sociale.<\/p>\n\n\n\n<p><strong>De quelle mani\u00e8re la coh\u00e9sion sociale est li\u00e9e \u00e0 une paix durable au Burkina Faso&nbsp;?<\/strong><br>Pour moi, la coh\u00e9sion sociale est au c\u0153ur d\u2019une paix durable. Un jeune Burkinab\u00e8 m\u2019a r\u00e9cemment dit : \u00ab&nbsp;C\u2019est le savoir vivre ensemble, l\u2019acceptation des diff\u00e9rences et leur valorisation, mais surtout le pardon.&nbsp;\u00bb Cette attitude refl\u00e8te la solidarit\u00e9 ancr\u00e9e au Burkina Faso. Pour la renforcer durablement, trois aspects me paraissent essentiels : premi\u00e8rement, promouvoir le dialogue, la lutte contre la stigmatisation ethnique et religieuse, et le renforcement de la justice sociale&nbsp;; deuxi\u00e8mement, investir dans la m\u00e9diation des conflits li\u00e9s \u00e0 l\u2019acc\u00e8s \u00e0 l\u2019eau et \u00e0 la terre, troisi\u00e8mement, garantir l\u2019inclusion des femmes et des jeunes, en valorisant leur v\u00e9cu et leur r\u00f4le actif.<\/p>\n\n\n\n<p>\u00c0 mon sens, il est important de b\u00e2tir des ponts entre les langues, les origines, les religions, les ethnies et les traditions. C\u2019est ainsi que cette diversit\u00e9 devient une richesse pour la paix et la coh\u00e9sion sociale, qui se construit chaque jour \u00e0 travers le dialogue et le respect.<\/p>\n","protected":false},"excerpt":{"rendered":"<p>Un entretien avec Annalia Bodeo,charg\u00e9e de programme humanitaire et paix \u00e0 Ouagadougou pour la Direction du D\u00e9veloppement et de la Coop\u00e9ration (DDC) au Burkina Faso. Pourriez-vous d\u00e9crire le programme paix et coh\u00e9sion sociale men\u00e9 par la Direction du DDC au Burkina Faso&nbsp;? Quelles ont \u00e9t\u00e9 les raisons et objectifs du lancement de ce programme ?Le <a href=\"https:\/\/koff.swisspeace.ch\/apropos\/5919\/la-ddc-au-burkina-faso-programme-paix-et-cohesion-sociale\/\" class=\"more-link\">&#8230;<span class=\"screen-reader-text\">  La DDC au Burkina Faso \u2013  Programme paix et coh\u00e9sion sociale<\/span><\/a><\/p>\n","protected":false},"author":3,"featured_media":5916,"comment_status":"closed","ping_status":"closed","sticky":false,"template":"","format":"standard","meta":{"advgb_blocks_editor_width":"","advgb_blocks_columns_visual_guide":""},"categories":[113],"tags":[],"issue":[398],"acf":[],"author_meta":{"display_name":"\u00e0 propos","author_link":"https:\/\/koff.swisspeace.ch\/apropos\/author\/apropos\/"},"featured_img":"https:\/\/koff.swisspeace.ch\/apropos\/wp-content\/uploads\/2025\/09\/EDABILD190-600x332.jpg","coauthors":[],"tax_additional":{"categories":{"linked":["<a href=\"https:\/\/koff.swisspeace.ch\/apropos\/category\/reports-fr\/\" class=\"advgb-post-tax-term\">Dossier<\/a>"],"unlinked":["<span class=\"advgb-post-tax-term\">Dossier<\/span>"]}},"comment_count":0,"relative_dates":{"created":"Posted 11 months ago","modified":"Updated 11 months ago"},"absolute_dates":{"created":"Posted on October 2, 2025","modified":"Updated on October 2, 2025"},"absolute_dates_time":{"created":"Posted on October 2, 2025 3:54 pm","modified":"Updated on October 2, 2025 4:13 pm"},"featured_img_caption":"","series_order":null,"_links":{"self":[{"href":"https:\/\/koff.swisspeace.ch\/apropos\/wp-json\/wp\/v2\/posts\/5919"}],"collection":[{"href":"https:\/\/koff.swisspeace.ch\/apropos\/wp-json\/wp\/v2\/posts"}],"about":[{"href":"https:\/\/koff.swisspeace.ch\/apropos\/wp-json\/wp\/v2\/types\/post"}],"author":[{"embeddable":true,"href":"https:\/\/koff.swisspeace.ch\/apropos\/wp-json\/wp\/v2\/users\/3"}],"replies":[{"embeddable":true,"href":"https:\/\/koff.swisspeace.ch\/apropos\/wp-json\/wp\/v2\/comments?post=5919"}],"version-history":[{"count":10,"href":"https:\/\/koff.swisspeace.ch\/apropos\/wp-json\/wp\/v2\/posts\/5919\/revisions"}],"predecessor-version":[{"id":6442,"href":"https:\/\/koff.swisspeace.ch\/apropos\/wp-json\/wp\/v2\/posts\/5919\/revisions\/6442"}],"wp:featuredmedia":[{"embeddable":true,"href":"https:\/\/koff.swisspeace.ch\/apropos\/wp-json\/wp\/v2\/media\/5916"}],"wp:attachment":[{"href":"https:\/\/koff.swisspeace.ch\/apropos\/wp-json\/wp\/v2\/media?parent=5919"}],"wp:term":[{"taxonomy":"category","embeddable":true,"href":"https:\/\/koff.swisspeace.ch\/apropos\/wp-json\/wp\/v2\/categories?post=5919"},{"taxonomy":"post_tag","embeddable":true,"href":"https:\/\/koff.swisspeace.ch\/apropos\/wp-json\/wp\/v2\/tags?post=5919"},{"taxonomy":"issue","embeddable":true,"href":"https:\/\/koff.swisspeace.ch\/apropos\/wp-json\/wp\/v2\/issue?post=5919"}],"curies":[{"name":"wp","href":"https:\/\/api.w.org\/{rel}","templated":true}]}}