{"id":5922,"date":"2025-10-02T15:54:50","date_gmt":"2025-10-02T15:54:50","guid":{"rendered":"https:\/\/koff.swisspeace.ch\/apropos\/?p=5922"},"modified":"2025-10-02T16:12:59","modified_gmt":"2025-10-02T16:12:59","slug":"die-deza-in-burkina-faso-programm-fuer-frieden-und-sozialen-zusammenhalt","status":"publish","type":"post","link":"https:\/\/koff.swisspeace.ch\/apropos\/5922\/die-deza-in-burkina-faso-programm-fuer-frieden-und-sozialen-zusammenhalt\/","title":{"rendered":"Die DEZA in Burkina Faso \u2013 Programm f\u00fcr Frieden und sozialen Zusammenhalt"},"content":{"rendered":"\n<p>Ein Gespr\u00e4ch mit Annalia Bodeo, Programmbeauftragte f\u00fcr humanit\u00e4re Hilfe und Frieden in Ouagadougou der Direktion f\u00fcr Entwicklung und Zusammenarbeit (DEZA) in Burkina Faso.<\/p>\n\n\n\n<p><strong>Bitte beschreiben Sie das DEZA-Programm f\u00fcr Frieden und sozialen Zusammenhalt in Burkina Faso. Was waren die Gr\u00fcnde und Ziele f\u00fcr die Einf\u00fchrung des Programms?<\/strong><\/p>\n\n\n\n<p>Das schweizerische Kooperationsb\u00fcro ist seit \u00fcber 50 Jahren in Burkina Faso vor Ort. Seit 2015 versch\u00e4rfen sich in Folge einer Sicherheits- und humanit\u00e4ren Krise die gesellschaftlichen Spannungen kontinuierlich. Dabei geht es unter anderem um nat\u00fcrliche Ressourcen. Laut offiziellen Angaben gab es im M\u00e4rz 2023 landesweit 2\u2019062\u2019534 Binnenvertriebene. In st\u00e4dtischen Gebieten verst\u00e4rkte sich der Wettbewerb um den Zugang zu nat\u00fcrlichen Ressourcen, Grundversorgungsdiensten und wirtschaftlichen M\u00f6glichkeiten zwischen diesen Gruppen und den Aufnahmegemeinden. Als Reaktion darauf wurde im Oktober 2023 das DEZA-Programm f\u00fcr Frieden und sozialen Zusammenhalt ins Leben gerufen.<\/p>\n\n\n\n<p>Im Mittelpunkt des Programms steht die St\u00e4rkung des sozialen Zusammenhalts. Es steht im Einklang mit der \u00abTriple Nexus\u00bb-Strategie aus humanit\u00e4rer Hilfe, Entwicklungszusammenarbeit und Friedensf\u00f6rderung, die die Schweiz in Burkina Faso verfolgt, sowie mit der schweizerischen Strategie zur internationalen Zusammenarbeit 2025\u20132028. Das \u00fcbergeordnete Ziel besteht darin, bis 2031 die Grundlagen f\u00fcr eine positive und friedliche Konflikttransformation zu schaffen. Dies soll durch inklusive endogene Mechanismen erreicht werden, unter Einbezug der \u00f6ffentlichen Institutionen und der Zivilgesellschaft.&nbsp;<\/p>\n\n\n\n<p><strong>Welche Priorit\u00e4ten verfolgt das Programm f\u00fcr Frieden und sozialen Zusammenhalt der DEZA?&nbsp;<\/strong><\/p>\n\n\n\n<p>Das Programm setzt sich aus f\u00fcnf Komponenten zusammen. Die erste Komponente zielt darauf ab, die Wirksamkeit, Koordination und Relevanz der Massnahmen f\u00fcr Frieden und sozialen Zusammenhalt zu st\u00e4rken. Dazu dient ein gemeinsames System f\u00fcr Friedensressourcen zur Unterst\u00fctzung der Mitglieder:innen der Dialogplattform f\u00fcr Friedensf\u00f6rderung \u00abCadre de Concertation pour la Consolidation de la Paix\u00bb. Die Dialogplattform wird seit Oktober 2024 von der Schweiz geleitet und setzt sich aus NGOs sowie aus technischen und finanziellen Partnern zusammen. Die technischen Dienste der Ministerien, die sich mit Frieden und sozialem Zusammenhalt befassen, werden regelm\u00e4ssig aufgefordert, ihre Massnahmen vor Ort zu koordinieren. Die zweite Komponente widmet sich der Identifizierung und Umsetzung vielversprechender und innovativer lokaler Initiativen in den Bereichen sozialer Zusammenhalt und Frieden, um ihre nachhaltige Etablierung zu f\u00f6rdern. Die dritte Komponente befasst sich mit der Mediation und L\u00f6sung lokaler Konflikte im Zusammenhang mit nat\u00fcrlichen Ressourcen in land- und weidewirtschaftlich genutzten Gebieten. Die vierte und f\u00fcnfte Komponente zielen darauf ab, die Regierungsf\u00fchrung im Sicherheitssektor sowie die Achtung der Menschenrechte, insbesondere der schutzbed\u00fcrftigen Personen, zu st\u00e4rken.<\/p>\n\n\n\n<p>Die DEZA unterst\u00fctzt den nationalen Aktionsplan f\u00fcr Frieden von dem \u00abSecretariat Technique de la Promotion de la Paix et du Vivre Ensemble\u00bb (dt. Technisches Sekretariat f\u00fcr Friedensf\u00f6rderung und des Zusammenlebens) des burkinischen Ministeriums f\u00fcr Humanit\u00e4re Hilfe. Dazu bietet es Workshops zu den Themen sozialer Zusammenhalt und Friedensinfrastruktur sowie Weiterbildungen zu den verschiedenen Justizformen an.<\/p>\n\n\n\n<p><strong>Welche Ergebnisse wurden seit Beginn des Programms erzielt?&nbsp;<\/strong><\/p>\n\n\n\n<p>Das Programm ist in zwei Phasen aufgeteilt. Derzeit befinden wir uns in der ersten Phase, die von 2023 bis 2027 dauert. Der Inhalt ist sehr umfangreich, aber wir kommen gut voran. Beispielsweise konnten zwischen Juni 2024 und 2025, 362 lokale Konflikte im Zusammenhang mit nat\u00fcrlichen Ressourcen von neun Mediator:innen-Netzwerken im Bereich Land- und Weidewirtschaft selbstst\u00e4ndig gel\u00f6st werden. Derzeit laufen mehrere Mediationsverfahren zur Erarbeitung von vier lokalen Konventionen und zwei Nutzungsvereinbarungen f\u00fcr Wasser und W\u00e4lder. Dabei arbeiten wir eng mit den lokalen Gemeinschaften und Beh\u00f6rden zusammen. Im Sicherheitsbereich konnten mehr als 300 Akteur:innen ihre Kenntnisse \u00fcber die Rechenschaftspflicht, die Achtung der Menschenrechte und das humanit\u00e4re V\u00f6lkerrecht verbessern. Ein Workshop zum Thema sozialer Zusammenhalt brachte erstmals staatliche Beh\u00f6rden, Mitglieder der Justiz, traditionelle und religi\u00f6se Vertreter sowie im Land t\u00e4tige zivilgesellschaftliche Organisationen (darunter Frauen- und Jugendorganisationen) zusammen. In dem Workshop wurden gemeinsam die Grundlagen f\u00fcr einen nationalen Fahrplan zur F\u00f6rderung von Vers\u00f6hnung, sozialem Zusammenhalt und dauerhaftem Frieden in Burkina Faso festgelegt. Das n\u00e4chste Ziel ist die Verabschiedung dieses Fahrplans auf h\u00f6chster Ebene. Als Ergebnis eines inklusiven Prozesses wird er dazu beitragen, die Vers\u00f6hnungsbem\u00fchungen sowie die Massnahmen f\u00fcr Frieden und sozialen Zusammenhalt zu lenken.<\/p>\n\n\n\n<p><strong>Inwiefern h\u00e4ngt in Burkina Faso sozialer Zusammenhalt mit einem dauerhaften Frieden zusammen?&nbsp;<\/strong><\/p>\n\n\n\n<p>Sozialer Zusammenhalt ist f\u00fcr mich die Grundlage f\u00fcr dauerhaften Frieden. Ein junger Mann aus Burkina Faso sagte k\u00fcrzlich zu mir: \u00abEs geht um die F\u00e4higkeit miteinander leben zu k\u00f6nnen und darum Unterschiede zu akzeptieren und wertzusch\u00e4tzen. Aber vor allem geht es um Vergebung.\u00bb Diese Haltung zeigt die in Burkina Faso tief verwurzelte Solidarit\u00e4t. Um sie nachhaltig zu st\u00e4rken, erscheinen mir drei Aspekte wesentlich: Erstens die F\u00f6rderung des Dialogs, der Bek\u00e4mpfung ethnischer und religi\u00f6ser Stigmatisierung sowie die St\u00e4rkung der sozialen Gerechtigkeit. Zweitens sind mehr Investitionen in die Schlichtung von Konflikten im Zusammenhang mit dem Zugang zu Wasser und Land erforderlich. Und Drittens ist sicherzustellen, dass Frauen und Jugendliche einbezogen werden, indem ihre Erfahrungen und ihre aktive Rolle wertgesch\u00e4tzt werden.<\/p>\n\n\n\n<p>Meiner Meinung nach ist es wichtig Br\u00fccken zu bauen, zwischen Sprachen, Herkunft, Religionen, Ethnien und Traditionen. Auf diese Weise wird die Vielfalt zu einer wertvollen Ressource f\u00fcr den Frieden und den sozialen Zusammenhalt, die durch Dialog und den Respekt im Alltag stetig w\u00e4chst.<\/p>\n","protected":false},"excerpt":{"rendered":"<p>Ein Gespr\u00e4ch mit Annalia Bodeo, Programmbeauftragte f\u00fcr humanit\u00e4re Hilfe und Frieden in Ouagadougou der Direktion f\u00fcr Entwicklung und Zusammenarbeit (DEZA) in Burkina Faso. Bitte beschreiben Sie das DEZA-Programm f\u00fcr Frieden und sozialen Zusammenhalt in Burkina Faso. Was waren die Gr\u00fcnde und Ziele f\u00fcr die Einf\u00fchrung des Programms? Das schweizerische Kooperationsb\u00fcro ist seit \u00fcber 50 Jahren <a href=\"https:\/\/koff.swisspeace.ch\/apropos\/5922\/die-deza-in-burkina-faso-programm-fuer-frieden-und-sozialen-zusammenhalt\/\" class=\"more-link\">&#8230;<span class=\"screen-reader-text\">  Die DEZA in Burkina Faso \u2013 Programm f\u00fcr Frieden und sozialen Zusammenhalt<\/span><\/a><\/p>\n","protected":false},"author":3,"featured_media":5916,"comment_status":"closed","ping_status":"closed","sticky":false,"template":"","format":"standard","meta":{"advgb_blocks_editor_width":"","advgb_blocks_columns_visual_guide":""},"categories":[73],"tags":[],"issue":[396],"acf":[],"author_meta":{"display_name":"\u00e0 propos","author_link":"https:\/\/koff.swisspeace.ch\/apropos\/author\/apropos\/"},"featured_img":"https:\/\/koff.swisspeace.ch\/apropos\/wp-content\/uploads\/2025\/09\/EDABILD190-600x332.jpg","coauthors":[],"tax_additional":{"categories":{"linked":["<a href=\"https:\/\/koff.swisspeace.ch\/apropos\/category\/reports-de\/\" class=\"advgb-post-tax-term\">Dossier<\/a>"],"unlinked":["<span class=\"advgb-post-tax-term\">Dossier<\/span>"]}},"comment_count":0,"relative_dates":{"created":"Posted 11 months ago","modified":"Updated 11 months ago"},"absolute_dates":{"created":"Posted on October 2, 2025","modified":"Updated on October 2, 2025"},"absolute_dates_time":{"created":"Posted on October 2, 2025 3:54 pm","modified":"Updated on October 2, 2025 4:12 pm"},"featured_img_caption":"","series_order":null,"_links":{"self":[{"href":"https:\/\/koff.swisspeace.ch\/apropos\/wp-json\/wp\/v2\/posts\/5922"}],"collection":[{"href":"https:\/\/koff.swisspeace.ch\/apropos\/wp-json\/wp\/v2\/posts"}],"about":[{"href":"https:\/\/koff.swisspeace.ch\/apropos\/wp-json\/wp\/v2\/types\/post"}],"author":[{"embeddable":true,"href":"https:\/\/koff.swisspeace.ch\/apropos\/wp-json\/wp\/v2\/users\/3"}],"replies":[{"embeddable":true,"href":"https:\/\/koff.swisspeace.ch\/apropos\/wp-json\/wp\/v2\/comments?post=5922"}],"version-history":[{"count":9,"href":"https:\/\/koff.swisspeace.ch\/apropos\/wp-json\/wp\/v2\/posts\/5922\/revisions"}],"predecessor-version":[{"id":6441,"href":"https:\/\/koff.swisspeace.ch\/apropos\/wp-json\/wp\/v2\/posts\/5922\/revisions\/6441"}],"wp:featuredmedia":[{"embeddable":true,"href":"https:\/\/koff.swisspeace.ch\/apropos\/wp-json\/wp\/v2\/media\/5916"}],"wp:attachment":[{"href":"https:\/\/koff.swisspeace.ch\/apropos\/wp-json\/wp\/v2\/media?parent=5922"}],"wp:term":[{"taxonomy":"category","embeddable":true,"href":"https:\/\/koff.swisspeace.ch\/apropos\/wp-json\/wp\/v2\/categories?post=5922"},{"taxonomy":"post_tag","embeddable":true,"href":"https:\/\/koff.swisspeace.ch\/apropos\/wp-json\/wp\/v2\/tags?post=5922"},{"taxonomy":"issue","embeddable":true,"href":"https:\/\/koff.swisspeace.ch\/apropos\/wp-json\/wp\/v2\/issue?post=5922"}],"curies":[{"name":"wp","href":"https:\/\/api.w.org\/{rel}","templated":true}]}}