{"id":5936,"date":"2025-10-02T15:54:50","date_gmt":"2025-10-02T15:54:50","guid":{"rendered":"https:\/\/koff.swisspeace.ch\/apropos\/?p=5936"},"modified":"2025-10-16T16:28:05","modified_gmt":"2025-10-16T16:28:05","slug":"post-konflikt-nepal-feministischer-aufruf-fuer-sozialen-zusammenhalt","status":"publish","type":"post","link":"https:\/\/koff.swisspeace.ch\/apropos\/5936\/post-konflikt-nepal-feministischer-aufruf-fuer-sozialen-zusammenhalt\/","title":{"rendered":"Post-Konflikt Nepal \u2013 Feministischer Aufruf f\u00fcr sozialen Zusammenhalt"},"content":{"rendered":"\n<p>Seit Nepals umfassendes Friedensabkommen 2006 den zehnj\u00e4hrigen bewaffneten Konflikt formal beendete, tragen tausende Familien \u2013 insbesondere Frauen und Kinder \u2013 weiterhin dessen Traumata mit sich. Es bleibt ein unsichtbares Erbe emotionaler, psychologischer und sozialer Wunden, die das pers\u00f6nliche und gemeinschaftliche Leben pr\u00e4gen und jenen famili\u00e4ren sowie sozialen Zusammenhalt bedrohen, den das Friedensabkommen eigentlich h\u00e4tte wiederherstellen sollen.<\/p>\n\n\n\n<p>In meinen 23 Jahren Friedensarbeit, die sowohl Konflikt- als auch Post-Konfliktphasen umfassen, habe ich erlebt, wie tief Traumata, insbesondere \u00fcber Generationen hinweg, individuelle Lebenswege, Gesundheit und die Harmonie der Gemeinschaft ersch\u00fcttern. Frauen, die den Krieg \u00fcberlebt haben, sehen nun zu, wie ihre Kinder, die in zerbrochenen Familien oder in Situationen der Vertreibung aufwuchsen, mit Gef\u00fchlen von Verlassenheit, Identit\u00e4tsverlust und psychischer Belastung k\u00e4mpfen. Diese jungen Erwachsenen, gepr\u00e4gt vom Schweigen um ihre Vergangenheit, tragen oft einen Schmerz mit sich, der nie der ihre war \u2013 eine vererbte Last, die die Gesellschaft weder anerkannt hat noch angegangen ist.<\/p>\n\n\n\n<p>Gesellschaftlicher Zusammenhalt beruht auf Vertrauen, Verbundenheit und einem geteilten Gef\u00fchl der Zugeh\u00f6rigkeit. Werden Traumata ignoriert \u2013 besonders wenn sie von Eltern an Kinder weitergegeben werden \u2013 untergraben sie genau diese Grundlagen. Das Fehlen systematischer Heilungsprozesse, einer wahrhaftigen Anerkennung oder inklusiver gemeinschaftlicher R\u00e4ume hat Familien isoliert. Zur\u00fcck bleiben zerbrochene generationen\u00fcbergreifende Bindungen und minimale gesellschaftliche Unterst\u00fctzung. Junge Menschen, deren Eltern vom Staat oder der maoistischen Partei get\u00f6tet, zum Verschwinden oder zum Schweigen gebracht wurden, suchen weiterhin nach Antworten. Dies gilt insbesondere f\u00fcr Betroffene von konfliktbezogener sexualisierter Gewalt. Doch sie stossen meist nur auf Schweigen \u2013 ein Schweigen, welches nicht neutral ist, sondern eine Form anhaltender Gewalt darstellt.<\/p>\n\n\n\n<p>Die Vernachl\u00e4ssigung generationen\u00fcbergreifender Traumata f\u00fchrt zu Br\u00fcchen im sozialen Zusammenhalt \u2013 nicht nur innerhalb von Familien, sondern in ganzen Gemeinschaften. Kinder, die in von der maoistischen Partei betriebenen Internaten aufwuchsen, fernab von ihren \u00fcberlebenden Familienangeh\u00f6rigen, sprechen an den Intergenerational Peace Tables von Nagarik Aawaz \u00fcber emotionale Entfremdung, Identit\u00e4tsverlust und Vertrauensbruch. Viele Frauen, insbesondere \u00dcberlebende konfliktbezogener sexualisierter Gewalt, bleiben in den nationalen Narrativen stumm. Ihr Schmerz, sowohl der sichtbare als auch der unsichtbare, wurde nie wirklich geh\u00f6rt oder in Nepals Friedensprozess integriert. Dies gilt besonders angesichts eines fehlenden wirksamen Systems der \u00dcbergangsjustiz. Doch selbst ohne vollst\u00e4ndige rechtliche Mechanismen h\u00e4tte viel mehr getan werden k\u00f6nnen. Gemeinschaftliche Heilungsinitiativen, generationen\u00fcbergreifende Dialoge und psychosoziale Unterst\u00fctzung h\u00e4tten Br\u00fccken bauen k\u00f6nnen, wo Traumata Mauern errichtet haben. Im f\u00f6deralen System Nepals sind die Regierungen auf Gemeindeebene einzigartig positioniert, um lokale Vers\u00f6hnung zu f\u00f6rdern. Die meisten bleiben stumm und entt\u00e4uschen damit die Menschen, zu denen sie am n\u00e4chsten stehen.<\/p>\n\n\n\n<p>Den sozialen Zusammenhalt wiederaufzubauen und zu st\u00e4rken erfordert einen ganzheitlichen, feministischen Friedensansatz:<\/p>\n\n\n\n<ul>\n<li>Die Realit\u00e4ten jener anerkennen, die am st\u00e4rksten vom Konflikt betroffen sind.<\/li>\n<\/ul>\n\n\n\n<ul>\n<li>Sichere R\u00e4ume f\u00fcr Storytelling, Heilung und Solidarit\u00e4t schaffen.<\/li>\n<\/ul>\n\n\n\n<ul>\n<li>In psychosoziale Unterst\u00fctzung investieren, die kulturell verankert und zug\u00e4nglich ist.<\/li>\n<\/ul>\n\n\n\n<ul>\n<li>Generationen\u00fcbergreifende Dialoge f\u00f6rdern, um die Bindungen zwischen \u00dcberlebenden und ihren Kindern wiederherzustellen.<\/li>\n<\/ul>\n\n\n\n<ul>\n<li>Wirtschaftliche St\u00e4rkung sicherstellen, insbesondere f\u00fcr Frauen und Jugendliche.<\/li>\n<\/ul>\n\n\n\n<p>Frieden kann nicht gewahrt werden, wenn Wunden offen bleiben. Die Heilung generationen\u00fcbergreifender Traumata ist keine zweitrangige Aufgabe, sondern von zentraler Bedeutung f\u00fcr die Wiederherstellung von Vertrauen, W\u00fcrde und Verbundenheit, die f\u00fcr resiliente Familien und Gemeinschaften notwendig sind. Ohne sie riskieren wir, Schweigen zur Norm und Entfremdung zu unserem Verm\u00e4chtnis werden zu lassen.<\/p>\n","protected":false},"excerpt":{"rendered":"<p>Seit Nepals umfassendes Friedensabkommen 2006 den zehnj\u00e4hrigen bewaffneten Konflikt formal beendete, tragen tausende Familien \u2013 insbesondere Frauen und Kinder \u2013 weiterhin dessen Traumata mit sich. Es bleibt ein unsichtbares Erbe emotionaler, psychologischer und sozialer Wunden, die das pers\u00f6nliche und gemeinschaftliche Leben pr\u00e4gen und jenen famili\u00e4ren sowie sozialen Zusammenhalt bedrohen, den das Friedensabkommen eigentlich h\u00e4tte wiederherstellen <a href=\"https:\/\/koff.swisspeace.ch\/apropos\/5936\/post-konflikt-nepal-feministischer-aufruf-fuer-sozialen-zusammenhalt\/\" class=\"more-link\">&#8230;<span class=\"screen-reader-text\">  Post-Konflikt Nepal \u2013 Feministischer Aufruf f\u00fcr sozialen Zusammenhalt<\/span><\/a><\/p>\n","protected":false},"author":3,"featured_media":5935,"comment_status":"closed","ping_status":"closed","sticky":false,"template":"","format":"standard","meta":{"advgb_blocks_editor_width":"","advgb_blocks_columns_visual_guide":""},"categories":[73],"tags":[],"issue":[396],"acf":[],"author_meta":{"display_name":"\u00e0 propos","author_link":"https:\/\/koff.swisspeace.ch\/apropos\/author\/apropos\/"},"featured_img":"https:\/\/koff.swisspeace.ch\/apropos\/wp-content\/uploads\/2025\/09\/WBPWAG190-600x332.jpg","coauthors":[],"tax_additional":{"categories":{"linked":["<a href=\"https:\/\/koff.swisspeace.ch\/apropos\/category\/reports-de\/\" class=\"advgb-post-tax-term\">Dossier<\/a>"],"unlinked":["<span class=\"advgb-post-tax-term\">Dossier<\/span>"]}},"comment_count":0,"relative_dates":{"created":"Posted 11 months ago","modified":"Updated 11 months ago"},"absolute_dates":{"created":"Posted on October 2, 2025","modified":"Updated on October 16, 2025"},"absolute_dates_time":{"created":"Posted on October 2, 2025 3:54 pm","modified":"Updated on October 16, 2025 4:28 pm"},"featured_img_caption":"","series_order":null,"_links":{"self":[{"href":"https:\/\/koff.swisspeace.ch\/apropos\/wp-json\/wp\/v2\/posts\/5936"}],"collection":[{"href":"https:\/\/koff.swisspeace.ch\/apropos\/wp-json\/wp\/v2\/posts"}],"about":[{"href":"https:\/\/koff.swisspeace.ch\/apropos\/wp-json\/wp\/v2\/types\/post"}],"author":[{"embeddable":true,"href":"https:\/\/koff.swisspeace.ch\/apropos\/wp-json\/wp\/v2\/users\/3"}],"replies":[{"embeddable":true,"href":"https:\/\/koff.swisspeace.ch\/apropos\/wp-json\/wp\/v2\/comments?post=5936"}],"version-history":[{"count":13,"href":"https:\/\/koff.swisspeace.ch\/apropos\/wp-json\/wp\/v2\/posts\/5936\/revisions"}],"predecessor-version":[{"id":6481,"href":"https:\/\/koff.swisspeace.ch\/apropos\/wp-json\/wp\/v2\/posts\/5936\/revisions\/6481"}],"wp:featuredmedia":[{"embeddable":true,"href":"https:\/\/koff.swisspeace.ch\/apropos\/wp-json\/wp\/v2\/media\/5935"}],"wp:attachment":[{"href":"https:\/\/koff.swisspeace.ch\/apropos\/wp-json\/wp\/v2\/media?parent=5936"}],"wp:term":[{"taxonomy":"category","embeddable":true,"href":"https:\/\/koff.swisspeace.ch\/apropos\/wp-json\/wp\/v2\/categories?post=5936"},{"taxonomy":"post_tag","embeddable":true,"href":"https:\/\/koff.swisspeace.ch\/apropos\/wp-json\/wp\/v2\/tags?post=5936"},{"taxonomy":"issue","embeddable":true,"href":"https:\/\/koff.swisspeace.ch\/apropos\/wp-json\/wp\/v2\/issue?post=5936"}],"curies":[{"name":"wp","href":"https:\/\/api.w.org\/{rel}","templated":true}]}}