{"id":5943,"date":"2025-10-02T15:54:46","date_gmt":"2025-10-02T15:54:46","guid":{"rendered":"https:\/\/koff.swisspeace.ch\/apropos\/?p=5943"},"modified":"2025-10-16T16:34:54","modified_gmt":"2025-10-16T16:34:54","slug":"nepal-un-appel-feministe-pour-la-cohesion-sociale-post-conflit","status":"publish","type":"post","link":"https:\/\/koff.swisspeace.ch\/apropos\/5943\/nepal-un-appel-feministe-pour-la-cohesion-sociale-post-conflit\/","title":{"rendered":"N\u00e9pal \u2013  Un appel f\u00e9ministe pour la coh\u00e9sion sociale post-conflit"},"content":{"rendered":"\n<p>Depuis que l\u2019Accord de paix global (CPA) du N\u00e9pal sign\u00e9 en 2006 a officiellement mis un terme \u00e0 un conflit arm\u00e9 de dix ans, des milliers de familles \u2013 en particulier des femmes et des enfants \u2013 continuent d\u2019en porter les traumatismes. Il persiste un h\u00e9ritage invisible de blessures \u00e9motionnelles, psychologiques et sociales qui fa\u00e7onnent la vie personnelle et collective et menacent la coh\u00e9sion familiale et sociale ainsi que la paix, que l\u2019accord \u00e9tait cens\u00e9 restaurer.<\/p>\n\n\n\n<p>Au cours de mes 23 ann\u00e9es d\u2019engagement dans la consolidation de la paix, couvrant \u00e0 la fois les p\u00e9riodes de conflit et de post-conflit, j\u2019ai pu constater \u00e0 quel point le traumatisme \u2013 et en particulier le traumatisme interg\u00e9n\u00e9rationnel \u2013 perturbe profond\u00e9ment les vies individuelles, la sant\u00e9 et l\u2019harmonie communautaire. Les femmes survivantes de la guerre voient aujourd\u2019hui leurs enfants, \u00e9lev\u00e9s dans des familles bris\u00e9es ou en situation de d\u00e9placement, lutter contre des sentiments d\u2019abandon, de perte d\u2019identit\u00e9 et de d\u00e9tresse psychologique. Ces jeunes adultes, fa\u00e7onn\u00e9\u00b7es par le silence qui entoure leur pass\u00e9, portent souvent une douleur qui n\u2019est pas la leur, mais que la soci\u00e9t\u00e9 n\u2019a jamais reconnue ni trait\u00e9e.<\/p>\n\n\n\n<p>La coh\u00e9sion sociale repose sur la confiance, le lien et un sentiment d\u2019appartenance partag\u00e9. Lorsqu\u2019ils sont ignor\u00e9s, les traumatismes, en particulier ceux transmis de parent \u00e0 enfant, fragilisent ces fondations. L\u2019absence de m\u00e9canismes de gu\u00e9rison syst\u00e9miques, de reconnaissance significative ou d\u2019espaces communautaires inclusifs a laiss\u00e9 les familles isol\u00e9es, avec des liens interg\u00e9n\u00e9rationnels rompus et un soutien soci\u00e9tal minimal. Les jeunes, en particulier celles et ceux dont les parents ont \u00e9t\u00e9 tu\u00e9s, disparus ou r\u00e9duits au silence par l\u2019\u00c9tat ou par le parti mao\u00efste \u2013 notamment dans les cas de violences sexuelles li\u00e9es au conflit \u2013 continuent de chercher des r\u00e9ponses. Ils se heurtent souvent au silence, qui n\u2019est pas neutre : c\u2019est une violence qui perdure.<\/p>\n\n\n\n<p>Le manque de prise en compte du traumatisme interg\u00e9n\u00e9rationnel contribue \u00e0 la rupture de la coh\u00e9sion sociale, non seulement au sein des familles mais aussi \u00e0 travers les communaut\u00e9s enti\u00e8res. Les enfants \u00e9lev\u00e9\u00b7es dans les internats scolaires g\u00e9r\u00e9s par le parti mao\u00efste, s\u00e9par\u00e9\u00b7es de leurs proches survivant\u00b7es, parlent aujourd\u2019hui de d\u00e9tachement \u00e9motionnel, de perte d\u2019identit\u00e9 et de trahison dans les espaces s\u00e9curis\u00e9s que leur offre Nagarik Aawaz lors des \u00ab&nbsp;Tables de paix interg\u00e9n\u00e9rationnelles&nbsp;\u00bb. De nombreuses femmes, notamment les survivantes de violences sexuelles li\u00e9es au conflit, restent ignor\u00e9es dans les r\u00e9cits nationaux. Leur douleur, visible et invisible, n\u2019a jamais \u00e9t\u00e9 r\u00e9ellement entendue ni int\u00e9gr\u00e9e dans le processus de promotion de la paix du N\u00e9pal, surtout en l\u2019absence d\u2019un cadre de justice transitionnelle efficace. Pourtant, m\u00eame sans m\u00e9canisme juridique complet, bien plus aurait pu \u00eatre fait : des initiatives communautaires de gu\u00e9rison, des dialogues interg\u00e9n\u00e9rationnels et un soutien psychosocial auraient pu b\u00e2tir des ponts l\u00e0 o\u00f9 les traumatismes \u00e9rige des murs. Dans le syst\u00e8me f\u00e9d\u00e9ral du N\u00e9pal, les gouvernements au niveau local (wards) sont particuli\u00e8rement bien plac\u00e9s pour faciliter la r\u00e9conciliation de proximit\u00e9, mais la plupart sont rest\u00e9s silencieux, trahissant ainsi les personnes les plus proches d\u2019eux.<\/p>\n\n\n\n<p>Reconstruire et renforcer la coh\u00e9sion sociale n\u00e9cessite une approche globale et f\u00e9ministe de la paix :<\/p>\n\n\n\n<ul>\n<li>Reconna\u00eetre les r\u00e9alit\u00e9s des personnes les plus affect\u00e9es par le conflit.<\/li>\n\n\n\n<li>Cr\u00e9er des espaces s\u00fbrs pour le partage d\u2019histoires, la gu\u00e9rison et la solidarit\u00e9.<\/li>\n\n\n\n<li>Investir dans un soutien psychosocial ancr\u00e9 culturellement et accessible \u00e0 toutes et tous.<\/li>\n\n\n\n<li>Soutenir des dialogues interg\u00e9n\u00e9rationnels pour restaurer les liens entre survivant\u00b7es et leurs enfants.<\/li>\n\n\n\n<li>Assurer l\u2019autonomisation \u00e9conomique, en particulier pour les femmes et les jeunes.<\/li>\n<\/ul>\n\n\n\n<p>La paix ne peut \u00eatre durable lorsque les blessures restent ouvertes. La gu\u00e9rison des traumatismes interg\u00e9n\u00e9rationnels n\u2019est pas une t\u00e2che secondaire ; elle constitue un pilier essentiel pour restaurer la confiance, la dignit\u00e9 et le lien social n\u00e9cessaires \u00e0 des familles unies et des communaut\u00e9s r\u00e9silientes. Sans cela, nous risquons de faire du silence une politique et de la d\u00e9connexion un h\u00e9ritage.<\/p>\n","protected":false},"excerpt":{"rendered":"<p>Depuis que l\u2019Accord de paix global (CPA) du N\u00e9pal sign\u00e9 en 2006 a officiellement mis un terme \u00e0 un conflit arm\u00e9 de dix ans, des milliers de familles \u2013 en particulier des femmes et des enfants \u2013 continuent d\u2019en porter les traumatismes. Il persiste un h\u00e9ritage invisible de blessures \u00e9motionnelles, psychologiques et sociales qui fa\u00e7onnent <a href=\"https:\/\/koff.swisspeace.ch\/apropos\/5943\/nepal-un-appel-feministe-pour-la-cohesion-sociale-post-conflit\/\" class=\"more-link\">&#8230;<span class=\"screen-reader-text\">  N\u00e9pal \u2013  Un appel f\u00e9ministe pour la coh\u00e9sion sociale post-conflit<\/span><\/a><\/p>\n","protected":false},"author":3,"featured_media":5935,"comment_status":"closed","ping_status":"closed","sticky":false,"template":"","format":"standard","meta":{"advgb_blocks_editor_width":"","advgb_blocks_columns_visual_guide":""},"categories":[113],"tags":[],"issue":[398],"acf":[],"author_meta":{"display_name":"\u00e0 propos","author_link":"https:\/\/koff.swisspeace.ch\/apropos\/author\/apropos\/"},"featured_img":"https:\/\/koff.swisspeace.ch\/apropos\/wp-content\/uploads\/2025\/09\/WBPWAG190-600x332.jpg","coauthors":[],"tax_additional":{"categories":{"linked":["<a href=\"https:\/\/koff.swisspeace.ch\/apropos\/category\/reports-fr\/\" class=\"advgb-post-tax-term\">Dossier<\/a>"],"unlinked":["<span class=\"advgb-post-tax-term\">Dossier<\/span>"]}},"comment_count":0,"relative_dates":{"created":"Posted 11 months ago","modified":"Updated 11 months ago"},"absolute_dates":{"created":"Posted on October 2, 2025","modified":"Updated on October 16, 2025"},"absolute_dates_time":{"created":"Posted on October 2, 2025 3:54 pm","modified":"Updated on October 16, 2025 4:34 pm"},"featured_img_caption":"","series_order":null,"_links":{"self":[{"href":"https:\/\/koff.swisspeace.ch\/apropos\/wp-json\/wp\/v2\/posts\/5943"}],"collection":[{"href":"https:\/\/koff.swisspeace.ch\/apropos\/wp-json\/wp\/v2\/posts"}],"about":[{"href":"https:\/\/koff.swisspeace.ch\/apropos\/wp-json\/wp\/v2\/types\/post"}],"author":[{"embeddable":true,"href":"https:\/\/koff.swisspeace.ch\/apropos\/wp-json\/wp\/v2\/users\/3"}],"replies":[{"embeddable":true,"href":"https:\/\/koff.swisspeace.ch\/apropos\/wp-json\/wp\/v2\/comments?post=5943"}],"version-history":[{"count":18,"href":"https:\/\/koff.swisspeace.ch\/apropos\/wp-json\/wp\/v2\/posts\/5943\/revisions"}],"predecessor-version":[{"id":6490,"href":"https:\/\/koff.swisspeace.ch\/apropos\/wp-json\/wp\/v2\/posts\/5943\/revisions\/6490"}],"wp:featuredmedia":[{"embeddable":true,"href":"https:\/\/koff.swisspeace.ch\/apropos\/wp-json\/wp\/v2\/media\/5935"}],"wp:attachment":[{"href":"https:\/\/koff.swisspeace.ch\/apropos\/wp-json\/wp\/v2\/media?parent=5943"}],"wp:term":[{"taxonomy":"category","embeddable":true,"href":"https:\/\/koff.swisspeace.ch\/apropos\/wp-json\/wp\/v2\/categories?post=5943"},{"taxonomy":"post_tag","embeddable":true,"href":"https:\/\/koff.swisspeace.ch\/apropos\/wp-json\/wp\/v2\/tags?post=5943"},{"taxonomy":"issue","embeddable":true,"href":"https:\/\/koff.swisspeace.ch\/apropos\/wp-json\/wp\/v2\/issue?post=5943"}],"curies":[{"name":"wp","href":"https:\/\/api.w.org\/{rel}","templated":true}]}}