{"id":5978,"date":"2025-10-02T15:54:46","date_gmt":"2025-10-02T15:54:46","guid":{"rendered":"https:\/\/koff.swisspeace.ch\/apropos\/?p=5978"},"modified":"2025-10-03T07:45:30","modified_gmt":"2025-10-03T07:45:30","slug":"chomage-pauvrete-et-exclusion-sociale-un-terreau-pour-la-radicalisation","status":"publish","type":"post","link":"https:\/\/koff.swisspeace.ch\/apropos\/5978\/chomage-pauvrete-et-exclusion-sociale-un-terreau-pour-la-radicalisation\/","title":{"rendered":"Ch\u00f4mage, pauvret\u00e9 et exclusion sociale \u2013 Un terreau pour la radicalisation"},"content":{"rendered":"\n<p>Elise Tama est directrice de l\u2019organisation partenaire de Br\u00fccke Le Pont, AFVA au nord du B\u00e9nin. Dans cette r\u00e9gion, des groupes extr\u00e9mistes recrutent de plus en plus, et des attaques surviennent r\u00e9guli\u00e8rement. Cela rend le travail de l\u2019AFVA et de Br\u00fccke Le Pont dans le cadre du projet \u00ab&nbsp;Karit\u00e9&nbsp;\u00bb particuli\u00e8rement exigeant mais aussi d\u2019autant plus important, notamment pour le renforcement de la coh\u00e9sion sociale. \u00c0 travers cet entretien, Elise Tama nous explique pourquoi.<\/p>\n\n\n\n<p><strong>Que se passe-t-il dans le nord du B\u00e9nin ?<\/strong><br>L\u2019origine de la violence se situe dans les zones frontali\u00e8res avec le Burkina Faso et le Niger, o\u00f9 des groupes arm\u00e9s d\u00e9stabilisent la r\u00e9gion. Plusieurs facteurs expliquent cette situation. D\u2019une part, la violence augmente dans toute la zone sah\u00e9lienne. D\u2019autre part, des tensions \u00e9clatent r\u00e9guli\u00e8rement entre agriculteurs et \u00e9leveurs autour de l\u2019acc\u00e8s aux ressources naturelles. Parall\u00e8lement, le ch\u00f4mage massif des jeunes et l\u2019absence de perspectives rendent cette population particuli\u00e8rement vuln\u00e9rable \u00e0 l\u2019influence des groupes arm\u00e9s. Ces derniers imposent \u00e9galement des taxes aux agriculteur\u00b7rices, s\u00e8ment la peur et attisent la m\u00e9fiance ainsi que les tensions. Ils en tirent profit en se pr\u00e9sentant en m\u00eame temps comme les protecteurs de la population. Ce contexte impose aussi des limites \u00e0 notre projet : l\u2019ins\u00e9curit\u00e9 croissante emp\u00eache l\u2019acc\u00e8s \u00e0 certaines zones rurales.<\/p>\n\n\n\n<p><strong>Quel est l\u2019impact de la m\u00e9fiance de la population sur l\u2019impl\u00e9mentation de votre projet ?<\/strong><br>Les communaut\u00e9s locales vivent sous la menace permanente de groupes extr\u00e9mistes. Elles craignent d\u2019\u00eatre per\u00e7ues comme complices de l\u2019\u00c9tat ou des ONG et de subir des repr\u00e9sailles. Elles h\u00e9sitent donc \u00e0 s\u2019exprimer librement ou \u00e0 participer aux projets, ce qui complique la collecte d\u2019informations fiables. Sans ces informations, il devient difficile de prendre les d\u00e9cisions les plus adapt\u00e9es pour le projet. Mais gr\u00e2ce \u00e0 notre fort ancrage dans la r\u00e9gion, notamment \u00e0 travers notre r\u00e9seau en politique locale et le soutien continu aux coop\u00e9ratives, nous parvenons tout de m\u00eame \u00e0 recueillir les donn\u00e9es n\u00e9cessaires.<\/p>\n\n\n\n<p><strong>Le nord est pauvre, m\u00eame selon les standards b\u00e9ninois. Quel impact cela a-t-il sur la s\u00e9curit\u00e9 ?<\/strong><br>Le ch\u00f4mage, la pauvret\u00e9 et l\u2019exclusion sociale constituent un terreau pour la radicalisation. C\u2019est pourquoi notre projet est si crucial dans ce contexte s\u00e9curitaire tendu. En misant sur la g\u00e9n\u00e9ration de revenus, la formation professionnelle, en particulier pour les jeunes, et l\u2019am\u00e9lioration des moyens de subsistance des m\u00e9nages vuln\u00e9rables, nous r\u00e9duisons consid\u00e9rablement la tentation de prendre les armes.<br>Le projet b\u00e9n\u00e9ficie directement \u00e0 5 000 personnes, dont 3 600 femmes. Par rapport \u00e0 2021, les participant\u00b7es ont plus que doubl\u00e9 leurs revenus. L\u2019ann\u00e9e derni\u00e8re, une coop\u00e9rative du projet a m\u00eame d\u00e9croch\u00e9 un important contrat : produire cinq tonnes de beurre de karit\u00e9 pour le programme d\u2019alimentation des cantines scolaires locales. Par ailleurs, notre projet renforce la coh\u00e9sion sociale en impliquant \u00e9galement des groupes stigmatis\u00e9s, favorisant ainsi les \u00e9changes. Je pense notamment aux Peul\u00b7es, un groupe nomade, mais aussi aux r\u00e9fugi\u00e9\u00b7es.<\/p>\n\n\n\n<p><strong>Quelles activit\u00e9s sont n\u00e9cessaires pour renforcer la coh\u00e9sion sociale ?<\/strong><br>Il sera essentiel de continuer \u00e0 int\u00e9grer la dimension sociale et participative dans le projet. Les habitant\u00b7es doivent contribuer activement \u00e0 la r\u00e9solution constructive des conflits. Cela implique aussi de donner un r\u00f4le cl\u00e9 aux leaders locaux dans le projet. Ainsi, avec le projet Karit\u00e9, nous ne voulons pas seulement am\u00e9liorer la situation socio-\u00e9conomique des habitant\u00b7es et en particulier celle des femmes, nous souhaitons contribuer \u00e0 l\u2019augmentation des revenus des familles. Nous apportons aussi une contribution importante \u00e0 la pr\u00e9vention de la radicalisation sur place.<\/p>\n","protected":false},"excerpt":{"rendered":"<p>Elise Tama est directrice de l\u2019organisation partenaire de Br\u00fccke Le Pont, AFVA au nord du B\u00e9nin. Dans cette r\u00e9gion, des groupes extr\u00e9mistes recrutent de plus en plus, et des attaques surviennent r\u00e9guli\u00e8rement. Cela rend le travail de l\u2019AFVA et de Br\u00fccke Le Pont dans le cadre du projet \u00ab&nbsp;Karit\u00e9&nbsp;\u00bb particuli\u00e8rement exigeant mais aussi d\u2019autant plus <a href=\"https:\/\/koff.swisspeace.ch\/apropos\/5978\/chomage-pauvrete-et-exclusion-sociale-un-terreau-pour-la-radicalisation\/\" class=\"more-link\">&#8230;<span class=\"screen-reader-text\">  Ch\u00f4mage, pauvret\u00e9 et exclusion sociale \u2013 Un terreau pour la radicalisation<\/span><\/a><\/p>\n","protected":false},"author":3,"featured_media":5971,"comment_status":"closed","ping_status":"closed","sticky":false,"template":"","format":"standard","meta":{"advgb_blocks_editor_width":"","advgb_blocks_columns_visual_guide":""},"categories":[113],"tags":[],"issue":[398],"acf":[],"author_meta":{"display_name":"\u00e0 propos","author_link":"https:\/\/koff.swisspeace.ch\/apropos\/author\/apropos\/"},"featured_img":"https:\/\/koff.swisspeace.ch\/apropos\/wp-content\/uploads\/2025\/09\/Brucke190-600x332.jpg","coauthors":[],"tax_additional":{"categories":{"linked":["<a href=\"https:\/\/koff.swisspeace.ch\/apropos\/category\/reports-fr\/\" class=\"advgb-post-tax-term\">Dossier<\/a>"],"unlinked":["<span class=\"advgb-post-tax-term\">Dossier<\/span>"]}},"comment_count":0,"relative_dates":{"created":"Posted 11 months ago","modified":"Updated 11 months ago"},"absolute_dates":{"created":"Posted on October 2, 2025","modified":"Updated on October 3, 2025"},"absolute_dates_time":{"created":"Posted on October 2, 2025 3:54 pm","modified":"Updated on October 3, 2025 7:45 am"},"featured_img_caption":"","series_order":null,"_links":{"self":[{"href":"https:\/\/koff.swisspeace.ch\/apropos\/wp-json\/wp\/v2\/posts\/5978"}],"collection":[{"href":"https:\/\/koff.swisspeace.ch\/apropos\/wp-json\/wp\/v2\/posts"}],"about":[{"href":"https:\/\/koff.swisspeace.ch\/apropos\/wp-json\/wp\/v2\/types\/post"}],"author":[{"embeddable":true,"href":"https:\/\/koff.swisspeace.ch\/apropos\/wp-json\/wp\/v2\/users\/3"}],"replies":[{"embeddable":true,"href":"https:\/\/koff.swisspeace.ch\/apropos\/wp-json\/wp\/v2\/comments?post=5978"}],"version-history":[{"count":16,"href":"https:\/\/koff.swisspeace.ch\/apropos\/wp-json\/wp\/v2\/posts\/5978\/revisions"}],"predecessor-version":[{"id":6455,"href":"https:\/\/koff.swisspeace.ch\/apropos\/wp-json\/wp\/v2\/posts\/5978\/revisions\/6455"}],"wp:featuredmedia":[{"embeddable":true,"href":"https:\/\/koff.swisspeace.ch\/apropos\/wp-json\/wp\/v2\/media\/5971"}],"wp:attachment":[{"href":"https:\/\/koff.swisspeace.ch\/apropos\/wp-json\/wp\/v2\/media?parent=5978"}],"wp:term":[{"taxonomy":"category","embeddable":true,"href":"https:\/\/koff.swisspeace.ch\/apropos\/wp-json\/wp\/v2\/categories?post=5978"},{"taxonomy":"post_tag","embeddable":true,"href":"https:\/\/koff.swisspeace.ch\/apropos\/wp-json\/wp\/v2\/tags?post=5978"},{"taxonomy":"issue","embeddable":true,"href":"https:\/\/koff.swisspeace.ch\/apropos\/wp-json\/wp\/v2\/issue?post=5978"}],"curies":[{"name":"wp","href":"https:\/\/api.w.org\/{rel}","templated":true}]}}