{"id":5995,"date":"2025-10-02T15:54:50","date_gmt":"2025-10-02T15:54:50","guid":{"rendered":"https:\/\/koff.swisspeace.ch\/apropos\/?p=5995"},"modified":"2025-10-02T15:54:50","modified_gmt":"2025-10-02T15:54:50","slug":"burkina-faso-foerderung-des-sozialen-zusammenhalts-angesichts-von-bevoelkerungsbewegungen","status":"publish","type":"post","link":"https:\/\/koff.swisspeace.ch\/apropos\/5995\/burkina-faso-foerderung-des-sozialen-zusammenhalts-angesichts-von-bevoelkerungsbewegungen\/","title":{"rendered":"Burkina Faso \u2013 F\u00f6rderung des sozialen Zusammenhalts angesichts von Bev\u00f6lkerungsbewegungen"},"content":{"rendered":"\n<p>Die Bev\u00f6lkerungsbewegungen im Zusammenhang mit der Sicherheitskrise in Burkina Faso k\u00f6nnen zu Spannungen zwischen der Aufnahmebev\u00f6lkerung und Binnenvertriebenen f\u00fchren. Die Partnerorganisationen von Fastenaktion wie ADIF, UGPAKS oder ASAMA versuchen, dieser Herausforderung mit verschiedenen Initiativen zur F\u00f6rderung des Friedens und des sozialen Zusammenhalts zu begegnen.<\/p>\n\n\n\n<p><strong>Grundst\u00fccksdruck und F\u00f6rderung einer gemeinschaftlichen Solidarit\u00e4t<\/strong><br>Spannungen entstehen oft durch Druck im Zusammenhang mit dem Zugang zu nat\u00fcrlichen Ressourcen wie Land oder Wasser. Um dem zu begegnen, setzen die genannten Organisationen verschiedene Initiativen um, wie zum Beispiel gemeinschaftliche Felder oder Getreidespeicher, die auf gemeinsamer Arbeit basieren und dazu beitragen, die sozialen Bindungen innerhalb der Gruppen zu st\u00e4rken. Sie erm\u00f6glichen den Dialog innerhalb und zwischen den verschiedenen Gemeinschaften und f\u00f6rdern das Bewusstsein f\u00fcr gemeinschaftliche Arbeit zum Wohle aller.<\/p>\n\n\n\n<p>Zudem ist die Ber\u00fccksichtigung partizipativer und endogener Mechanismen bei der Bew\u00e4ltigung von Konflikten innerhalb von Gemeinschaften wesentlich, das heisst Praktiken und L\u00f6sungen, die aus den Gemeinschaften selbst hervorgehen und in ihrer Tradition verwurzelt sind. So spielen beispielsweise Dorfr\u00e4te, Gespr\u00e4chskreise, Forumtheater oder traditionelle Mediation eine grundlegende Rolle. Angepasst an die lokalen Realit\u00e4ten erm\u00f6glichen diese gemeinschaftlichen Mechanismen einen informelleren und flexibleren Ansatz zur Konfliktl\u00f6sung. Weniger wirksam haben sich hingegen weniger inklusive Formate erwiesen, wie etwa Konferenzen mit externen Expert:innen.<\/p>\n\n\n\n<p>Bei der Umsetzung von Aktivit\u00e4ten sahen sich die Partnerorganisationen von Fastenaktion dennoch mit einem gewissen Widerstand konfrontiert (bedingt durch den Kontext, gesellschaftliche Vorstellungen oder kollektive Verletzungen). Diese \u00e4ussern sich in Form von Angst oder Misstrauen, durch Vorbehalte seitens traditioneller oder gewohnheitsm\u00e4ssiger F\u00fchrungspersonen sowie durch soziokulturelle Widerst\u00e4nde gegen\u00fcber der Durchmischung. Solche Widerst\u00e4nde sind in einem Kontext langanhaltender Krisen zwar nat\u00fcrlich, k\u00f6nnen aber durch Zuh\u00f6ren, gemeinsame Gestaltung und die Einbindung lokaler Pers\u00f6nlichkeiten in Hebel f\u00fcr sozialen Wandel verwandelt werden.<\/p>\n\n\n\n<p><strong>Evaluation und Wirkung von Aktivit\u00e4ten zum sozialen Zusammenhalt<\/strong><br>Die Bewertung der Wirkung solcher Aktivit\u00e4ten f\u00fcr den sozialen Zusammenhalt erfordert einen qualitativen, geduldigen und kontextbezogenen Ansatz, da die Ver\u00e4nderungen oft schrittweise, beziehungsorientiert und kurzfristig nicht sichtbar sind. Im Rahmen unserer Projekte sind jedoch bereits einige Wirkungen erkennbar, wie etwa die allm\u00e4hliche Integration vertriebener Frauen in lokale Vereinigungen zur F\u00f6rderung des Zugangs zu Land sowie eine Verringerung der Spannungen zwischen Jugendlichen unterschiedlicher Herkunft bei Fussballspielen oder kulturellen Tagen.<\/p>\n\n\n\n<p>Um die Akzeptanz und Wirkung dieser Art von Aktivit\u00e4ten zum sozialen Zusammenhalten st\u00e4rken, ist es daher entscheidend, lokale Akteure bereits in der Konzeptionsphase einzubeziehen, sichere R\u00e4ume f\u00fcr Meinungs\u00e4sserung und Austausch zu schaffen und endogene Mechanismen zu f\u00f6rdern. Die Erfahrung von Fastenaktion zeigt, dass eine \u00fcberm\u00e4ssige Institutionalisierung dieser Aktivit\u00e4ten vermieden werden sollte, um ihre Flexibilit\u00e4t und ihre Verankerung in der Gemeinschaft zu bewahren.<\/p>\n","protected":false},"excerpt":{"rendered":"<p>Die Bev\u00f6lkerungsbewegungen im Zusammenhang mit der Sicherheitskrise in Burkina Faso k\u00f6nnen zu Spannungen zwischen der Aufnahmebev\u00f6lkerung und Binnenvertriebenen f\u00fchren. Die Partnerorganisationen von Fastenaktion wie ADIF, UGPAKS oder ASAMA versuchen, dieser Herausforderung mit verschiedenen Initiativen zur F\u00f6rderung des Friedens und des sozialen Zusammenhalts zu begegnen. Grundst\u00fccksdruck und F\u00f6rderung einer gemeinschaftlichen Solidarit\u00e4tSpannungen entstehen oft durch Druck im <a href=\"https:\/\/koff.swisspeace.ch\/apropos\/5995\/burkina-faso-foerderung-des-sozialen-zusammenhalts-angesichts-von-bevoelkerungsbewegungen\/\" class=\"more-link\">&#8230;<span class=\"screen-reader-text\">  Burkina Faso \u2013 F\u00f6rderung des sozialen Zusammenhalts angesichts von Bev\u00f6lkerungsbewegungen<\/span><\/a><\/p>\n","protected":false},"author":3,"featured_media":5993,"comment_status":"closed","ping_status":"closed","sticky":false,"template":"","format":"standard","meta":{"advgb_blocks_editor_width":"","advgb_blocks_columns_visual_guide":""},"categories":[73],"tags":[],"issue":[396],"acf":[],"author_meta":{"display_name":"\u00e0 propos","author_link":"https:\/\/koff.swisspeace.ch\/apropos\/author\/apropos\/"},"featured_img":"https:\/\/koff.swisspeace.ch\/apropos\/wp-content\/uploads\/2025\/09\/WBFastenaktion190-600x332.jpg","coauthors":[],"tax_additional":{"categories":{"linked":["<a href=\"https:\/\/koff.swisspeace.ch\/apropos\/category\/reports-de\/\" class=\"advgb-post-tax-term\">Dossier<\/a>"],"unlinked":["<span class=\"advgb-post-tax-term\">Dossier<\/span>"]}},"comment_count":0,"relative_dates":{"created":"Posted 11 months ago","modified":"Updated 11 months ago"},"absolute_dates":{"created":"Posted on October 2, 2025","modified":"Updated on October 2, 2025"},"absolute_dates_time":{"created":"Posted on October 2, 2025 3:54 pm","modified":"Updated on October 2, 2025 3:54 pm"},"featured_img_caption":"","series_order":null,"_links":{"self":[{"href":"https:\/\/koff.swisspeace.ch\/apropos\/wp-json\/wp\/v2\/posts\/5995"}],"collection":[{"href":"https:\/\/koff.swisspeace.ch\/apropos\/wp-json\/wp\/v2\/posts"}],"about":[{"href":"https:\/\/koff.swisspeace.ch\/apropos\/wp-json\/wp\/v2\/types\/post"}],"author":[{"embeddable":true,"href":"https:\/\/koff.swisspeace.ch\/apropos\/wp-json\/wp\/v2\/users\/3"}],"replies":[{"embeddable":true,"href":"https:\/\/koff.swisspeace.ch\/apropos\/wp-json\/wp\/v2\/comments?post=5995"}],"version-history":[{"count":9,"href":"https:\/\/koff.swisspeace.ch\/apropos\/wp-json\/wp\/v2\/posts\/5995\/revisions"}],"predecessor-version":[{"id":6352,"href":"https:\/\/koff.swisspeace.ch\/apropos\/wp-json\/wp\/v2\/posts\/5995\/revisions\/6352"}],"wp:featuredmedia":[{"embeddable":true,"href":"https:\/\/koff.swisspeace.ch\/apropos\/wp-json\/wp\/v2\/media\/5993"}],"wp:attachment":[{"href":"https:\/\/koff.swisspeace.ch\/apropos\/wp-json\/wp\/v2\/media?parent=5995"}],"wp:term":[{"taxonomy":"category","embeddable":true,"href":"https:\/\/koff.swisspeace.ch\/apropos\/wp-json\/wp\/v2\/categories?post=5995"},{"taxonomy":"post_tag","embeddable":true,"href":"https:\/\/koff.swisspeace.ch\/apropos\/wp-json\/wp\/v2\/tags?post=5995"},{"taxonomy":"issue","embeddable":true,"href":"https:\/\/koff.swisspeace.ch\/apropos\/wp-json\/wp\/v2\/issue?post=5995"}],"curies":[{"name":"wp","href":"https:\/\/api.w.org\/{rel}","templated":true}]}}