{"id":600,"date":"2023-02-23T15:26:32","date_gmt":"2023-02-23T15:26:32","guid":{"rendered":"https:\/\/koff.swisspeace.ch\/apropos\/?p=600"},"modified":"2023-02-24T09:53:54","modified_gmt":"2023-02-24T09:53:54","slug":"priver-la-machine-de-guerre-de-ses-ressources","status":"publish","type":"post","link":"https:\/\/koff.swisspeace.ch\/apropos\/600\/priver-la-machine-de-guerre-de-ses-ressources\/","title":{"rendered":"<strong>Priver la machine de guerre de ses ressources<\/strong>"},"content":{"rendered":"\n<p><\/p>\n\n\n\n<p><em>Chaque jour, nous sommes t\u00e9moins, \u00e0 travers les informations et les images, des souffrances indicibles caus\u00e9es par les guerres. Comment mettre un terme \u00e0 la guerre en Ukraine ? Cette question nous hante. Il est temps de nous int\u00e9resser au financement de cette guerre. \u00a0<\/em><\/p>\n\n\n\n<p>Depuis le d\u00e9but de l&#8217;offensive brutale et men\u00e9e en violation du droit international par l&#8217;arm\u00e9e russe contre l&#8217;Ukraine, nous assistons \u00e0 une multiplication des demandes d&#8217;armement et des discours autour de la s\u00e9curit\u00e9 militaire. Au cours du premier semestre 2022, la Suisse a export\u00e9 du mat\u00e9riel de guerre pour quelque 517 millions de CHF. Ce chiffre d\u00e9passe de loin celui de la premi\u00e8re moiti\u00e9 de l&#8217;ann\u00e9e 2020, consid\u00e9r\u00e9e jusqu&#8217;\u00e0 pr\u00e9sent comme l&#8217;ann\u00e9e record. De m\u00eame, le discours public sugg\u00e8re invariablement que la situation g\u00e9opolitique mondiale actuelle ne laisse aucune alternative et que seul l&#8217;armement ouvre la voie \u00e0 un avenir plus s\u00fbr et plus pacifique. Plut\u00f4t que de compter sur les armes pour promouvoir la s\u00e9curit\u00e9 ou m\u00eame la paix, notre organisation pacifiste f\u00e9ministe, engag\u00e9e depuis longtemps en faveur de la d\u00e9militarisation et de la paix dans une perspective f\u00e9ministe, se demande plut\u00f4t comment priver les \u00e9tats agresseurs &#8211; en l&#8217;occurrence la Russie de Poutine &#8211; des armes et des ressources n\u00e9cessaires pour mettre fin \u00e0 cette guerre le plus rapidement possible. Il ne s&#8217;agit pas d&#8217;une probl\u00e9matique nouvelle et nous ne sommes pas les seul<strong>\u00b7<\/strong>es \u00e0 la soulever. Pourtant, elle est plus urgente que jamais au vu de la profonde souffrance que provoque la guerre d&#8217;agression russe. Car ici, en Suisse, nous sommes loin d&#8217;avoir \u00e9puis\u00e9 tous les instruments de la politique de paix pour contribuer \u00e0 la fin de cette guerre.<\/p>\n\n\n\n<p><strong>La n\u00e9cessit\u00e9 d&#8217;une redistribution<\/strong><\/p>\n\n\n\n<p>Au-del\u00e0 de la n\u00e9cessit\u00e9 de stopper les \u00e9normes flux financiers vers les r\u00e9gimes belliqueux, bien d&#8217;autres raisons justifient une meilleure r\u00e9gulation du n\u00e9goce de mati\u00e8res premi\u00e8res en Suisse. La guerre contre l&#8217;Ukraine a fait flamber les prix de l\u2019\u00e9nergie dans le monde entier. Les multinationales, les banques suisses et les march\u00e9s de mati\u00e8res premi\u00e8res comme Zoug peuvent ainsi continuer d\u2019accro\u00eetre leurs b\u00e9n\u00e9fices. Si en Suisse l&#8217;inflation qui en r\u00e9sulte p\u00e8se particuli\u00e8rement sur les m\u00e9nages aux revenus les plus faibles, la situation est encore plus dramatique au niveau mondial. En raison de la pand\u00e9mie et des cons\u00e9quences de la guerre contre l&#8217;Ukraine, 95 millions de personnes suppl\u00e9mentaires ont d\u00e9gringol\u00e9 vers la pauvret\u00e9 absolue l&#8217;ann\u00e9e derni\u00e8re, selon la Banque mondiale. Dans son rapport \u00ab\u00a0Profiting from Pain\u00a0\u00bb publi\u00e9 \u00e0 l&#8217;occasion du Forum \u00e9conomique mondial de Davos, l&#8217;organisation humanitaire Oxfam estime m\u00eame que ce chiffre serait plus de deux fois sup\u00e9rieur. Oxfam appelle les gouvernements du monde entier \u00e0 taxer davantage les entreprises et les superprofits et \u00e0 utiliser ces recettes pour att\u00e9nuer les cons\u00e9quences de la crise, renforcer les syst\u00e8mes d&#8217;\u00e9ducation, de sant\u00e9 et de s\u00e9curit\u00e9 sociale et tendre vers l&#8217;\u00e9quit\u00e9 vaccinale \u00e0 l&#8217;\u00e9chelle mondiale. Il est grand temps de mener ce d\u00e9bat sur la redistribution des profits faramineux r\u00e9alis\u00e9s aux d\u00e9pens de personnes d\u00e9j\u00e0 fortement marginalis\u00e9es. Et c&#8217;est pr\u00e9cis\u00e9ment l&#8217;objectif et la volont\u00e9 d\u2019une politique de paix f\u00e9ministe : analyser \u00a0les structures de pouvoir et les liens entre la pauvret\u00e9, les conflits et les int\u00e9r\u00eats \u00e9conomiques et g\u00e9opolitiques, mettre en \u00e9vidence les injustices mondiales, la r\u00e9partition in\u00e9gale des ressources et leurs causes structurelles et, surtout, se demander \u00e9galement qui en est responsable.<\/p>\n","protected":false},"excerpt":{"rendered":"<p>Chaque jour, nous sommes t\u00e9moins, \u00e0 travers les informations et les images, des souffrances indicibles caus\u00e9es par les guerres. Comment mettre un terme \u00e0 la guerre en Ukraine ? Cette question nous hante. Il est temps de nous int\u00e9resser au financement de cette guerre. \u00a0 Depuis le d\u00e9but de l&#8217;offensive brutale et men\u00e9e en violation <a href=\"https:\/\/koff.swisspeace.ch\/apropos\/600\/priver-la-machine-de-guerre-de-ses-ressources\/\" class=\"more-link\">&#8230;<span class=\"screen-reader-text\">  &lt;strong&gt;Priver la machine de guerre de ses ressources&lt;\/strong&gt;<\/span><\/a><\/p>\n","protected":false},"author":3,"featured_media":879,"comment_status":"open","ping_status":"open","sticky":false,"template":"","format":"standard","meta":{"advgb_blocks_editor_width":"","advgb_blocks_columns_visual_guide":""},"categories":[113],"tags":[],"issue":[135],"acf":[],"author_meta":{"display_name":"\u00e0 propos","author_link":"https:\/\/koff.swisspeace.ch\/apropos\/author\/apropos\/"},"featured_img":"https:\/\/koff.swisspeace.ch\/apropos\/wp-content\/uploads\/2023\/02\/WBcfd179-600x332.png","coauthors":[],"tax_additional":{"categories":{"linked":["<a href=\"https:\/\/koff.swisspeace.ch\/apropos\/category\/reports-fr\/\" class=\"advgb-post-tax-term\">Dossier<\/a>"],"unlinked":["<span class=\"advgb-post-tax-term\">Dossier<\/span>"]}},"comment_count":0,"relative_dates":{"created":"Posted 4 years ago","modified":"Updated 4 years ago"},"absolute_dates":{"created":"Posted on February 23, 2023","modified":"Updated on February 24, 2023"},"absolute_dates_time":{"created":"Posted on February 23, 2023 3:26 pm","modified":"Updated on February 24, 2023 9:53 am"},"featured_img_caption":"","series_order":null,"_links":{"self":[{"href":"https:\/\/koff.swisspeace.ch\/apropos\/wp-json\/wp\/v2\/posts\/600"}],"collection":[{"href":"https:\/\/koff.swisspeace.ch\/apropos\/wp-json\/wp\/v2\/posts"}],"about":[{"href":"https:\/\/koff.swisspeace.ch\/apropos\/wp-json\/wp\/v2\/types\/post"}],"author":[{"embeddable":true,"href":"https:\/\/koff.swisspeace.ch\/apropos\/wp-json\/wp\/v2\/users\/3"}],"replies":[{"embeddable":true,"href":"https:\/\/koff.swisspeace.ch\/apropos\/wp-json\/wp\/v2\/comments?post=600"}],"version-history":[{"count":4,"href":"https:\/\/koff.swisspeace.ch\/apropos\/wp-json\/wp\/v2\/posts\/600\/revisions"}],"predecessor-version":[{"id":1045,"href":"https:\/\/koff.swisspeace.ch\/apropos\/wp-json\/wp\/v2\/posts\/600\/revisions\/1045"}],"wp:featuredmedia":[{"embeddable":true,"href":"https:\/\/koff.swisspeace.ch\/apropos\/wp-json\/wp\/v2\/media\/879"}],"wp:attachment":[{"href":"https:\/\/koff.swisspeace.ch\/apropos\/wp-json\/wp\/v2\/media?parent=600"}],"wp:term":[{"taxonomy":"category","embeddable":true,"href":"https:\/\/koff.swisspeace.ch\/apropos\/wp-json\/wp\/v2\/categories?post=600"},{"taxonomy":"post_tag","embeddable":true,"href":"https:\/\/koff.swisspeace.ch\/apropos\/wp-json\/wp\/v2\/tags?post=600"},{"taxonomy":"issue","embeddable":true,"href":"https:\/\/koff.swisspeace.ch\/apropos\/wp-json\/wp\/v2\/issue?post=600"}],"curies":[{"name":"wp","href":"https:\/\/api.w.org\/{rel}","templated":true}]}}